{"id":3794,"date":"2025-09-17T18:23:36","date_gmt":"2025-09-17T15:23:36","guid":{"rendered":"https:\/\/www.trabzonmanset.com\/?p=3794"},"modified":"2025-09-17T18:24:24","modified_gmt":"2025-09-17T15:24:24","slug":"trabzonsporda-savic-sezona-iyi-basladi","status":"publish","type":"post","link":"https:\/\/www.trabzonmanset.com\/index.php\/2025\/09\/17\/trabzonsporda-savic-sezona-iyi-basladi\/","title":{"rendered":"Trabzonspor&#8217;da Savic, sezona iyi ba\u015flad\u0131"},"content":{"rendered":"\n<p>Bordo-mavililer, ge\u00e7en sezon ba\u015f\u0131nda \u0130spanya&#8217;n\u0131n Atletico Madrid ekibinden ayr\u0131larak serbest stat\u00fcye d\u00fc\u015fen Karada\u011fl\u0131 futbolcu ile y\u0131ll\u0131k 2,5 milyon avro garanti \u00fccret, 500 bin avro da imza paras\u0131 olmak \u00fczere 3 milyon avroya 3 senelik s\u00f6zle\u015fme imzalad\u0131.<\/p>\n\n\n\n<p>Karada\u011fl\u0131 futbolcu, ya\u015fad\u0131\u011f\u0131 sakatl\u0131klar nedeniyle S\u00fcper Lig&#8217;de ge\u00e7en sezon 13 kar\u015f\u0131la\u015fmada g\u00f6rev al\u0131rken 841 dakika sahada kald\u0131.<\/p>\n\n\n\n<p>Tecr\u00fcbeli futbolcu, ge\u00e7en sezon lig, Ziraat T\u00fcrkiye Kupas\u0131 ve Avrupa&#8217;da toplam 20 kar\u015f\u0131la\u015fmada forma giydi, 1423 dakika g\u00f6rev yapt\u0131.<\/p>\n\n\n\n<h3 class=\"wp-block-heading\">Bu sezon t\u00fcm ma\u00e7lar\u0131n tamam\u0131nda sahada kald\u0131<\/h3>\n\n\n\n<p>Ge\u00e7en sezon lig 4 ayr\u0131 sakatl\u0131k ya\u015fayan ve uzun s\u00fcre sahalardan uzak kalan Savic, bu sezon ise savunman\u0131n de\u011fi\u015fmez ismi oldu.<\/p>\n\n\n\n<p>Erzurum kamp\u0131na kat\u0131larak sezon \u00f6ncesi haz\u0131rl\u0131klar\u0131n\u0131 iyi de\u011ferlendiren Karada\u011fl\u0131 stoper, 5 ma\u00e7\u0131n tamam\u0131nda 90 dakika sahada kalarak 450 dakika g\u00f6rev yapt\u0131.<\/p>\n\n\n\n<h3 class=\"wp-block-heading\">\u0130lk gol\u00fcn\u00fc att\u0131<\/h3>\n\n\n\n<p>Ge\u00e7en sezonu gols\u00fcz tamamlayan Savic, bu sezon ise ilk 5 haftada 1 gol atarak tak\u0131m\u0131na gol katk\u0131s\u0131 da yapt\u0131.<\/p>\n\n\n\n<p>Karada\u011fl\u0131 futbolcu, Trabzonspor&#8217;un ligin 3. haftas\u0131nda Hesap.com Antalyaspor&#8217;u sahas\u0131nda 1-0 yendi\u011fi kar\u015f\u0131la\u015fmada tak\u0131m\u0131n\u0131n galibiyet gol\u00fcn\u00fc atarak 3 puan\u0131 getiren isim oldu<\/p>\n\n\n\n<h3 class=\"wp-block-heading\">Kaptanl\u0131\u011fa getirildi<\/h3>\n\n\n\n<p>Karada\u011fl\u0131 oyuncu, kaleci U\u011furcan \u00c7ak\u0131r&#8217;\u0131n Galatasaray&#8217;a transfer olmas\u0131yla kaptanl\u0131k g\u00f6revine de getirilen oyuncular aras\u0131nda yer ald\u0131.<\/p>\n\n\n\n<p>Savic, ge\u00e7en hafta Fenerbah\u00e7e ile oynanan kar\u015f\u0131la\u015fmada bordo-mavili tak\u0131m\u0131n kaptan\u0131 olarak ilk kez sahaya \u00e7\u0131kt\u0131.<\/p>\n","protected":false},"excerpt":{"rendered":"<p>Trabzonspor&#8217;un ge\u00e7en sezon sakatl\u0131klar nedeniyle fazla yararlanamad\u0131\u011f\u0131 Karada\u011fl\u0131 stoper Stefan Savic, bu sezona iyi ba\u015flad\u0131.<\/p>\n","protected":false},"author":1,"featured_media":3795,"comment_status":"open","ping_status":"open","sticky":false,"template":"","format":"standard","meta":{"footnotes":""},"categories":[11,14],"tags":[604,448,605],"class_list":["post-3794","post","type-post","status-publish","format-standard","has-post-thumbnail","hentry","category-manset","category-spor","tag-savic","tag-trabzonspor","tag-ziraat-turkiye-kupasi"],"_links":{"self":[{"href":"https:\/\/www.trabzonmanset.com\/index.php\/wp-json\/wp\/v2\/posts\/3794","targetHints":{"allow":["GET"]}}],"collection":[{"href":"https:\/\/www.trabzonmanset.com\/index.php\/wp-json\/wp\/v2\/posts"}],"about":[{"href":"https:\/\/www.trabzonmanset.com\/index.php\/wp-json\/wp\/v2\/types\/post"}],"author":[{"embeddable":true,"href":"https:\/\/www.trabzonmanset.com\/index.php\/wp-json\/wp\/v2\/users\/1"}],"replies":[{"embeddable":true,"href":"https:\/\/www.trabzonmanset.com\/index.php\/wp-json\/wp\/v2\/comments?post=3794"}],"version-history":[{"count":1,"href":"https:\/\/www.trabzonmanset.com\/index.php\/wp-json\/wp\/v2\/posts\/3794\/revisions"}],"predecessor-version":[{"id":3796,"href":"https:\/\/www.trabzonmanset.com\/index.php\/wp-json\/wp\/v2\/posts\/3794\/revisions\/3796"}],"wp:featuredmedia":[{"embeddable":true,"href":"https:\/\/www.trabzonmanset.com\/index.php\/wp-json\/wp\/v2\/media\/3795"}],"wp:attachment":[{"href":"https:\/\/www.trabzonmanset.com\/index.php\/wp-json\/wp\/v2\/media?parent=3794"}],"wp:term":[{"taxonomy":"category","embeddable":true,"href":"https:\/\/www.trabzonmanset.com\/index.php\/wp-json\/wp\/v2\/categories?post=3794"},{"taxonomy":"post_tag","embeddable":true,"href":"https:\/\/www.trabzonmanset.com\/index.php\/wp-json\/wp\/v2\/tags?post=3794"}],"curies":[{"name":"wp","href":"https:\/\/api.w.org\/{rel}","templated":true}]}}