{"id":3790,"date":"2025-09-16T14:20:27","date_gmt":"2025-09-16T11:20:27","guid":{"rendered":"https:\/\/www.trabzonmanset.com\/?p=3790"},"modified":"2025-09-17T00:20:46","modified_gmt":"2025-09-16T21:20:46","slug":"ortahisar-belediye-baskani-kaya-ertugrul-firkateyni-sehitler-anitinin-acilisina-katildi","status":"publish","type":"post","link":"https:\/\/www.trabzonmanset.com\/index.php\/2025\/09\/16\/ortahisar-belediye-baskani-kaya-ertugrul-firkateyni-sehitler-anitinin-acilisina-katildi\/","title":{"rendered":"Ortahisar Belediye Ba\u015fkan\u0131 Kaya, Ertu\u011frul F\u0131rkateyni \u015eehitler An\u0131t\u0131\u2019n\u0131n a\u00e7\u0131l\u0131\u015f\u0131na kat\u0131ld\u0131"},"content":{"rendered":"\n<p>Ortahisar il\u00e7esi Ayasofya kav\u015fa\u011f\u0131 yan\u0131ndaki T\u00fcrkiye Harp Malul\u00fc Gaziler, \u015eehit Dul ve Yetimleri Derne\u011fi Trabzon \u015eubesi\u2019nin yan\u0131nda yapt\u0131r\u0131lan an\u0131t\u0131n a\u00e7\u0131l\u0131\u015f t\u00f6reninde konu\u015fan Kaya, Ertu\u011frul F\u0131rkateyni facias\u0131n\u0131n tarihteki en hazin sayfalar\u0131ndan biri oldu\u011funu s\u00f6yledi.<\/p>\n\n\n\n<p>Faciada \u015fehit olan askerlerin 71\u2019inin Trabzonlu oldu\u011funu hat\u0131rlatan Kaya, \u015f\u00f6yle konu\u015ftu:<\/p>\n\n\n\n<p>\u201cOsmanl\u0131 Devleti\u2019nin dostluk ve bar\u0131\u015f ni\u015fanesi olarak Japonya\u2019ya g\u00f6nderdi\u011fi Ertu\u011frul F\u0131rkateyni\u2019miz, bundan tam 135 y\u0131l \u00f6nce bug\u00fcn, d\u00f6n\u00fc\u015f yolunda yakaland\u0131\u011f\u0131 tayfun sonucu Ku\u015fimoto kenti yak\u0131nlar\u0131nda batm\u0131\u015f ve 500\u2019\u00fc a\u015fk\u0131n kahraman denizcimiz orada \u015fahadete ermi\u015ftir. \u0130\u015fte o yi\u011fitlerimizin 71\u2019i Trabzon\u2019umuzun evlad\u0131d\u0131r, bu topraklar\u0131n yi\u011fitleridir. Onlar geri d\u00f6nmemeyi, annelerini, babalar\u0131n\u0131, \u00e7ocuklar\u0131n\u0131, e\u015flerini bir daha g\u00f6rememeyi g\u00f6ze alarak \u2018Vira Bismillah\u2019 deyip a\u00e7\u0131ld\u0131lar hi\u00e7 bilmedikleri denizlere&#8230; Yegane dertleri, milletimizi ad\u0131na yak\u0131\u015f\u0131r \u015fekilde temsil etmek ve bayra\u011f\u0131m\u0131z\u0131 onurla dalgaland\u0131rmakt\u0131 uzak \u00fclkelerde&#8230; Ve bunu da ba\u015fard\u0131lar. Ertu\u011frul F\u0131rkateyni&#8217;miz ve onun kahraman m\u00fcrettebat\u0131n\u0131n sonsuzlu\u011fa yolculu\u011fu, sadece T\u00fcrk milletinin de\u011fil rotas\u0131 \u00fczerinde ge\u00e7ti\u011fi t\u00fcm \u00fclke halklar\u0131n\u0131n belleklerinde derin izler b\u0131rakm\u0131\u015f ve T\u00fcrk-Japon dostlu\u011funun simgesi haline gelmi\u015ftir.<\/p>\n\n\n\n<p>Bu an\u0131t sadece ge\u00e7mi\u015fimizi hat\u0131rlatmayacak, ayn\u0131 zamanda gelece\u011fimiz i\u00e7in de bir pusula olacakt\u0131r. Bug\u00fcn burada a\u00e7\u0131l\u0131\u015f\u0131n\u0131 ger\u00e7ekle\u015ftirdi\u011fimiz an\u0131t, vatan sevgisinin, fedakarl\u0131\u011f\u0131n, unutulmaz bir destan\u0131n sembol\u00fc ve \u015fehitlerimizin aziz hat\u0131ralar\u0131na bir vefa borcudur. Trabzon\u2019un vatan topraklar\u0131ndan binlerce kilometre uzaklarda yatan kahraman \u015fehitlerine g\u00f6nderdi\u011fi bir selam\u0131d\u0131r. Bu an\u0131t sadece ge\u00e7mi\u015fimizi hat\u0131rlatmayacak, ayn\u0131 zamanda gelece\u011fimiz i\u00e7in bir pusula olacakt\u0131r. Bizlere vatan sevgisinin, g\u00f6rev bilincinin ve fedakarl\u0131\u011f\u0131n ne denli y\u00fcce de\u011ferler oldu\u011funu daima hat\u0131rlatacakt\u0131r. Bu anlaml\u0131 eserin Trabzon\u2019umuza kazand\u0131r\u0131lmas\u0131nda eme\u011fi ge\u00e7en ba\u015fta B\u00fcy\u00fck\u015fehir Belediye Ba\u015fkan\u0131&#8217;m\u0131z ve \u00e7al\u0131\u015fma arkada\u015flar\u0131 olmak \u00fczere, herkese \u00e7ok te\u015fekk\u00fcr ediyorum. Ertu\u011frul F\u0131rkateyni \u015fehitlerimizi ve bu topraklar\u0131 canlar\u0131 pahas\u0131na bizlere vatan yapan aziz \u015fehitlerimizi, kahraman gazilerimizi rahmet, minnet ve sayg\u0131yla an\u0131yorum.\u201d<\/p>\n\n\n\n<p>Konu\u015fmalar\u0131n ard\u0131ndan Trabzon B\u00fcy\u00fck\u015fehir Belediyesi taraf\u0131ndan yapt\u0131r\u0131lan Ertu\u011frul F\u0131rkateyni \u015eehitler An\u0131t\u0131\u2019n\u0131n a\u00e7\u0131l\u0131\u015f\u0131 ger\u00e7ekle\u015ftirildi.<\/p>\n","protected":false},"excerpt":{"rendered":"<p>Ortahisar Belediye Ba\u015fkan\u0131 Ahmet Kaya, 135 y\u0131l \u00f6nce Japonya a\u00e7\u0131klar\u0131nda batan Ertu\u011frul F\u0131rkateyni\u2019nde \u015fehit olan 71 Trabzonlu asker an\u0131s\u0131na yapt\u0131r\u0131lan \u015eehitler An\u0131t\u0131\u2019n\u0131n a\u00e7\u0131l\u0131\u015f\u0131na kat\u0131ld\u0131. Kaya, \u201cBu an\u0131t bizlere, vatan sevgisinin, g\u00f6rev bilincinin ve fedakarl\u0131\u011f\u0131n ne denli y\u00fcce de\u011ferler oldu\u011funu daima hat\u0131rlatacakt\u0131r\u201d dedi.<\/p>\n","protected":false},"author":1,"featured_media":3791,"comment_status":"open","ping_status":"open","sticky":false,"template":"","format":"standard","meta":{"footnotes":""},"categories":[11],"tags":[601,600,602,603],"class_list":["post-3790","post","type-post","status-publish","format-standard","has-post-thumbnail","hentry","category-manset","tag-ahmet-kaya","tag-ertugrul-firkateyni","tag-ertugrul-firkateyni-sehitler-aniti","tag-osmanli-devleti"],"_links":{"self":[{"href":"https:\/\/www.trabzonmanset.com\/index.php\/wp-json\/wp\/v2\/posts\/3790","targetHints":{"allow":["GET"]}}],"collection":[{"href":"https:\/\/www.trabzonmanset.com\/index.php\/wp-json\/wp\/v2\/posts"}],"about":[{"href":"https:\/\/www.trabzonmanset.com\/index.php\/wp-json\/wp\/v2\/types\/post"}],"author":[{"embeddable":true,"href":"https:\/\/www.trabzonmanset.com\/index.php\/wp-json\/wp\/v2\/users\/1"}],"replies":[{"embeddable":true,"href":"https:\/\/www.trabzonmanset.com\/index.php\/wp-json\/wp\/v2\/comments?post=3790"}],"version-history":[{"count":1,"href":"https:\/\/www.trabzonmanset.com\/index.php\/wp-json\/wp\/v2\/posts\/3790\/revisions"}],"predecessor-version":[{"id":3792,"href":"https:\/\/www.trabzonmanset.com\/index.php\/wp-json\/wp\/v2\/posts\/3790\/revisions\/3792"}],"wp:featuredmedia":[{"embeddable":true,"href":"https:\/\/www.trabzonmanset.com\/index.php\/wp-json\/wp\/v2\/media\/3791"}],"wp:attachment":[{"href":"https:\/\/www.trabzonmanset.com\/index.php\/wp-json\/wp\/v2\/media?parent=3790"}],"wp:term":[{"taxonomy":"category","embeddable":true,"href":"https:\/\/www.trabzonmanset.com\/index.php\/wp-json\/wp\/v2\/categories?post=3790"},{"taxonomy":"post_tag","embeddable":true,"href":"https:\/\/www.trabzonmanset.com\/index.php\/wp-json\/wp\/v2\/tags?post=3790"}],"curies":[{"name":"wp","href":"https:\/\/api.w.org\/{rel}","templated":true}]}}