{"id":163,"date":"2025-09-17T15:12:00","date_gmt":"2025-09-17T12:12:00","guid":{"rendered":"http:\/\/demo.safirtema.com\/anka\/?p=163"},"modified":"2025-09-21T14:40:57","modified_gmt":"2025-09-21T11:40:57","slug":"metaya-reklam-tepkisi-kiz-cocuklarini-kullaniyor","status":"publish","type":"post","link":"https:\/\/www.trabzonmanset.com\/index.php\/2025\/09\/17\/metaya-reklam-tepkisi-kiz-cocuklarini-kullaniyor\/","title":{"rendered":"Meta&#8217;ya reklam tepkisi: &#8220;K\u0131z \u00e7ocuklar\u0131n\u0131 kullan\u0131yor&#8221;"},"content":{"rendered":"\n<p>\u0130ngiltere\u2019de ya\u015fayan 37 ya\u015f\u0131ndaki bir Instagram kullan\u0131c\u0131s\u0131, platformda kendisine Threads\u2019i tan\u0131tmak amac\u0131yla 13 ya\u015f\u0131ndaki k\u0131zlar\u0131n okul d\u00f6n\u00fc\u015f foto\u011fraflar\u0131n\u0131n \u00f6nerildi\u011fini fark etti.<\/p>\n\n\n\n<p>Foto\u011fraflar\u0131n \u00e7o\u011funda k\u0131z \u00f6\u011frencilerin y\u00fczleri ve isimleri a\u00e7\u0131k\u00e7a g\u00f6r\u00fcl\u00fcyordu. G\u00f6rsellerin, ebeveynlerin Instagram\u2019da payla\u015ft\u0131\u011f\u0131 g\u00f6nderilerden otomatik olarak al\u0131nd\u0131\u011f\u0131 belirtildi.<\/p>\n\n\n\n<p>Bir baba, k\u0131z\u0131n\u0131n foto\u011fraf\u0131n\u0131n \u201ck\u0131\u015fk\u0131rt\u0131c\u0131 ve cinselle\u015ftirilmi\u015f bir \u015fekilde\u201d kullan\u0131ld\u0131\u011f\u0131n\u0131 belirterek, \u201cB\u00f6ylesine b\u00fcy\u00fck bir \u015firketin \u00e7ocu\u011fumu \u00fcr\u00fcn tan\u0131t\u0131m\u0131 i\u00e7in s\u00f6m\u00fcrmesi tiksindirici\u201d dedi.<\/p>\n\n\n\n<p>Bir anne ise \u201cInstagram\u2019da k\u0131z\u0131m\u0131n okul foto\u011fraf\u0131n\u0131 payla\u015ft\u0131m, bunun tan\u0131t\u0131m ama\u00e7l\u0131 kullan\u0131labilece\u011fini bilmiyordum. Bu ger\u00e7ekten i\u011fren\u00e7\u201d s\u00f6zleriyle tepkisini dile getirdi.<\/p>\n\n\n\n<p><strong>&#8220;KURAL \u0130HLAL\u0130 YOK&#8221; A\u00c7IKLAMASI<\/strong><\/p>\n\n\n\n<p>Meta\u2019dan yap\u0131lan a\u00e7\u0131klamada, foto\u011fraflar\u0131n \u201cherkese a\u00e7\u0131k g\u00f6nderilerden\u201d al\u0131nd\u0131\u011f\u0131 ve topluluk kurallar\u0131n\u0131 ihlal etmedi\u011fi savunuldu.<\/p>\n\n\n\n<p>\u015eirket, gen\u00e7lerin do\u011frudan payla\u015f\u0131mlar\u0131n\u0131n \u00f6nerilmedi\u011fini, ancak yeti\u015fkin hesaplar\u0131ndan herkese a\u00e7\u0131k \u015fekilde payla\u015f\u0131lan i\u00e7eriklerin tan\u0131t\u0131mda kullan\u0131labilece\u011fini belirtti.<\/p>\n\n\n\n<p>\u00c7ocuk haklar\u0131 savunucusu Beeban Kidron ise Meta\u2019n\u0131n bu tutumunu \u201c\u00e7ocuklar\u0131 k\u00e2r i\u00e7in yem olarak kullanmak\u201d s\u00f6zleriyle sert \u015fekilde ele\u015ftirdi. Kidron, \u201cMeta her f\u0131rsatta g\u00fcvenlikten \u00e7ok k\u00e2r\u0131 \u00f6nceliyor. Bu kampanya, \u015firketin dikkatsizli\u011fini bir kez daha ortaya koydu\u201d dedi.<br>Tepkilerin ard\u0131ndan \u0130ngiltere\u2019nin medya d\u00fczenleyicisi Ofcom\u2019un, yeni \u00e7evrimi\u00e7i g\u00fcvenlik kurallar\u0131n\u0131n bu t\u00fcr durumlar\u0131 kapsay\u0131p kapsamad\u0131\u011f\u0131n\u0131 de\u011ferlendirmesi bekleniyor.<\/p>\n","protected":false},"excerpt":{"rendered":"<p>Meta\u2019n\u0131n Threads reklamlar\u0131nda 13-15 ya\u015flar\u0131ndaki k\u0131z \u00f6\u011frencilerin okul \u00fcniformal\u0131 foto\u011fraflar\u0131n\u0131 kullanmas\u0131, ailelerin tepkisine yol a\u00e7t\u0131.<\/p>\n","protected":false},"author":910,"featured_media":4044,"comment_status":"closed","ping_status":"open","sticky":false,"template":"","format":"standard","meta":{"footnotes":""},"categories":[10],"tags":[122,123],"class_list":["post-163","post","type-post","status-publish","format-standard","has-post-thumbnail","hentry","category-kose-yazilari","tag-kose-yazisi","tag-ornek-etiket"],"_links":{"self":[{"href":"https:\/\/www.trabzonmanset.com\/index.php\/wp-json\/wp\/v2\/posts\/163","targetHints":{"allow":["GET"]}}],"collection":[{"href":"https:\/\/www.trabzonmanset.com\/index.php\/wp-json\/wp\/v2\/posts"}],"about":[{"href":"https:\/\/www.trabzonmanset.com\/index.php\/wp-json\/wp\/v2\/types\/post"}],"author":[{"embeddable":true,"href":"https:\/\/www.trabzonmanset.com\/index.php\/wp-json\/wp\/v2\/users\/910"}],"replies":[{"embeddable":true,"href":"https:\/\/www.trabzonmanset.com\/index.php\/wp-json\/wp\/v2\/comments?post=163"}],"version-history":[{"count":3,"href":"https:\/\/www.trabzonmanset.com\/index.php\/wp-json\/wp\/v2\/posts\/163\/revisions"}],"predecessor-version":[{"id":4045,"href":"https:\/\/www.trabzonmanset.com\/index.php\/wp-json\/wp\/v2\/posts\/163\/revisions\/4045"}],"wp:featuredmedia":[{"embeddable":true,"href":"https:\/\/www.trabzonmanset.com\/index.php\/wp-json\/wp\/v2\/media\/4044"}],"wp:attachment":[{"href":"https:\/\/www.trabzonmanset.com\/index.php\/wp-json\/wp\/v2\/media?parent=163"}],"wp:term":[{"taxonomy":"category","embeddable":true,"href":"https:\/\/www.trabzonmanset.com\/index.php\/wp-json\/wp\/v2\/categories?post=163"},{"taxonomy":"post_tag","embeddable":true,"href":"https:\/\/www.trabzonmanset.com\/index.php\/wp-json\/wp\/v2\/tags?post=163"}],"curies":[{"name":"wp","href":"https:\/\/api.w.org\/{rel}","templated":true}]}}