{"id":11849,"date":"2026-05-02T18:58:00","date_gmt":"2026-05-02T15:58:00","guid":{"rendered":"https:\/\/www.trabzonmanset.com\/?p=11849"},"modified":"2026-05-02T19:34:12","modified_gmt":"2026-05-02T16:34:12","slug":"cumhurbaskani-erdogandan-amedspora-tebrik-mesaji","status":"publish","type":"post","link":"https:\/\/www.trabzonmanset.com\/index.php\/2026\/05\/02\/cumhurbaskani-erdogandan-amedspora-tebrik-mesaji\/","title":{"rendered":"Cumhurba\u015fkan\u0131 Erdo\u011fan&#8217;dan Amedspor&#8217;a tebrik mesaj\u0131"},"content":{"rendered":"\n<p>Cumhurba\u015fkan\u0131 Recep Tayyip Erdo\u011fan, Amedspor&#8217;un S\u00fcper Lig\u2019e y\u00fckselmesi dolay\u0131s\u0131yla kul\u00fcb\u00fc ve Diyarbak\u0131r halk\u0131n\u0131 tebrik etti.<\/p>\n\n\n\n<p>Trendyol 1. Lig&#8217;in 38. ve son hafta ma\u00e7\u0131nda I\u011fd\u0131r FK ile Amedspor kar\u015f\u0131 kar\u015f\u0131ya geldi. I\u011fd\u0131r \u015eehir Stadyumu&#8217;nda oynanan m\u00fccadele 3-3 berabere bitti. Esenler Erokspor&#8217;a ikili averajda \u00fcst\u00fcnl\u00fck sa\u011flayan Amedspor, tarihinde ilk kez S\u00fcper Lig&#8217;e y\u00fckseldi.<\/p>\n\n\n\n<h3 class=\"wp-block-heading\">CUMHURBA\u015eKANI ERDO\u011eAN&#8217;DAN AMEDSPOR&#8217;A TEBR\u0130K<\/h3>\n\n\n\n<p>Cumhurba\u015fkan\u0131 Recep Tayyip Erdo\u011fan, S\u00fcper Lig\u2019e y\u00fckselen Amed Sportif Faaliyetler i\u00e7in tebrik mesaj\u0131 yay\u0131mlad\u0131.&nbsp;Erdo\u011fan mesaj\u0131nda, \u201c\u00d6n\u00fcm\u00fczdeki sezon Diyarbak\u0131r\u2019\u0131m\u0131z\u0131 Trendyol S\u00fcper Lig\u2019de temsil edecek olan Amedspor\u2019u, t\u00fcm camias\u0131n\u0131 ve Diyarbak\u0131rl\u0131 karde\u015flerimi y\u00fcrekten tebrik ediyor, ba\u015far\u0131lar diliyorum.\u201d ifadelerini kulland\u0131.<\/p>\n\n\n\n<figure class=\"wp-block-image\"><img decoding=\"async\" src=\"https:\/\/foto.haberler.com\/haber\/2026\/05\/02\/cumhurbaskani-erdogandan-ameds-5d550710b8-7833_1_m.jpg\" alt=\"\"\/><\/figure>\n\n\n\n<h3 class=\"wp-block-heading\">TFF&#8217;DEN DE TEBR\u0130K MESAJI<\/h3>\n\n\n\n<p>\u00d6te yandan&nbsp;T\u00fcrkiye Futbol Federasyonu (TFF) de Amedspor i\u00e7in tebrik mesaj\u0131 yay\u0131mlad\u0131.&nbsp;Federasyonun internet sitesinde yer alan mesajda, \u015fu ifadeler kullan\u0131ld\u0131:<\/p>\n\n\n\n<p>&#8220;Trendyol 1. Lig&#8217;de bug\u00fcn oynanan 38. hafta m\u00fcsabakalar\u0131n\u0131n ard\u0131ndan Amed Sportif Faaliyetler, ligi ikinci s\u0131rada tamamlayarak Trendyol S\u00fcper Lig&#8217;e y\u00fckselmi\u015ftir. Ba\u015far\u0131lar\u0131ndan dolay\u0131 Amed Sportif Faaliyetler Ba\u015fkan\u0131 Nahit Eren&#8217;i, y\u00f6netim kurulu \u00fcyelerini, teknik heyeti, futbolcular\u0131 ve Amed Sportif Faaliyetler camias\u0131n\u0131 tebrik eder; \u00f6n\u00fcm\u00fczdeki sezon m\u00fccadele edecekleri Trendyol S\u00fcper Lig&#8217;de ba\u015far\u0131lar dileriz.&#8221;<\/p>\n\n\n\n<p><\/p>\n","protected":false},"excerpt":{"rendered":"<p>Cumhurba\u015fkan\u0131 Recep Tayyip Erdo\u011fan, Amedspor&#8217;un S\u00fcper Lig\u2019e y\u00fckselmesi dolay\u0131s\u0131yla kul\u00fcb\u00fc ve Diyarbak\u0131r halk\u0131n\u0131 tebrik etti. Trendyol 1. Lig&#8217;in 38. ve son hafta ma\u00e7\u0131nda I\u011fd\u0131r FK ile Amedspor kar\u015f\u0131 kar\u015f\u0131ya geldi. I\u011fd\u0131r \u015eehir Stadyumu&#8217;nda oynanan m\u00fccadele 3-3 berabere bitti. Esenler Erokspor&#8217;a ikili averajda \u00fcst\u00fcnl\u00fck sa\u011flayan Amedspor, tarihinde ilk kez S\u00fcper Lig&#8217;e y\u00fckseldi. CUMHURBA\u015eKANI ERDO\u011eAN&#8217;DAN AMEDSPOR&#8217;A TEBR\u0130K [&hellip;]<\/p>\n","protected":false},"author":1,"featured_media":11850,"comment_status":"open","ping_status":"open","sticky":false,"template":"","format":"standard","meta":{"footnotes":""},"categories":[1,14],"tags":[2084,620,680],"class_list":["post-11849","post","type-post","status-publish","format-standard","has-post-thumbnail","hentry","category-gundem","category-spor","tag-amedspor","tag-recep-tayyip-erdogan","tag-super-lig"],"_links":{"self":[{"href":"https:\/\/www.trabzonmanset.com\/index.php\/wp-json\/wp\/v2\/posts\/11849","targetHints":{"allow":["GET"]}}],"collection":[{"href":"https:\/\/www.trabzonmanset.com\/index.php\/wp-json\/wp\/v2\/posts"}],"about":[{"href":"https:\/\/www.trabzonmanset.com\/index.php\/wp-json\/wp\/v2\/types\/post"}],"author":[{"embeddable":true,"href":"https:\/\/www.trabzonmanset.com\/index.php\/wp-json\/wp\/v2\/users\/1"}],"replies":[{"embeddable":true,"href":"https:\/\/www.trabzonmanset.com\/index.php\/wp-json\/wp\/v2\/comments?post=11849"}],"version-history":[{"count":1,"href":"https:\/\/www.trabzonmanset.com\/index.php\/wp-json\/wp\/v2\/posts\/11849\/revisions"}],"predecessor-version":[{"id":11851,"href":"https:\/\/www.trabzonmanset.com\/index.php\/wp-json\/wp\/v2\/posts\/11849\/revisions\/11851"}],"wp:featuredmedia":[{"embeddable":true,"href":"https:\/\/www.trabzonmanset.com\/index.php\/wp-json\/wp\/v2\/media\/11850"}],"wp:attachment":[{"href":"https:\/\/www.trabzonmanset.com\/index.php\/wp-json\/wp\/v2\/media?parent=11849"}],"wp:term":[{"taxonomy":"category","embeddable":true,"href":"https:\/\/www.trabzonmanset.com\/index.php\/wp-json\/wp\/v2\/categories?post=11849"},{"taxonomy":"post_tag","embeddable":true,"href":"https:\/\/www.trabzonmanset.com\/index.php\/wp-json\/wp\/v2\/tags?post=11849"}],"curies":[{"name":"wp","href":"https:\/\/api.w.org\/{rel}","templated":true}]}}