{"id":11841,"date":"2026-05-02T16:08:00","date_gmt":"2026-05-02T13:08:00","guid":{"rendered":"https:\/\/www.trabzonmanset.com\/?p=11841"},"modified":"2026-05-02T17:10:52","modified_gmt":"2026-05-02T14:10:52","slug":"turkiye-belediyeler-birliginde-olayli-secim-sonuclandi-iste-kazanan-isim","status":"publish","type":"post","link":"https:\/\/www.trabzonmanset.com\/index.php\/2026\/05\/02\/turkiye-belediyeler-birliginde-olayli-secim-sonuclandi-iste-kazanan-isim\/","title":{"rendered":"T\u00fcrkiye Belediyeler Birli\u011fi&#8217;nde olayl\u0131 se\u00e7im sonu\u00e7land\u0131! \u0130\u015fte kazanan isim"},"content":{"rendered":"\n<p>T\u00fcrkiye Belediyeler Birli\u011fi yeni y\u00f6netimi i\u00e7in yap\u0131lan se\u00e7im \u00f6ncesinde arbede ya\u015fand\u0131. Gerginli\u011fin ard\u0131ndan yap\u0131lan se\u00e7imde T\u00fcrkiye Belediyeler Birli\u011fi Ba\u015fkanl\u0131\u011f\u0131&#8217;na 446 oyla Mersin B\u00fcy\u00fck\u015fehir Belediye Ba\u015fkan\u0131 Vahap Se\u00e7er se\u00e7ildi.<\/p>\n\n\n\n<p>T\u00fcrkiye Belediyeler Birli\u011fi (TBB) Meclisi, Ba\u015fkan, Meclis Ba\u015fkanl\u0131k Divan\u0131, \u0130htisas Komisyonu \u00fcyeleri ile Enc\u00fcmen \u00fcyelerini belirlemek \u00fczere Ankara\u2019daki bir otelde topland\u0131. Toplant\u0131n\u0131n a\u00e7\u0131l\u0131\u015f\u0131n\u0131 TBB Ba\u015fkanvekili ve Mersin B\u00fcy\u00fck\u015fehir Belediye Ba\u015fkan\u0131 Vahap Se\u00e7er yapt\u0131. Divan\u2019da s\u00f6z alan Denizli B\u00fcy\u00fck\u015fehir Belediye Ba\u015fkan\u0131 B\u00fclent Nuri \u00c7avu\u015fo\u011flu\u2019nun, tutuklu bulunan Ekrem \u0130mamo\u011flu\u2019nun mektubunu okumak istemesi salonda tart\u0131\u015fmalara yol a\u00e7t\u0131.<\/p>\n\n\n\n<figure class=\"wp-block-image\"><img decoding=\"async\" src=\"https:\/\/foto.haberler.com\/haber\/2026\/05\/02\/turkiye-belediyeler-birliginde-19797785-4513_1_m.jpg\" alt=\"\"\/><\/figure>\n\n\n\n<h3 class=\"wp-block-heading\">KAVGA \u00c7IKTI, YUMRUKLAR HAVADA U\u00c7U\u015eTU<\/h3>\n\n\n\n<p>Sakarya B\u00fcy\u00fck\u015fehir Belediye Ba\u015fkan\u0131 Yusuf Alemdar\u2019\u0131n k\u00fcrs\u00fcye y\u00f6nelmesiyle birlikte tansiyon y\u00fckseldi. Baz\u0131 belediye ba\u015fkanlar\u0131n\u0131n da aya\u011fa kalkmas\u0131yla tart\u0131\u015fma b\u00fcy\u00fcd\u00fc ve yumruklu kavgaya d\u00f6n\u00fc\u015ft\u00fc. Salonda ba\u011f\u0131r\u0131\u015flar y\u00fckselirken, ya\u015fanan arbede nedeniyle toplant\u0131ya ara verildi ve salon bo\u015falt\u0131ld\u0131.<\/p>\n\n\n\n<p>Tansiyonun d\u00fc\u015fmesiyle oy kullan\u0131m\u0131 yeniden ba\u015flad\u0131.&nbsp;<\/p>\n\n\n\n<figure class=\"wp-block-image\"><img decoding=\"async\" src=\"https:\/\/foto.haberler.com\/haber\/2026\/05\/02\/turkiye-belediyeler-birliginde-19797785-4958_2_m.jpg\" alt=\"\"\/><\/figure>\n\n\n\n<h3 class=\"wp-block-heading\">T\u00dcRK\u0130YE BELED\u0130YELER B\u0130RL\u0130\u011e\u0130 BA\u015eKANI BELL\u0130 OLDU<\/h3>\n\n\n\n<p>T\u00fcrkiye Belediyeler Birli\u011fi Ba\u015fkanl\u0131\u011f\u0131&#8217;na 446 oy alarak Mersin B\u00fcy\u00fck\u015fehir Belediye Ba\u015fkan\u0131 Vahap Se\u00e7er se\u00e7ildi.<\/p>\n\n\n\n<figure class=\"wp-block-image\"><img decoding=\"async\" src=\"https:\/\/foto.haberler.com\/haber\/2026\/05\/02\/turkiye-belediyeler-birliginde-19797785-5136_3_m.jpg\" alt=\"\"\/><\/figure>\n\n\n\n<h3 class=\"wp-block-heading\">VAHAP SE\u00c7ER K\u0130MD\u0130R?<\/h3>\n\n\n\n<p>Mersin B\u00fcy\u00fck\u015fehir Belediye Ba\u015fkan\u0131 Vahap Se\u00e7er, 5 Ekim 1963 tarihinde Mersin\u2019in Tarsus il\u00e7esinde do\u011fdu. \u00c7ukurova \u00dcniversitesi Ziraat Fak\u00fcltesi\u2019nden mezun oldu.<\/p>\n\n\n\n<p>Gen\u00e7 bir giri\u015fimci olarak 1987 y\u0131l\u0131nda kurdu\u011fu i\u015fletme ile tar\u0131msal \u00fcretim, sanayi ve ticaret alanlar\u0131nda yat\u0131r\u0131mlarda bulunan Vahap Se\u00e7er, kurucusu oldu\u011fu \u015firketlerde y\u00f6netim kurulu \u00fcyeli\u011fi ve ba\u015fkanl\u0131\u011f\u0131 yapt\u0131. Se\u00e7er\u2019in ayr\u0131ca i\u015f d\u00fcnyas\u0131n\u0131 temsil eden sanayi ve ticaret odalar\u0131nda; ziraat m\u00fchendisi olarak da meslek odas\u0131nda \u00fcyeli\u011fi bulunuyor.<\/p>\n\n\n\n<figure class=\"wp-block-image\"><img decoding=\"async\" src=\"https:\/\/foto.haberler.com\/haber\/2026\/05\/02\/turkiye-belediyeler-birliginde-19797785-6127_4_m.jpg\" alt=\"\"\/><\/figure>\n\n\n\n<p>Se\u00e7er; \u00e7a\u011fda\u015f, laik ve yurtsever gen\u00e7lerin yeti\u015fmesine yard\u0131mc\u0131 olmak amac\u0131yla kurucusu oldu\u011fu Tarsus G\u00fc\u00e7 Birli\u011fi Vakf\u0131\u2019nda M\u00fctevelli Heyeti Ba\u015fkanl\u0131\u011f\u0131 g\u00f6reviyle toplumsal projelerde de g\u00f6rev ald\u0131.<\/p>\n\n\n\n<p>Vahap Se\u00e7er, 2007 ile 2015 y\u0131llar\u0131 aras\u0131nda 23. ve 24. d\u00f6nem CHP Mersin Milletvekili olarak g\u00f6rev yapt\u0131. G\u00f6rev s\u00fcresince Tar\u0131m ve K\u00f6yi\u015fleri Komisyonu ile Plan ve B\u00fct\u00e7e Komisyonu \u00dcyeli\u011fini yapan Se\u00e7er, ba\u015far\u0131l\u0131 \u00e7al\u0131\u015fmalara imza att\u0131.<\/p>\n\n\n\n<p>Do\u011fdu\u011fu ve ya\u015fad\u0131\u011f\u0131 kentin sorunlar\u0131na \u00e7\u00f6z\u00fcm \u00f6nerilerini i\u00e7eren projeler geli\u015ftiren ve aktif \u00e7al\u0131\u015fmalarda bulunan Vahap Se\u00e7er, 31 Mart 2019 Mahalli \u0130dareler Genel Se\u00e7iminde Mersin B\u00fcy\u00fck\u015fehir Belediye Ba\u015fkan\u0131 se\u00e7ildi ve g\u00f6revine devam etmektedir.<\/p>\n\n\n\n<p>31 Mart 2024 se\u00e7imlerinde ise Mersin halk\u0131n\u0131n g\u00fc\u00e7l\u00fc deste\u011fiyle, rekor bir oy oran\u0131 alan Vahap Se\u00e7er, ikinci kez bu g\u00f6reve se\u00e7ilerek hizmetlerine devam etmeye ba\u015flad\u0131.<\/p>\n\n\n\n<figure class=\"wp-block-image\"><img decoding=\"async\" src=\"https:\/\/foto.haberler.com\/haber\/2026\/05\/02\/turkiye-belediyeler-birliginde-19797785-6651_5_m.jpg\" alt=\"\"\/><\/figure>\n\n\n\n<p>16 Temmuz 2025 tarihinde T\u00fcrkiye Belediyeler Birli\u011fi Ba\u015fkan Vekili g\u00f6revini \u00fcstlenen Se\u00e7er, yerel y\u00f6netimlerde adalet, e\u015fitlik ve kamu yarar\u0131 temelinde y\u00fcr\u00fct\u00fclen \u00e7al\u0131\u015fmalar\u0131n T\u00fcrkiye geneline yay\u0131lmas\u0131 ad\u0131na \u00f6nemli sorumluluklar \u00fcstlenmektedir.<\/p>\n\n\n\n<p>Vahap Se\u00e7er, evli ve iki \u00e7ocuk babas\u0131d\u0131r; \u0130ngilizce bilmektedir.<\/p>\n","protected":false},"excerpt":{"rendered":"<p>T\u00fcrkiye Belediyeler Birli\u011fi yeni y\u00f6netimi i\u00e7in yap\u0131lan se\u00e7im \u00f6ncesinde arbede ya\u015fand\u0131. Gerginli\u011fin ard\u0131ndan yap\u0131lan se\u00e7imde T\u00fcrkiye Belediyeler Birli\u011fi Ba\u015fkanl\u0131\u011f\u0131&#8217;na 446 oyla Mersin B\u00fcy\u00fck\u015fehir Belediye Ba\u015fkan\u0131 Vahap Se\u00e7er se\u00e7ildi. T\u00fcrkiye Belediyeler Birli\u011fi (TBB) Meclisi, Ba\u015fkan, Meclis Ba\u015fkanl\u0131k Divan\u0131, \u0130htisas Komisyonu \u00fcyeleri ile Enc\u00fcmen \u00fcyelerini belirlemek \u00fczere Ankara\u2019daki bir otelde topland\u0131. Toplant\u0131n\u0131n a\u00e7\u0131l\u0131\u015f\u0131n\u0131 TBB Ba\u015fkanvekili ve Mersin [&hellip;]<\/p>\n","protected":false},"author":1,"featured_media":11842,"comment_status":"open","ping_status":"open","sticky":false,"template":"","format":"standard","meta":{"footnotes":""},"categories":[1],"tags":[5037,5035,5034,5036],"class_list":["post-11841","post","type-post","status-publish","format-standard","has-post-thumbnail","hentry","category-gundem","tag-bulent-nuri-cavusoglu","tag-tbb","tag-turkiye-belediyeler-birligi","tag-vahap-secer"],"_links":{"self":[{"href":"https:\/\/www.trabzonmanset.com\/index.php\/wp-json\/wp\/v2\/posts\/11841","targetHints":{"allow":["GET"]}}],"collection":[{"href":"https:\/\/www.trabzonmanset.com\/index.php\/wp-json\/wp\/v2\/posts"}],"about":[{"href":"https:\/\/www.trabzonmanset.com\/index.php\/wp-json\/wp\/v2\/types\/post"}],"author":[{"embeddable":true,"href":"https:\/\/www.trabzonmanset.com\/index.php\/wp-json\/wp\/v2\/users\/1"}],"replies":[{"embeddable":true,"href":"https:\/\/www.trabzonmanset.com\/index.php\/wp-json\/wp\/v2\/comments?post=11841"}],"version-history":[{"count":1,"href":"https:\/\/www.trabzonmanset.com\/index.php\/wp-json\/wp\/v2\/posts\/11841\/revisions"}],"predecessor-version":[{"id":11843,"href":"https:\/\/www.trabzonmanset.com\/index.php\/wp-json\/wp\/v2\/posts\/11841\/revisions\/11843"}],"wp:featuredmedia":[{"embeddable":true,"href":"https:\/\/www.trabzonmanset.com\/index.php\/wp-json\/wp\/v2\/media\/11842"}],"wp:attachment":[{"href":"https:\/\/www.trabzonmanset.com\/index.php\/wp-json\/wp\/v2\/media?parent=11841"}],"wp:term":[{"taxonomy":"category","embeddable":true,"href":"https:\/\/www.trabzonmanset.com\/index.php\/wp-json\/wp\/v2\/categories?post=11841"},{"taxonomy":"post_tag","embeddable":true,"href":"https:\/\/www.trabzonmanset.com\/index.php\/wp-json\/wp\/v2\/tags?post=11841"}],"curies":[{"name":"wp","href":"https:\/\/api.w.org\/{rel}","templated":true}]}}