{"id":11838,"date":"2026-05-02T15:30:00","date_gmt":"2026-05-02T12:30:00","guid":{"rendered":"https:\/\/www.trabzonmanset.com\/?p=11838"},"modified":"2026-05-02T17:06:02","modified_gmt":"2026-05-02T14:06:02","slug":"cumhurbaskani-erdogan-3-cocuk-cagrilarimizin-hakliligi-ispat-edilmis-oldu","status":"publish","type":"post","link":"https:\/\/www.trabzonmanset.com\/index.php\/2026\/05\/02\/cumhurbaskani-erdogan-3-cocuk-cagrilarimizin-hakliligi-ispat-edilmis-oldu\/","title":{"rendered":"Cumhurba\u015fkan\u0131 Erdo\u011fan: 3 \u00e7ocuk \u00e7a\u011fr\u0131lar\u0131m\u0131z\u0131n hakl\u0131l\u0131\u011f\u0131 ispat edilmi\u015f oldu"},"content":{"rendered":"\n<p>Cumhurba\u015fkan\u0131 Erdo\u011fan, \u201cAile ve N\u00fcfus 10 Y\u0131l\u0131 (2026- 2035) Vizyon Tan\u0131t\u0131m Program\u0131\u201dnda yapt\u0131\u011f\u0131 a\u00e7\u0131klamada, &#8220;Aradan ge\u00e7en s\u00fcrede 3 \u00e7ocuk \u00e7a\u011fr\u0131lar\u0131m\u0131z\u0131n hakl\u0131l\u0131\u011f\u0131 ispat edilmi\u015f oldu. Evlilik ya\u015f\u0131 y\u00fckselmekte, bo\u015fanma oranlar\u0131 artmakta, bunlar\u0131n bir sonucu olarak maalesef do\u011furganl\u0131k h\u0131z\u0131m\u0131z d\u00fc\u015fmektedir. Do\u011frusunu s\u00f6ylemek gerekirse rakamlar hepimiz i\u00e7in tedirgin edicidir. Mesela do\u011furganl\u0131k h\u0131z\u0131m\u0131z 2017\u2019den itibaren n\u00fcfusun yenilenme seviyesi olan 2,1\u2019in alt\u0131na indi.&#8221; dedi.<\/p>\n\n\n\n<p>Cumhurba\u015fkan\u0131 Recep Tayyip Erdo\u011fan, Hali\u00e7 Kongre Merkezi&#8217;nde Aile ve N\u00fcfus 10 Y\u0131l\u0131 Vizyon Tan\u0131t\u0131m Program\u0131&#8217;na kat\u0131ld\u0131.<\/p>\n\n\n\n<p>Erdo\u011fan&#8217;\u0131n a\u00e7\u0131klamalar\u0131ndan \u00f6ne \u00e7\u0131kan ba\u015fl\u0131klar:<\/p>\n\n\n\n<p>Aziz milletim, Aile ve Sosyal Hizmetler Bakanl\u0131\u011f\u0131m\u0131z\u0131n de\u011ferli mensuplar\u0131, sivil toplum kurulu\u015flar\u0131m\u0131z\u0131n k\u0131ymetli temsilcileri, \u00e7ok de\u011ferli misafirler; sizleri en kalbi duygular\u0131mla, h\u00fcrmetle, muhabbetle selaml\u0131yorum.<\/p>\n\n\n\n<p>2025-2026-2035 d\u00f6nemini kapsayan Aile ve N\u00fcfus 10 Y\u0131l\u0131 Vizyon Belgesi tan\u0131t\u0131m program\u0131nda sizlerle beraber olman\u0131n bahtiyarl\u0131\u011f\u0131n\u0131 ya\u015f\u0131yorum. Program\u0131 te\u015friflerinizden dolay\u0131 her birinize ayr\u0131 ayr\u0131 te\u015fekk\u00fcr ediyorum. S\u00f6zlerimin hemen ba\u015f\u0131nda; elektronik \u00e7a\u011fla ba\u015flayan, dijital \u00e7a\u011fla doru\u011fa \u00e7\u0131kan zorluklara ra\u011fmen aile olma \u015fuurunu hala diri tutan aziz milletimizin her bir yuvas\u0131n\u0131 sayg\u0131yla selaml\u0131yor; t\u00fcm hanelerimize Rabbimden sa\u011fl\u0131k, huzur ve mutluluk niyaz ediyorum.<\/p>\n\n\n\n<h3 class=\"wp-block-heading\">10 YILLIK STRATEJ\u0130 VE HEDEFLER<\/h3>\n\n\n\n<p>10 y\u0131ll\u0131k bir d\u00f6nemde ailelerimizi g\u00fc\u00e7lendirmek, n\u00fcfusumuzu art\u0131rmak, sosyal ve ekonomik hayat\u0131n her alan\u0131nda ailenin merkezi rol\u00fcn\u00fc sa\u011flamla\u015ft\u0131rmak i\u00e7in g\u00fc\u00e7l\u00fc bir irade ortaya koyan Aile ve Sosyal Hizmetler Bakanl\u0131\u011f\u0131m\u0131z\u0131 g\u00f6n\u00fclden tebrik ediyorum. Ayn\u0131 \u015fekilde artan tehditler ve tehlikeler kar\u015f\u0131s\u0131nda aile m\u00fcessesesinin asli misyonunu icra etmesine katk\u0131 veren sivil toplum kurulu\u015flar\u0131m\u0131za, medyada ve sosyal medyada bu m\u00fccadeleye destek olan her bir karde\u015fime kalpten te\u015fekk\u00fcr ediyorum.<\/p>\n\n\n\n<h3 class=\"wp-block-heading\">\u201cA\u0130LE TOPLUMUN TEMEL\u0130D\u0130R\u201d VURGUSU<\/h3>\n\n\n\n<p>\u015eu bir ger\u00e7ek ki; bir milletin g\u00fcc\u00fc sadece ordusunun kudreti, ekonomisinin b\u00fcy\u00fckl\u00fc\u011f\u00fc veya teknolojisinin ileri olmas\u0131yla \u00f6l\u00e7\u00fclemez. Bunlar\u0131n yan\u0131 s\u0131ra bir milletin g\u00fcc\u00fc; yuvalar\u0131nda t\u00fcten ocakta, be\u015fiklerinde b\u00fcy\u00fcyen evlatlarda, nesilden nesile ta\u015f\u0131nan de\u011ferlerde gizlidir. Aile ve N\u00fcfus 10 Y\u0131l\u0131 Vizyon Belgemiz, bunun do\u011frultusunda at\u0131lacak ad\u0131mlar\u0131n aile kurumuna daha da b\u00fcy\u00fck bir g\u00fc\u00e7 kataca\u011f\u0131na inan\u0131yor; \u00fclkemiz, milletimiz ve t\u00fcm ailelerimiz i\u00e7in \u015fimdiden hay\u0131rl\u0131 olmas\u0131n\u0131 diliyorum.<\/p>\n\n\n\n<p>Bug\u00fcn ayr\u0131ca 2025 Aile Y\u0131l\u0131 kapsam\u0131nda d\u00fczenlenen \u00e7e\u015fitli yar\u0131\u015fmalarda dereceye giren karde\u015flerimize \u00f6d\u00fcllerini takdim edece\u011fiz. &#8216;Ailemiz Gelece\u011fimiz&#8217; temal\u0131 foto\u011fraf ve k\u0131sa film yar\u0131\u015fmalar\u0131 ba\u015fta olmak \u00fczere \u00f6d\u00fcle lay\u0131k g\u00f6r\u00fclen t\u00fcm karde\u015flerimizi de tebrik ediyorum.<\/p>\n\n\n\n<figure class=\"wp-block-image\"><img decoding=\"async\" src=\"https:\/\/foto.haberler.com\/haber\/2026\/05\/02\/cumhurbaskani-erdogan-3-cocuk-19797571-7825_1_m.jpg\" alt=\"\"\/><\/figure>\n\n\n\n<h3 class=\"wp-block-heading\">A\u0130LEN\u0130N TOPLUMDAK\u0130 ROL\u00dcNE D\u0130KKAT \u00c7EKT\u0130<\/h3>\n\n\n\n<p>Hepimiz bir annenin, bir baban\u0131n evlatlar\u0131y\u0131z. Hepimiz varl\u0131\u011f\u0131m\u0131z\u0131 ailelerimize bor\u00e7luyuz. Evlat olmam\u0131z da anne baba olmam\u0131z da ailelerimiz sayesindedir. Aile, insan\u0131n hem en korunakl\u0131 \u00e7at\u0131s\u0131 hem de ilk okuludur. Hayata \u00f6nce ailede haz\u0131rlan\u0131l\u0131r. Merhamet, \u015fefkat, empati kurmak ilkin ailede \u00f6\u011frenilir. Sevgi ve karde\u015fli\u011fin ilk tohumu ailede at\u0131l\u0131r. Vatan, millet sevgisinin ilk adresi ailedir. \u015eahsiyet ailede olu\u015fur ve o \u00e7at\u0131 alt\u0131nda tekam\u00fcl eder. \u0130nsan neslinin ayakta durabilmesini sa\u011flayan da yine ailedir. Aile g\u00fc\u00e7l\u00fc oldu\u011funda bireyler g\u00fc\u00e7l\u00fc olur, dolay\u0131s\u0131yla toplum g\u00fc\u00e7l\u00fc olur. Aile zay\u0131flad\u0131\u011f\u0131nda, zay\u0131flat\u0131ld\u0131\u011f\u0131nda ise birey zay\u0131flar, toplum kan kaybeder.<\/p>\n\n\n\n<p>Ailenin huzuru milletin huzurundan, ailenin saadeti milletin saadetinden, ailenin g\u00fcvenli\u011fi milletin g\u00fcvenli\u011finden, ailenin birli\u011fi milletin birlik ve beraberli\u011finden ayr\u0131 d\u00fc\u015f\u00fcn\u00fclemez. Anayasam\u0131z\u0131n 41. maddesinde yer alan &#8216;Aile T\u00fcrk toplumunun temelidir&#8217; ilkesi hem bir y\u00fck\u00fcml\u00fcl\u00fc\u011f\u00fc hem de milletimizin asli kimli\u011fini ortaya koyan son derece veciz bir ifadedir.<\/p>\n\n\n\n<h3 class=\"wp-block-heading\">D\u0130J\u0130TAL \u00c7A\u011e VE A\u0130LE YAPISI UYARISI<\/h3>\n\n\n\n<p>Evet, T\u00fcrk milleti tarih boyunca aile ba\u011flar\u0131n\u0131n g\u00fc\u00e7l\u00fcl\u00fc\u011f\u00fc, devaml\u0131l\u0131\u011f\u0131 sayesinde varl\u0131\u011f\u0131n\u0131 s\u00fcrd\u00fcrm\u00fc\u015f, maruz kald\u0131\u011f\u0131 t\u00fcm tehditleri bertaraf etmi\u015f ve k\u00fclt\u00fcrel kodlar\u0131n\u0131 korumay\u0131 ba\u015farm\u0131\u015ft\u0131r. Vatan\u0131m\u0131z\u0131n -bu ifade \u00f6nemli- anavatan olmas\u0131 tesad\u00fcf de\u011fildir. Devletimizin devlet ana olmas\u0131 tesad\u00fcf de\u011fildir. \u0130nsan\u0131m\u0131z\u0131n g\u00f6nl\u00fcnde t\u00fcten oca\u011f\u0131n aile oca\u011f\u0131, ana oca\u011f\u0131, baba oca\u011f\u0131 olmas\u0131 asla ve asla tesad\u00fcf de\u011fildir. Bu kavramlar\u0131n her birinin temelinde binlerce y\u0131ll\u0131k hayat tecr\u00fcbesi, k\u00fclt\u00fcr miras\u0131, inan\u00e7 d\u00fcnyam\u0131zdan ne\u015fet eden kadim de\u011ferlerimiz vard\u0131r.<\/p>\n\n\n\n<p>Nas\u0131l g\u00fc\u00e7l\u00fc ve sa\u011fl\u0131kl\u0131 bireyler fertleri aras\u0131nda hak ve \u00f6devlerin dengeli da\u011f\u0131t\u0131ld\u0131\u011f\u0131, sorun \u00e7\u00f6zme kapasitesi y\u00fcksek haneler olarak tarif etti\u011fimiz g\u00fc\u00e7l\u00fc ve sa\u011fl\u0131kl\u0131 ailenin temeli ise, g\u00fc\u00e7l\u00fc ve sa\u011fl\u0131kl\u0131 aileler de aziz milletimizin mutlu ve m\u00fcreffeh gelece\u011finin g\u00fcvencesi, artan sald\u0131r\u0131lar kar\u015f\u0131s\u0131nda s\u0131\u011f\u0131n\u0131labilecek en g\u00fcvenli limand\u0131r.<\/p>\n\n\n\n<p>Dijital teknok\u00fclt\u00fcr \u00e7a\u011f\u0131nda insana ve hayata dair hemen her \u015fey gibi aile de d\u00f6n\u00fc\u015f\u00fcyor, form de\u011fi\u015ftiriyor, elbette ciddi s\u0131namalarla kar\u015f\u0131la\u015f\u0131yor. Al\u0131\u015f\u0131lagelmi\u015f yap\u0131lar\u0131n \u00e7\u00f6z\u00fcld\u00fc\u011f\u00fc, insan\u0131n yol ve y\u00f6n aray\u0131\u015f\u0131n\u0131n artt\u0131\u011f\u0131 bir d\u00f6nemdeyiz. B\u00f6yle bir d\u00f6nemde 86 milyonun sorumlulu\u011funu ta\u015f\u0131yan kadrolar olarak \u00fclkemiz ve milletimiz i\u00e7in en iyisini yapman\u0131n, muhtemel riskleri, tehditleri ve f\u0131rsatlar\u0131 \u00f6ng\u00f6rerek T\u00fcrkiye&#8217;yi yar\u0131nlara haz\u0131rlaman\u0131n gayretindeyiz.<\/p>\n\n\n\n<h3 class=\"wp-block-heading\">\u201cEN AZ 3 \u00c7OCUK\u201d \u00c7A\u011eRISINI HATIRLATTI<\/h3>\n\n\n\n<p>Asl\u0131nda buna yeni de ba\u015flamad\u0131k. \u00dclkeyi y\u00f6netme vazifesini \u00fcstlendi\u011fimiz 2002&#8217;den beri bunun m\u00fccadelesini veriyoruz. Hat\u0131rlarsan\u0131z 2007 y\u0131l\u0131nda en az 3 \u00e7ocuk diyerek h\u0131zla yakla\u015fan bir tehlikeye dikkat \u00e7ekmi\u015ftik. Bu \u00e7a\u011fr\u0131m\u0131z \u00fclkeye dair her konuya ideolojik g\u00f6zl\u00fckle bakanlar\u0131n tepkisini \u00e7ekmi\u015f, bizi son derece seviyesiz ifadelerle ele\u015ftirmi\u015flerdi. Hayat tarz\u0131na m\u00fcdahaleden inan\u00e7 de\u011ferlerimizi hedef alan k\u00fcstahl\u0131klara kadar nice ak\u0131l ve ahlak d\u0131\u015f\u0131 ithama, iftiraya, edepsizli\u011fe maruz kald\u0131k.<\/p>\n\n\n\n<p>Sonu\u00e7ta ne oldu? Aradan ge\u00e7en s\u00fcrede 3 \u00e7ocuk \u00e7a\u011fr\u0131lar\u0131m\u0131z\u0131n hakl\u0131l\u0131\u011f\u0131 ispat edilmi\u015f oldu. O g\u00fcnlerde bizi ele\u015ftirenler bug\u00fcn hakk\u0131m\u0131z\u0131 teslim etmek zorunda kal\u0131yor. \u015eundan emin olunuz ki yar\u0131n tarih tekerr\u00fcr edecek. Aileye \u00f6nem ve \u00f6ncelik verdi\u011fimiz i\u00e7in bizi bireyi \u00f6nemsizle\u015ftirmekle veya kad\u0131n\u0131 zay\u0131flatmakla su\u00e7layanlar\u0131n iddialar\u0131n\u0131n abs\u00fcrtl\u00fc\u011f\u00fc ortaya \u00e7\u0131kacak. Ailenin korunmas\u0131na ve g\u00fc\u00e7lendirilmesine y\u00f6nelik \u00e7abalar\u0131m\u0131z\u0131n do\u011frulu\u011fu gelecekte \u00e7ok daha iyi anla\u015f\u0131lacak.<\/p>\n\n\n\n<h3 class=\"wp-block-heading\">&#8220;\u00c7OK \u00c7OCUKLU A\u0130LELER\u0130 YOBAZLIKLA SU\u00c7LADILAR&#8221;<\/h3>\n\n\n\n<p>Bak\u0131n\u0131z bunu \u00f6zellikle \u015funun i\u00e7in s\u00f6yl\u00fcyorum: T\u00fcrkiye olarak aile ve n\u00fcfus meselesinde sadece d\u00fcnyada ya\u015fanan h\u0131zl\u0131 de\u011fi\u015fimlerin etkilerini hissetmekle kalm\u0131yoruz; ayn\u0131 zamanda 1960\u2019lardan itibaren devreye konulan yanl\u0131\u015f politikalar\u0131n ve alg\u0131lar\u0131n olumsuz sonu\u00e7lar\u0131yla da y\u00fczle\u015fiyoruz.<\/p>\n\n\n\n<p>Bilhassa ya\u015f\u0131 ellinin \u00fczerinde olanlar \u00e7ok iyi hat\u0131rlayacaklar; \u00fclkemizde y\u0131llarca \u015f\u00f6yle bir propaganda ya\u011fmuruna tutulduk. Bize n\u00fcfusla kalk\u0131nma aras\u0131nda birbirine z\u0131t bir ili\u015fkinin oldu\u011fu s\u00f6ylendi. Yani n\u00fcfus ve do\u011furganl\u0131k artt\u0131k\u00e7a yoksullu\u011fun artaca\u011f\u0131, refah\u0131n azalaca\u011f\u0131 ifade edildi. N\u00fcfus kontrol politikalar\u0131n\u0131 bir tabu haline getirerek en k\u00fc\u00e7\u00fck bir ayk\u0131r\u0131 sese, fikre m\u00fcsaade etmediler. Ayr\u0131ca aileyi de\u011fersizle\u015ftirirken \u00e7ok \u00e7ocuklu aileleri cehaletle, ta\u015fral\u0131l\u0131kla, yobazl\u0131kla su\u00e7lad\u0131lar.<\/p>\n\n\n\n<figure class=\"wp-block-image\"><img decoding=\"async\" src=\"https:\/\/foto.haberler.com\/haber\/2026\/05\/02\/cumhurbaskani-erdogan-3-cocuk-19797571-9374_2_m.jpg\" alt=\"\"\/><\/figure>\n\n\n\n<h3 class=\"wp-block-heading\">&#8220;K\u0130M\u0130 \u00dcLKEDE G\u00d6\u00c7MENLER OLMASA EKONOM\u0130 \u00c7\u00d6KECEK&#8221;<\/h3>\n\n\n\n<p>\u0130stanbul&#8217;un g\u00f6be\u011findeki hastanelerde s\u0131rf \u00fccret \u00f6denmedi\u011fi i\u00e7in cenazeler rehin al\u0131n\u0131rken sa\u011fl\u0131k sisteminin iyile\u015ftirilmesi i\u00e7in kullan\u0131lmas\u0131 gereken kaynaklar, d\u0131\u015far\u0131dan re\u00e7ete edilen n\u00fcfus kontrol politikalar\u0131yla \u00e7ar\u00e7ur edildi. Bug\u00fcn ise \u00e7ocu\u011fu aileye, n\u00fcfusu \u00fclkeye y\u00fck g\u00f6ren anlay\u0131\u015f tamamen iflas etmi\u015f durumda. Hatta refah toplumu olarak d\u00fcnyaya \u00f6rnek g\u00f6sterilen \u00fclkelerin hemen hepsi n\u00fcfus art\u0131\u015f h\u0131z\u0131n\u0131n azalmas\u0131ndan dert yan\u0131yorlar. Ayn\u0131 \u015fekilde k\u00fcresel cinsiyetsizle\u015ftirme ak\u0131mlar\u0131 kar\u015f\u0131s\u0131nda aile kurumunun irtifa kaybetmesine mani olam\u0131yorlar. Kimi \u00fclkelerde sorun \u00f6yle bir boyuta ula\u015ft\u0131 ki e\u011fer g\u00f6\u00e7menler olmasa <a href=\"https:\/\/www.haberler.com\/ekonomi\/\"><strong>ekonomi<\/strong><\/a> \u00e7\u00f6kecek, hayat duracak, en temel hizmetler verilemeyecek.<\/p>\n\n\n\n<h3 class=\"wp-block-heading\">&#8220;DO\u011eRUGANLIK HIZIMIZ 2017&#8217;DEN BER\u0130 D\u00dc\u015e\u00dcYOR&#8221;<\/h3>\n\n\n\n<p>De\u011ferli misafirler, ekonomik, ticari ve be\u015feri bak\u0131mdan d\u00fcnya ile b\u00fct\u00fcnle\u015fmi\u015f bir \u00fclke olarak b\u00fct\u00fcn bunlardan maalesef bizler de etkileniyoruz. Aile ba\u011flar\u0131m\u0131z, evlilik ya\u015f\u0131 y\u00fckselmekte, bo\u015fanma oranlar\u0131 artmakta, bunlar\u0131n bir sonucu olarak do\u011furganl\u0131k h\u0131z\u0131m\u0131z d\u00fc\u015fmektedir. Do\u011frusunu s\u00f6ylemek gerekirse rakamlar hepimiz i\u00e7in tedirgin edicidir. Mesela do\u011furganl\u0131k h\u0131z\u0131m\u0131z 2017\u2019den itibaren n\u00fcfusun yenilenme seviyesi olan 2,1\u2019in alt\u0131na indi. 2024\u2019te 1,48\u2019e d\u00fc\u015fen oran\u0131n maalesef 2025 y\u0131l\u0131nda daha da geriye gitti\u011fini tahmin ediyoruz. \u00dclkemizde 2014\u2019te y\u0131lda 1 milyon 351 bin bebek d\u00fcnyaya gelirken 2023\u2019te bu rakam 1 milyonun alt\u0131na d\u00fc\u015ft\u00fc. Oysa bizim k\u00fclt\u00fcr\u00fcm\u00fczde \u00e7ocuk evin ne\u015fesi; bunun yan\u0131nda k\u0131zdan torun bah\u00e7e g\u00fcl\u00fc, o\u011fuldan torun ise o\u011ful bal\u0131 olarak g\u00f6r\u00fcl\u00fcr.<\/p>\n\n\n\n<p>Ancak 10 y\u0131lda sofralar\u0131m\u0131zdan yar\u0131m milyona yak\u0131n k\u00fc\u00e7\u00fck ka\u015f\u0131k eksildi. \u015euras\u0131 da endi\u015fe vericidir, ortanca ya\u015f\u0131m\u0131z 2025&#8217;te 34,9&#8217;a \u00e7\u0131kt\u0131. Yani her iki vatanda\u015f\u0131m\u0131zdan biri art\u0131k yakla\u015f\u0131k 35 ya\u015f\u0131ndad\u0131r. Ya\u015fl\u0131 n\u00fcfus oran\u0131m\u0131z ise 2025 itibar\u0131yla y\u00fczde 11,1&#8217;e y\u00fckseldi. \u00dcstelik k\u0131rsalda ya\u015fayan ya\u015fl\u0131 n\u00fcfus \u00e7ocuk n\u00fcfusunu ge\u00e7mi\u015f durumda. Dikkatinizi \u00e7ekmek istedi\u011fim bir ba\u015fka oran art\u0131k 30,08&#8217;e d\u00fc\u015fen hanehalk\u0131 b\u00fcy\u00fckl\u00fc\u011f\u00fcd\u00fcr. Tek ki\u015filik hanelerin oran\u0131 ise y\u00fczde 20,5&#8217;a ula\u015fm\u0131\u015ft\u0131r. \u0130lk evlenme ya\u015f\u0131 erkeklerde 28,5&#8217;a, han\u0131mlarda 26&#8217;ya \u00e7\u0131karken 20-24 ya\u015f aral\u0131\u011f\u0131nda hi\u00e7 evlenmemi\u015f kad\u0131n oran\u0131 y\u00fczde 79, erkeklerde y\u00fczde 94&#8217;t\u00fcr.<\/p>\n\n\n\n<h3 class=\"wp-block-heading\">&#8220;T\u00dcRK\u0130YE AVRUPA B\u0130RL\u0130\u011e\u0130&#8217;NDEN HALEN 10 YA\u015e GEN\u00c7T\u0130R&#8221;<\/h3>\n\n\n\n<p>Yani millet\u00e7e \u00f6n\u00fcm\u00fczde gelece\u011fimiz ad\u0131na endi\u015felenmemiz, bununla kalmay\u0131p \u00e7\u00f6z\u00fcm\u00fc i\u00e7in harekete ge\u00e7memiz gereken bir tablo bulunuyor. Tabii burada ifade etmek isterim ki bu endi\u015fe verici tablo sadece T\u00fcrkiye\u2019nin meselesi de\u011fildir. Avrupa&#8217;dan Uzak Do\u011fu&#8217;ya kadar bir\u00e7ok \u00fclke ya\u015flanan n\u00fcfus, azalan do\u011fum oranlar\u0131 ve \u00e7\u00f6z\u00fclmeye ba\u015flayan aile yap\u0131s\u0131yla kar\u015f\u0131 kar\u015f\u0131yad\u0131r. Oralarla k\u0131yasland\u0131\u011f\u0131nda T\u00fcrkiye hamdolsun \u00e7ok iyi bir konumdad\u0131r. \u00d6rne\u011fin bizde 35&#8217;e yakla\u015fan ortanca ya\u015f Avrupa&#8217;da 45&#8217;tir. T\u00fcrkiye Avrupa Birli\u011fi&#8217;nden halen 10 ya\u015f daha gen\u00e7tir. Ama buna ra\u011fmen biz \u015fimdiden gerekli tedbirleri almaya, t\u0131pk\u0131 \u00fc\u00e7 \u00e7ocuk \u00e7a\u011fr\u0131m\u0131zda oldu\u011fu gibi yar\u0131n\u0131n risklerini \u015fimdiden azaltmaya \u00e7al\u0131\u015f\u0131yoruz.<\/p>\n\n\n\n<p>De\u011ferli misafirler, sayg\u0131de\u011fer han\u0131mefendiler; h\u00fck\u00fcmet olarak uzun bir s\u00fcredir g\u00fc\u00e7l\u00fc birey, g\u00fc\u00e7l\u00fc aile, g\u00fc\u00e7l\u00fc toplum \u015fiar\u0131yla olduk\u00e7a geni\u015f kapsaml\u0131 politikalar uyguluyoruz. Aile ve Sosyal Hizmetler Bakanl\u0131\u011f\u0131m\u0131z\u0131n ismindeki aile ifadesine bile tahamm\u00fcl edemeyen marjinal zihniyete ra\u011fmen \u00e7ok \u00f6nemli ad\u0131mlar att\u0131k. 2025 senesi aile merkezli politikalar\u0131m\u0131zda bir d\u00f6n\u00fcm noktas\u0131 te\u015fkil etti. Aile ve Gen\u00e7lik Fonunu \u00f6nce deprem b\u00f6lgemizde, ard\u0131ndan t\u00fcm T\u00fcrkiye&#8217;de hayata ge\u00e7irdik.<\/p>\n\n\n\n<figure class=\"wp-block-image\"><img decoding=\"async\" src=\"https:\/\/foto.haberler.com\/haber\/2026\/05\/02\/cumhurbaskani-erdogan-3-cocuk-19797571-2997_1_m.jpg\" alt=\"\"\/><\/figure>\n\n\n\n<h3 class=\"wp-block-heading\">\u00c7ALI\u015eAN ANNELER\u0130N DO\u011eUM \u0130ZN\u0130 24 HAFTA OLDU<\/h3>\n\n\n\n<p>2026 y\u0131l\u0131nda kredi tutar\u0131n\u0131 art\u0131rd\u0131k ve \u015fartlar\u0131 kolayla\u015ft\u0131rd\u0131k. Yuva kuracak gen\u00e7lerimize verdi\u011fimiz 150 bin liral\u0131k destek tutar\u0131n\u0131 200-250 bin liraya y\u00fckselttik. Gen\u00e7 \u00e7iftlerimize 2 y\u0131l geri \u00f6demesiz 48 ay vadeli kredi sa\u011fl\u0131yoruz. 1 Ocak 2025 itibar\u0131yla do\u011fum yard\u0131mlar\u0131m\u0131z\u0131n tutar\u0131n\u0131 y\u00fckselttik, Temmuz 2025&#8217;te yar\u0131 zamanl\u0131 \u00e7al\u0131\u015fma y\u00f6netmeli\u011fini y\u00fcr\u00fcrl\u00fc\u011fe koyduk. Sosyal konutlardan yararlanmada 3 ve daha fazla \u00e7ocuklu ailelerimize \u00f6ncelik tan\u0131d\u0131k. En son biliyorsunuz do\u011fum izni s\u00fcrelerini yeniden d\u00fczenledik. D\u00fcn y\u00fcr\u00fcrl\u00fc\u011fe giren kanuna g\u00f6re \u00e7al\u0131\u015fan anneler do\u011fum izinlerini art\u0131k 24 hafta olarak kullanabilecek.,<\/p>\n\n\n\n<p>D\u00fczenleme ile \u00f6zel sekt\u00f6r \u00e7al\u0131\u015fanlar\u0131n\u0131n babal\u0131k iznini kamu \u00e7al\u0131\u015fanlar\u0131nda oldu\u011fu gibi 10 g\u00fcne \u00e7\u0131kard\u0131k. Ayr\u0131ca koruyucu aile olacaklara da 10 g\u00fcn izin hakk\u0131 tan\u0131d\u0131k. Yeni yasam\u0131z\u0131n ba\u015fta annelerimiz olmak \u00fczere t\u00fcm ailelerimize hay\u0131rl\u0131 u\u011furlu olmas\u0131n\u0131 temenni ediyorum.<\/p>\n\n\n\n<p>Burada \u015funun da alt\u0131n\u0131 \u00e7izmekte fayda g\u00f6r\u00fcyorum: 2025 Aile Y\u0131l\u0131 ile \u00fclke genelinde bir bilin\u00e7lenmeye vesile olduk. Aile ve n\u00fcfus meselesini toplumun ve siyasetin g\u00fcndemine ta\u015f\u0131d\u0131k. \u015eimdi bunu bir \u00fcst seviyeye \u00e7\u0131karmak istiyoruz. Bu ama\u00e7la 2026-2035 d\u00f6nemini &#8216;Aile ve N\u00fcfus 10 Y\u0131l\u0131&#8217; olarak belirledik.<\/p>\n\n\n\n<h3 class=\"wp-block-heading\">MAYIS AYININ SON HAFTASI M\u0130LL\u0130 A\u0130LE HAFTASI OLARAK KUTLANACAK<\/h3>\n\n\n\n<p>Aile ve N\u00fcfus 10 Y\u0131l\u0131; aileyi toplumun temeli, n\u00fcfusu ise milletimizin gelece\u011finin teminat\u0131 olarak g\u00f6ren g\u00fc\u00e7l\u00fc bir devlet iradesinin tezah\u00fcr\u00fcd\u00fcr. Vizyon belgemiz ise insanla ba\u015flayan, aileyle k\u00f6klenen, nesillerle b\u00fcy\u00fcyen, n\u00fcfusla g\u00fc\u00e7lenen, istikbale y\u00fcr\u00fcyen T\u00fcrkiye vizyonunun yol haritas\u0131d\u0131r. Belgemizi birbirini tamamlayan be\u015f stratejik \u00f6ncelik \u00fczerine bina ettik. Birinci stratejik \u00f6nceli\u011fimiz; aile kurumunun ve nesillerin korunmas\u0131d\u0131r. \u0130kinci \u00f6nceli\u011fimiz; evlilik m\u00fcessesesinin te\u015fvikidir. \u00dc\u00e7\u00fcnc\u00fc \u00f6nceli\u011fimiz; do\u011furganl\u0131k h\u0131z\u0131n\u0131n art\u0131r\u0131lmas\u0131yken; d\u00f6rd\u00fcnc\u00fcs\u00fc gen\u00e7lerin nitelikli yeti\u015ftirilmesi ve ya\u015fl\u0131 refah\u0131d\u0131r. Be\u015finci ve son stratejik \u00f6nceli\u011fimiz ise k\u0131rsal\u0131n yerinde kalk\u0131nmas\u0131 ve n\u00fcfusun dengeli da\u011f\u0131l\u0131m\u0131d\u0131r.<\/p>\n\n\n\n<p>10 y\u0131l\u0131n \u00f6nceliklerini hayata ge\u00e7irmek i\u00e7in ara\u015ft\u0131rma, kurumsal kapasite, mevzuat, ileti\u015fim ve diplomasi cephelerinde de \u00e7al\u0131\u015fmalar y\u00fcr\u00fctece\u011fiz. Bundan b\u00f6yle may\u0131s ay\u0131n\u0131n son haftas\u0131n\u0131 &#8216;Milli Aile Haftas\u0131&#8217; olarak kutlamak toplumsal fark\u0131ndal\u0131\u011f\u0131n art\u0131r\u0131lmas\u0131n\u0131 da sa\u011flayacakt\u0131r. Kamu kurum ve kurulu\u015flar\u0131m\u0131z stratejik planlar\u0131n\u0131, b\u00fct\u00e7elerini, performans hedeflerini aile ve n\u00fcfus eksenini ihtiva edecek bi\u00e7imde geli\u015ftirecektir. Biz de bunun en \u00fcst d\u00fczeyde takip\u00e7isi olmaya devam edece\u011fiz. Bu d\u00fc\u015f\u00fcncelerle vizyon belgemizin bir kez daha hay\u0131rlara vesile olmas\u0131n\u0131 diliyor, eme\u011fi ge\u00e7enleri tebrik ediyor, az \u00f6nce \u00f6d\u00fcllerini takdim edece\u011fimiz karde\u015flerimizi y\u00fcrekten kutluyor, tekrar g\u00f6r\u00fc\u015fmek dile\u011fiyle sizleri Allah&#8217;a emanet ediyorum. Kal\u0131n sa\u011fl\u0131cakla.<\/p>\n\n\n\n<p><\/p>\n","protected":false},"excerpt":{"rendered":"<p>Cumhurba\u015fkan\u0131 Erdo\u011fan, \u201cAile ve N\u00fcfus 10 Y\u0131l\u0131 (2026- 2035) Vizyon Tan\u0131t\u0131m Program\u0131\u201dnda yapt\u0131\u011f\u0131 a\u00e7\u0131klamada, &#8220;Aradan ge\u00e7en s\u00fcrede 3 \u00e7ocuk \u00e7a\u011fr\u0131lar\u0131m\u0131z\u0131n hakl\u0131l\u0131\u011f\u0131 ispat edilmi\u015f oldu. Evlilik ya\u015f\u0131 y\u00fckselmekte, bo\u015fanma oranlar\u0131 artmakta, bunlar\u0131n bir sonucu olarak maalesef do\u011furganl\u0131k h\u0131z\u0131m\u0131z d\u00fc\u015fmektedir. Do\u011frusunu s\u00f6ylemek gerekirse rakamlar hepimiz i\u00e7in tedirgin edicidir. Mesela do\u011furganl\u0131k h\u0131z\u0131m\u0131z 2017\u2019den itibaren n\u00fcfusun yenilenme seviyesi olan [&hellip;]<\/p>\n","protected":false},"author":1,"featured_media":11839,"comment_status":"open","ping_status":"open","sticky":false,"template":"","format":"standard","meta":{"footnotes":""},"categories":[11],"tags":[5032,846,5033],"class_list":["post-11838","post","type-post","status-publish","format-standard","has-post-thumbnail","hentry","category-manset","tag-aile-ve-nufus","tag-cumhurbaskani-erdogan","tag-halic-kongre-merkezi"],"_links":{"self":[{"href":"https:\/\/www.trabzonmanset.com\/index.php\/wp-json\/wp\/v2\/posts\/11838","targetHints":{"allow":["GET"]}}],"collection":[{"href":"https:\/\/www.trabzonmanset.com\/index.php\/wp-json\/wp\/v2\/posts"}],"about":[{"href":"https:\/\/www.trabzonmanset.com\/index.php\/wp-json\/wp\/v2\/types\/post"}],"author":[{"embeddable":true,"href":"https:\/\/www.trabzonmanset.com\/index.php\/wp-json\/wp\/v2\/users\/1"}],"replies":[{"embeddable":true,"href":"https:\/\/www.trabzonmanset.com\/index.php\/wp-json\/wp\/v2\/comments?post=11838"}],"version-history":[{"count":1,"href":"https:\/\/www.trabzonmanset.com\/index.php\/wp-json\/wp\/v2\/posts\/11838\/revisions"}],"predecessor-version":[{"id":11840,"href":"https:\/\/www.trabzonmanset.com\/index.php\/wp-json\/wp\/v2\/posts\/11838\/revisions\/11840"}],"wp:featuredmedia":[{"embeddable":true,"href":"https:\/\/www.trabzonmanset.com\/index.php\/wp-json\/wp\/v2\/media\/11839"}],"wp:attachment":[{"href":"https:\/\/www.trabzonmanset.com\/index.php\/wp-json\/wp\/v2\/media?parent=11838"}],"wp:term":[{"taxonomy":"category","embeddable":true,"href":"https:\/\/www.trabzonmanset.com\/index.php\/wp-json\/wp\/v2\/categories?post=11838"},{"taxonomy":"post_tag","embeddable":true,"href":"https:\/\/www.trabzonmanset.com\/index.php\/wp-json\/wp\/v2\/tags?post=11838"}],"curies":[{"name":"wp","href":"https:\/\/api.w.org\/{rel}","templated":true}]}}