{"id":11835,"date":"2026-05-01T22:56:00","date_gmt":"2026-05-01T19:56:00","guid":{"rendered":"https:\/\/www.trabzonmanset.com\/?p=11835"},"modified":"2026-05-01T23:16:20","modified_gmt":"2026-05-01T20:16:20","slug":"suleyman-soyludan-gulistan-doku-aciklamasi-elinde-bilgisi-olan-belgesi-olan-ortaya-koymayan-namerttir","status":"publish","type":"post","link":"https:\/\/www.trabzonmanset.com\/index.php\/2026\/05\/01\/suleyman-soyludan-gulistan-doku-aciklamasi-elinde-bilgisi-olan-belgesi-olan-ortaya-koymayan-namerttir\/","title":{"rendered":"S\u00fcleyman Soylu&#8217;dan G\u00fclistan Doku a\u00e7\u0131klamas\u0131: Elinde bilgisi olan, belgesi olan, ortaya koymayan namerttir"},"content":{"rendered":"\n<p>Eski \u0130\u00e7i\u015fleri Bakan\u0131 S\u00fcleyman Soylu, T\u00fcrkiye&#8217;nin g\u00fcndeminden d\u00fc\u015fmeyen G\u00fclistan Doku soru\u015fturmas\u0131nda tutuklanan eski Tunceli Valisi Tuncay Sonel\u2019i korudu\u011fu y\u00f6n\u00fcndeki iddialara yan\u0131t verdi. Soylu, 2028 y\u0131l\u0131ndan sonra siyaseti b\u0131rakaca\u011f\u0131n\u0131 belirterek, \u201cElinde bilgisi olan, belgesi olan, ortaya koymayan namerttir\u201d dedi.<\/p>\n\n\n\n<p>Tunceli&#8217;de 5 Ocak 2020&#8217;den bu yana kay\u0131p olan Munzur \u00dcniversitesi \u00c7ocuk Geli\u015fimi B\u00f6l\u00fcm\u00fc 2. s\u0131n\u0131f \u00f6\u011frencisi G\u00fclistan Doku soru\u015fturmas\u0131 kapsam\u0131nda eski Tunceli Valisi Tuncay Sonel\u2019in de aralar\u0131nda bulundu\u011fu 12 ki\u015fi tutuklan\u0131rken, d\u00f6nemin \u0130\u00e7i\u015fleri Bakan\u0131 S\u00fcleyman Soylu&#8217;nun Sonel\u2019i korudu\u011fu iddias\u0131 kamuoyunda geni\u015f yank\u0131 uyand\u0131rm\u0131\u015ft\u0131.<\/p>\n\n\n\n<h3 class=\"wp-block-heading\">S\u00dcLEYMAN SOYLU&#8217;DAN \u0130DD\u0130ALARA YANIT<\/h3>\n\n\n\n<p>Soru\u015fturma devam ederken S\u00fcleyman Soylu, tv100\u2019de yay\u0131nlanan programa telefonla ba\u011flanarak hakk\u0131ndaki iddialara yan\u0131t verdi.<\/p>\n\n\n\n<p>Soylu, \u015funlar\u0131 s\u00f6yledi: \u201cAs\u0131l ma\u011fdur benim. Ben midemde karn\u0131mda hi\u00e7bir \u015fey saklamayan bir insan\u0131m. Hepimizin incindi\u011fi herkesin \u00e7\u00f6z\u00fclmesi i\u00e7in dua etti\u011fi, G\u00fclistan k\u0131z\u0131m\u0131z\u0131n ba\u015f\u0131na bu hadise hepimizi derinden yaralam\u0131\u015ft\u0131r.&nbsp;Olay olduktan bir zaman sonra zannediyorum 2 g\u00fcn sonra, intihar mektubu bulunduktan ve kay\u0131p ihbar\u0131n\u0131n ard\u0131ndan, kayboldu\u011fu belirlenen yerde kendisine ait e\u015fyalar bulunduktan sonra savc\u0131l\u0131k burada bir ara\u015ft\u0131rma yap\u0131lmas\u0131 laz\u0131m dedi ve buraya biz arkada\u015flar\u0131m\u0131z\u0131 g\u00f6nderdik. Orada ilk \u00f6nce 180 g\u00fcn bir ara\u015ft\u0131rma yap\u0131ld\u0131.<\/p>\n\n\n\n<h3 class=\"wp-block-heading\">&#8220;ABAKAROV&#8217;UN DERHAL BULUNMASI \u0130\u00c7\u0130N TAL\u0130MAT VERD\u0130M&#8221;<\/h3>\n\n\n\n<p>\u0130lk kez Zaynal Abakarov\u2019un ifadesi ay\u0131n 6\u2019s\u0131nda al\u0131n\u0131yor ard\u0131ndan serbest b\u0131rak\u0131l\u0131yor, ard\u0131ndan tekrar savc\u0131l\u0131k taraf\u0131ndan al\u0131n\u0131yor ve yeniden serbest b\u0131rak\u0131l\u0131yor. Zaynal Abakarov ay\u0131n 9\u2019unda yurt d\u0131\u015f\u0131na \u00e7\u0131k\u0131yor. Aile bize diyor ki \u2018bu \u015f\u00fcpheli yurt d\u0131\u015f\u0131na \u00e7\u0131kt\u0131, biz bunun do\u011fru olmad\u0131\u011f\u0131n\u0131 d\u00fc\u015f\u00fcn\u00fcyoruz, burada bir gariplik var, geri getirin\u2019 dedi.&nbsp;Konu bana gelince bir tek \u015f\u00fcpheli var ve onun da yurt d\u0131\u015f\u0131nda oldu\u011funu anlay\u0131nca tedirgin oldum devlet t\u00f6hmet alt\u0131nda kalacak diye. Derhal gerekli telefonlar\u0131 ettim ve hemen Abakarov\u2019un bulunmas\u0131 i\u00e7in talimat verdim.<\/p>\n\n\n\n<h3 class=\"wp-block-heading\">&#8220;E\u011eER GELMEZSE BABASINI \u0130HRA\u00c7 EDER\u0130M&#8221; DED\u0130M<\/h3>\n\n\n\n<p>Dedim ki e\u011fer gelmezse babas\u0131 polis memuru ihra\u00e7 ederim, annesi de Da\u011f\u0131stanl\u0131 geri g\u00f6nderme merkezine al\u0131r\u0131m ve bunun da hesab\u0131n\u0131 sorar\u0131m.&nbsp;Ve neticede aileye ula\u015ft\u0131lar ve \u2018gelmesi laz\u0131m\u2019 dediler. Ailenin s\u00f6yledi\u011fi \u2018Evet do\u011fru ama burada bize husumet olu\u015fabilir bizi ba\u015fka bir yere getir.\u2019 Gelsin ve devlet t\u00f6hmet alt\u0131ndan kurtulsun soru\u015fturma devam etsin, nereye gitmek isterse oraya g\u00f6t\u00fcr\u00fcr\u00fcz dedim.&nbsp;Gelsin, g\u00f6zetim alt\u0131nda olacak nerede olursa olsun dedim. Abakarov gelir gelmez yurt d\u0131\u015f\u0131 \u00e7\u0131k\u0131\u015f yasa\u011f\u0131 koyulmas\u0131 y\u00f6n\u00fcnde (OHAL yetkisi dahilinde) arkada\u015flar\u0131ma talimat verdim. Babaya da yurt d\u0131\u015f\u0131 \u00e7\u0131k\u0131\u015f yasa\u011f\u0131 koyduk.&nbsp;<\/p>\n\n\n\n<h3 class=\"wp-block-heading\">&#8220;G\u00dcL\u0130STAN DOKU KARDE\u015e\u0130M\u0130ZLE \u0130LG\u0130L\u0130 \u00d6ZEL EK\u0130P KURDUK&#8221;<\/h3>\n\n\n\n<p>Bu olaylar olurken Elaz\u0131\u011f depremi oldu ve Elaz\u0131\u011f\u2019dayd\u0131k ve defalarca kez g\u00f6r\u00fc\u015ft\u00fcm aileyle burada da. \u0130lk kez \u00f6zel bir ekip kurduk \u0130\u00e7i\u015fleri Bakanl\u0131\u011f\u0131 b\u00fcnyesinde. \u0130lki Adil \u00d6ks\u00fcz\u2019le ilgili \u00f6zel bir ekip kurduk, ikincisi Rabia Naz ile ilgili, \u00fc\u00e7\u00fcnc\u00fcs\u00fc ise G\u00fclistan Doku karde\u015fimiz ile ilgili bir \u00f6zel ekip kurduk.&nbsp;Ekipler \u00e7al\u0131\u015ft\u0131ktan sonra bize bir rapor getirdiler. Yakla\u015f\u0131k 212 ki\u015finin bilgisine ba\u015fvuruldu. B\u00fct\u00fcn kay\u0131tlara bak\u0131ld\u0131 ve g\u00f6r\u00fcld\u00fc ki Zaynal Abakarov\u2019un telefon imajlar\u0131 al\u0131nmam\u0131\u015f.&nbsp;\u00d6zel ekip tespit ettiklerini konuyla ilgili savc\u0131l\u0131\u011fa bildirdi. Neticede bir yurt d\u0131\u015f\u0131 \u00e7\u0131k\u0131\u015f yasa\u011f\u0131n\u0131 hakim gerekli g\u00f6r\u00fcrse koyar g\u00f6rmezse koymaz. Ben hakimin takdirini sorgulayamam.<\/p>\n\n\n\n<h3 class=\"wp-block-heading\">&#8220;BARAJI G\u00dcL\u0130STAN \u0130\u00c7\u0130N D\u0130B\u0130NE KADAR BO\u015eALTTIK&#8221;<\/h3>\n\n\n\n<p>Soru\u015fturmay\u0131 savc\u0131 devam ettirirken G\u00fclistan Doku\u2019nun ablas\u0131 bas\u0131na bir deme\u00e7 verdi. \u2018Soylu\u2019ya ula\u015ft\u0131m ve baraj\u0131n aranmayacak olmas\u0131 bizi \u00fcz\u00fcyor\u2019 dedi ve yan\u0131ma gelip aramalar\u0131n devam etmesi gerekti\u011fini s\u00f6ylediler. Baraj\u0131n tam bo\u015falt\u0131l\u0131p bo\u015falt\u0131lamayaca\u011f\u0131n\u0131 \u00f6\u011frendim bunun \u00e7ok sa\u011fl\u0131kl\u0131 olmad\u0131\u011f\u0131n\u0131 s\u00f6ylediler. Yar\u0131m seviye bo\u015falt\u0131lmas\u0131 y\u00f6n\u00fcnde en az\u0131ndan temaslar kurdum. 261 g\u00fcn orada \u00e7al\u0131\u015fma yap\u0131ld\u0131. Netice itibar\u0131yla yar\u0131m seviye bo\u015falt\u0131ld\u0131 olmad\u0131 tam seviyenin dibine kadar bo\u015faltt\u0131k baraj\u0131.&nbsp;Diyelim ki orada bir ihmal var ba\u015fka bir \u015fey var, hepsi sorgulanmal\u0131d\u0131r. Bu konu o g\u00fcn karart\u0131lm\u0131\u015fsa b\u00f6yle bir ihtimal varsa bunun hesab\u0131n\u0131 sormak G\u00fclistan karde\u015fimiz kadar bizim de en b\u00fcy\u00fck hakk\u0131m\u0131zd\u0131r.&nbsp;<\/p>\n\n\n\n<h3 class=\"wp-block-heading\">&#8220;UCU NEREYE G\u0130DERSE G\u0130TS\u0130N ALNIMIZ A\u00c7IK&#8221;<\/h3>\n\n\n\n<p>Bug\u00fcn de yap\u0131lanlar\u0131n sonuna kadar arkas\u0131nday\u0131z, ucu nereye giderse gitsin aln\u0131m\u0131z a\u00e7\u0131k\u2026 Sanki su\u00e7luymu\u015f gibi bir ideolojik olarak davran\u0131\u015flar yak\u0131\u015fmaz. T\u00fcrkiye\u2019de faili me\u00e7hulleri AK Parti bitirmi\u015ftir. Hele 15 Temmuz\u2019dan sonra devlet FET\u00d6\u2019den ar\u0131nd\u0131ktan sonra 2021-2022-2023-2024-2025\u2019te T\u00fcrkiye\u2019de polis b\u00f6lgesinde bir tane faili me\u00e7hul yoktur. D\u00fcnyada bir tane \u00f6rne\u011fi yoktur, g\u00f6sterin kellemi kesece\u011fim. T\u00fcrkiye\u2019de ortalama 2010-2016 aras\u0131 25-26 faili me\u00e7hul vard\u0131r. Siyasi faili me\u00e7huller de\u011fil bunlar. 2017 y\u0131l\u0131nda 21, 2018\u2019de 8, 2019 y\u0131l\u0131 4, 2020 y\u0131l\u0131 3, 2021 y\u0131l\u0131 0\u2026 T\u00fcrkiye\u2019de ortalama y\u0131ll\u0131k bin 800 ile 2 bin 200 aras\u0131 cinayet olur. Bunun anlam\u0131 \u015fudur iktidar\u0131m\u0131zdaki 23 y\u0131l boyunca 45-46 bin cinayet anlam\u0131na gelir bu. Faili me\u00e7hul say\u0131s\u0131 ka\u00e7 638! Y\u00fczde 1,5\u2019a denk gelir. Almanya\u2019da bu oran y\u00fczde 10, \u0130ngiltere\u2019de 5 puan y\u00fcksek, Amerika\u2019da y\u00fczde 50!<\/p>\n\n\n\n<h3 class=\"wp-block-heading\">&#8220;D\u00d6NEM B\u0130T\u0130NCE S\u0130YASET\u0130 BIRAKIYORUM&#8221;<\/h3>\n\n\n\n<p>\u015eu anda yap\u0131lmas\u0131 gereken tek bir \u015fey var. Meseleyi siyasalla\u015ft\u0131rmadan meselenin ayd\u0131nlatabilmesi i\u00e7in soru\u015fturman\u0131n yak\u0131ndan takip edilmesidir. Ben oraya bir milletvekili olarak gidiyorum. Ben oraya Cumhurba\u015fkan\u0131 Recep Tayyip Erdo\u011fan\u2019\u0131 dinlemek i\u00e7in gidiyorum. \u00c7ok Meclis m\u00fcdavimi de\u011filim. D\u00f6nemin bitmesini bekliyorum. Siyaseti b\u0131rak\u0131yorum sonra, siyaseti zihnimde b\u0131rakt\u0131m zaten. Davam\u0131 b\u0131rak\u0131r m\u0131y\u0131m peki? B\u0131rakmam.<\/p>\n\n\n\n<h3 class=\"wp-block-heading\">MUHAB\u0130RE NEDEN TEPK\u0130 G\u00d6STERD\u0130?<\/h3>\n\n\n\n<p>Peki bir gazetecinin gelip bir g\u00fcnl\u00fck meselede, grup toplant\u0131s\u0131 i\u00e7inde bana bir soru sormas\u0131 ve benim o soruya cevap vermem Tayyip Erdo\u011fan\u2019\u0131n g\u00fcndemini ve k\u00fcrs\u00fcs\u00fcn\u00fc i\u015fgal hareketi olmaz m\u0131? \u0130\u015fgal hareketi olur. Ben b\u00f6yle d\u00fc\u015f\u00fcn\u00fcyorum. Ben orada hi\u00e7bir \u015fekilde cevap vermem. D\u0131\u015far\u0131 \u00e7\u0131kar\u0131z, orada yan\u0131ma gelir, ba\u015f\u0131m\u0131n \u00fczerinde yeri var. Sanki biri foto\u011fraf \u00e7ekmek i\u00e7in geliyor. Yan\u0131mdaki arkada\u015f\u0131m\u0131 d\u00fcrtt\u00fcm: \u2018\u00dcst\u00fcn\u00fc d\u00fczelt, arkada\u015flar\u0131n foto\u011fraflar\u0131nda bizde yanl\u0131\u015f \u00e7\u0131kmayal\u0131m\u2019. Bakt\u0131m geldi, G\u00fclistan Doku ile ilgili soru sormaya ba\u015flad\u0131. Bu b\u00f6yle mi olur, onun mesle\u011fine sayg\u0131ysa benim de mesle\u011fime sayg\u0131. Grup ba\u015fkan\u0131yla bir izin al\u0131nm\u0131\u015ft\u0131r orada konu\u015furlar ama ben konu\u015fmam. Ben bir milletvekiliyim bana bir soru soruldu\u011funda cevap verirsem Cumhurba\u015fkan\u0131n\u0131n konu\u015fmas\u0131n\u0131 manip\u00fcle etmi\u015f olurum. Kameray\u0131 do\u011frultunca izin ald\u0131n m\u0131 diye sordum. Bu do\u011fru bir \u015fey de\u011fil. Televizyonun genel yay\u0131n y\u00f6netmenini de arad\u0131m. Durumu izah ettim.&nbsp;<\/p>\n\n\n\n<h3 class=\"wp-block-heading\">&#8220;EL\u0130NDE B\u0130LG\u0130S\u0130 OLAN, BELGES\u0130 OLAN, ORTAYA KOYMAYAN NAMERTT\u0130R&#8221;<\/h3>\n\n\n\n<p>2028\u2019den sonra bana bir ki\u015fi 1 g\u00fcn siyaset yapt\u0131ramaz. Elinde bilgisi olan, belgesi olan, ortaya koymayan namerttir. Bundan sonra murad\u0131m \u015fudur. Geldik memleketimize \u00fclkemize hizmet ettik. Hi\u00e7 kimseye k\u0131zg\u0131n de\u011filim. \u00dclkem i\u00e7in gerekli g\u00f6revleri yapt\u0131\u011f\u0131ma inan\u0131yorum \u015fimdiye kadar.&nbsp;Arkada\u015flar\u0131m bana soru sorarlarsa bir konuda bilgimi tecr\u00fcbemi aktar\u0131r\u0131m. Ben 2028 itibar\u0131yla meselemi tamamlad\u0131m. Kimseye k\u0131rg\u0131nl\u0131\u011f\u0131m yok tam tersi minnetim ve \u015f\u00fckran\u0131m var.<\/p>\n\n\n\n<h3 class=\"wp-block-heading\">RAB\u0130A NAZ VE ROJ\u0130N KABA\u0130\u015e DOSYASI&#8230;<\/h3>\n\n\n\n<p>Rabia Naz\u2019\u0131n babas\u0131yla defalarca say\u0131lar\u0131n\u0131 hesaplayamayaca\u011f\u0131m kadar konu\u015ftum. Bir baba d\u00fc\u015f\u00fcn\u00fcn \u00e7ocu\u011funu kaybetmi\u015f. Biz orada hi\u00e7bir \u015fey bulamad\u0131k. Ama en ufak bir ihtimal varsa gereken yap\u0131lmal\u0131d\u0131r. Olay\u0131n \u00e7\u00f6z\u00fclebilmesi i\u00e7in ne gerekiyorsa yap\u0131lmal\u0131d\u0131r. Ailenin kafas\u0131nda en ufak bir soru i\u015fareti kalmamal\u0131d\u0131r. Rojin Kabai\u015f konusunda da\u2026 Her ne yap\u0131lmas\u0131 gerekiyorsa Adalet Bakan\u0131m\u0131z da b\u00fcy\u00fck bir \u00e7aba sarf ediyor, bizler de destek\u00e7isi olaca\u011f\u0131z.&#8221;<\/p>\n\n\n\n<h3 class=\"wp-block-heading\">G\u00dcL\u0130STAN DOKU SORU\u015eTURMASI<\/h3>\n\n\n\n<p>Tunceli&#8217;de okuyan \u00fcniversite \u00f6\u011frencisi k\u0131zlar\u0131\u00a0G\u00fclistan\u00a0Doku&#8217;dan (21) 5 Ocak 2020&#8217;den itibaren <strong>haber<\/strong> alamayan ailesi, memleketleri Diyarbak\u0131r&#8217;dan Tunceli&#8217;ye gelerek 6 Ocak 2020&#8217;de emniyete kay\u0131p ba\u015fvurusunda bulunmu\u015f, ba\u015flat\u0131lan arama \u00e7al\u0131\u015fmalar\u0131ndan sonu\u00e7 elde edilememi\u015fti.<\/p>\n\n\n\n<p>Ula\u015f\u0131lan yeni bilgiler do\u011frultusunda Tunceli Cumhuriyet Ba\u015fsavc\u0131l\u0131\u011f\u0131nca &#8220;kasten \u00f6ld\u00fcrme&#8221;, &#8220;cinsel sald\u0131r\u0131&#8221;, &#8220;su\u00e7 delillerinin gizlenmesi-yok edilmesi&#8221;, &#8220;bili\u015fim sistemine hukuka ayk\u0131r\u0131 olarak girmek suretiyle verileri yok etme-bozma&#8221;, &#8220;ki\u015fiyi h\u00fcrriyetinden yoksun k\u0131lma&#8221;, &#8220;su\u00e7u bildirmeme&#8221; ve &#8220;su\u00e7luyu kay\u0131rma&#8221; su\u00e7lar\u0131ndan y\u00fcr\u00fct\u00fclen soru\u015fturma kapsam\u0131nda, aralar\u0131nda d\u00f6nemin Tunceli Valisi Tuncay Sonel&#8217;in de bulundu\u011fu 15 \u015f\u00fcpheli g\u00f6zalt\u0131na al\u0131nm\u0131\u015ft\u0131.<\/p>\n\n\n\n<p>\u015e\u00fcphelilerden Tuncay Sonel ile o\u011flu Mustafa T\u00fcrkay Sonel,&nbsp;Doku&#8217;nun SIM kart\u0131ndaki verileri sildi\u011fi iddia edilen eski polis G\u00f6khan Ertok, hastane kay\u0131tlar\u0131n\u0131 sildi\u011fi iddia edilen d\u00f6nemin Tunceli Devlet Hastanesi Ba\u015fhekimi \u00c7a\u011fda\u015f \u00d6zdemir, eski Tunceli \u0130l \u00d6zel \u0130daresi \u00e7al\u0131\u015fan\u0131 Erdo\u011fan Elald\u0131, Celal Alta\u015f, Nur\u015fen Ar\u0131kan, Ferhat Hanedan G\u00fcven,&nbsp;Doku&#8217;nun erkek arkada\u015f\u0131 Zeinal Abakarov, annesi Cemile Y\u00fccer ve eski polis olan \u00fcvey babas\u0131 Engin Y\u00fccer ile Tuncay Sonel&#8217;in o d\u00f6nem koruma polisli\u011fini yapan \u015e\u00fckr\u00fc Ero\u011flu tutuklanm\u0131\u015f, U\u011furcan A. ile Munzur \u00dcniversitesinin g\u00fcvenlik kameralar\u0131ndan sorumlu Sava\u015f G. ve S\u00fcleyman \u00d6. haklar\u0131nda yurt d\u0131\u015f\u0131na \u00e7\u0131k\u0131\u015f yasa\u011f\u0131 karar\u0131 verilerek adli kontrol \u015fart\u0131yla serbest b\u0131rak\u0131lm\u0131\u015ft\u0131.<\/p>\n","protected":false},"excerpt":{"rendered":"<p>Eski \u0130\u00e7i\u015fleri Bakan\u0131 S\u00fcleyman Soylu, T\u00fcrkiye&#8217;nin g\u00fcndeminden d\u00fc\u015fmeyen G\u00fclistan Doku soru\u015fturmas\u0131nda tutuklanan eski Tunceli Valisi Tuncay Sonel\u2019i korudu\u011fu y\u00f6n\u00fcndeki iddialara yan\u0131t verdi. Soylu, 2028 y\u0131l\u0131ndan sonra siyaseti b\u0131rakaca\u011f\u0131n\u0131 belirterek, \u201cElinde bilgisi olan, belgesi olan, ortaya koymayan namerttir\u201d dedi. Tunceli&#8217;de 5 Ocak 2020&#8217;den bu yana kay\u0131p olan Munzur \u00dcniversitesi \u00c7ocuk Geli\u015fimi B\u00f6l\u00fcm\u00fc 2. s\u0131n\u0131f \u00f6\u011frencisi G\u00fclistan [&hellip;]<\/p>\n","protected":false},"author":1,"featured_media":11836,"comment_status":"open","ping_status":"open","sticky":false,"template":"","format":"standard","meta":{"footnotes":""},"categories":[1],"tags":[4866,4263,4867,2619],"class_list":["post-11835","post","type-post","status-publish","format-standard","has-post-thumbnail","hentry","category-gundem","tag-gulistan-doku","tag-suleyman-soylu","tag-tuncay-sonel","tag-tunceli"],"_links":{"self":[{"href":"https:\/\/www.trabzonmanset.com\/index.php\/wp-json\/wp\/v2\/posts\/11835","targetHints":{"allow":["GET"]}}],"collection":[{"href":"https:\/\/www.trabzonmanset.com\/index.php\/wp-json\/wp\/v2\/posts"}],"about":[{"href":"https:\/\/www.trabzonmanset.com\/index.php\/wp-json\/wp\/v2\/types\/post"}],"author":[{"embeddable":true,"href":"https:\/\/www.trabzonmanset.com\/index.php\/wp-json\/wp\/v2\/users\/1"}],"replies":[{"embeddable":true,"href":"https:\/\/www.trabzonmanset.com\/index.php\/wp-json\/wp\/v2\/comments?post=11835"}],"version-history":[{"count":1,"href":"https:\/\/www.trabzonmanset.com\/index.php\/wp-json\/wp\/v2\/posts\/11835\/revisions"}],"predecessor-version":[{"id":11837,"href":"https:\/\/www.trabzonmanset.com\/index.php\/wp-json\/wp\/v2\/posts\/11835\/revisions\/11837"}],"wp:featuredmedia":[{"embeddable":true,"href":"https:\/\/www.trabzonmanset.com\/index.php\/wp-json\/wp\/v2\/media\/11836"}],"wp:attachment":[{"href":"https:\/\/www.trabzonmanset.com\/index.php\/wp-json\/wp\/v2\/media?parent=11835"}],"wp:term":[{"taxonomy":"category","embeddable":true,"href":"https:\/\/www.trabzonmanset.com\/index.php\/wp-json\/wp\/v2\/categories?post=11835"},{"taxonomy":"post_tag","embeddable":true,"href":"https:\/\/www.trabzonmanset.com\/index.php\/wp-json\/wp\/v2\/tags?post=11835"}],"curies":[{"name":"wp","href":"https:\/\/api.w.org\/{rel}","templated":true}]}}