{"id":11829,"date":"2026-05-01T18:59:00","date_gmt":"2026-05-01T15:59:00","guid":{"rendered":"https:\/\/www.trabzonmanset.com\/?p=11829"},"modified":"2026-05-01T22:14:17","modified_gmt":"2026-05-01T19:14:17","slug":"bakan-fidan-hasdi-sabi-komisyonu-baskani-el-feyyad-ile-bir-araya-geldi","status":"publish","type":"post","link":"https:\/\/www.trabzonmanset.com\/index.php\/2026\/05\/01\/bakan-fidan-hasdi-sabi-komisyonu-baskani-el-feyyad-ile-bir-araya-geldi\/","title":{"rendered":"Bakan Fidan, Ha\u015fdi \u015eabi Komisyonu Ba\u015fkan\u0131 el-Feyyad ile bir araya geldi"},"content":{"rendered":"\n<p>D\u0131\u015fi\u015fleri Bakan\u0131 Hakan Fidan, Ha\u015fdi \u015eabi Komisyonu Ba\u015fkan\u0131 Falih el-Feyyad ile bir araya geldi.<\/p>\n\n\n\n<p>Bakanl\u0131ktan yap\u0131lan a\u00e7\u0131klamada, &#8220;D\u0131\u015fi\u015fleri Bakan\u0131 Hakan Fidan, Ha\u015fdi \u015eabi Komisyonu Ba\u015fkan\u0131 Falih el-Feyyad ile Ankara\u2019da bir araya geldi&#8221; denildi. G\u00f6r\u00fc\u015fmeye ili\u015fkin foto\u011fraf payla\u015f\u0131ld\u0131.<\/p>\n\n\n\n<p>Kaynak: DHA<\/p>\n\n\n\n<p><\/p>\n","protected":false},"excerpt":{"rendered":"<p>D\u0131\u015fi\u015fleri Bakan\u0131 Hakan Fidan, Ha\u015fdi \u015eabi Komisyonu Ba\u015fkan\u0131 Falih el-Feyyad ile bir araya geldi. Bakanl\u0131ktan yap\u0131lan a\u00e7\u0131klamada, &#8220;D\u0131\u015fi\u015fleri Bakan\u0131 Hakan Fidan, Ha\u015fdi \u015eabi Komisyonu Ba\u015fkan\u0131 Falih el-Feyyad ile Ankara\u2019da bir araya geldi&#8221; denildi. G\u00f6r\u00fc\u015fmeye ili\u015fkin foto\u011fraf payla\u015f\u0131ld\u0131. Kaynak: DHA<\/p>\n","protected":false},"author":1,"featured_media":11830,"comment_status":"open","ping_status":"open","sticky":false,"template":"","format":"standard","meta":{"footnotes":""},"categories":[1],"tags":[230,5031,868,2093],"class_list":["post-11829","post","type-post","status-publish","format-standard","has-post-thumbnail","hentry","category-gundem","tag-ankara","tag-falih-el-feyyad","tag-hakan-fidan","tag-hasdi-sabi"],"_links":{"self":[{"href":"https:\/\/www.trabzonmanset.com\/index.php\/wp-json\/wp\/v2\/posts\/11829","targetHints":{"allow":["GET"]}}],"collection":[{"href":"https:\/\/www.trabzonmanset.com\/index.php\/wp-json\/wp\/v2\/posts"}],"about":[{"href":"https:\/\/www.trabzonmanset.com\/index.php\/wp-json\/wp\/v2\/types\/post"}],"author":[{"embeddable":true,"href":"https:\/\/www.trabzonmanset.com\/index.php\/wp-json\/wp\/v2\/users\/1"}],"replies":[{"embeddable":true,"href":"https:\/\/www.trabzonmanset.com\/index.php\/wp-json\/wp\/v2\/comments?post=11829"}],"version-history":[{"count":1,"href":"https:\/\/www.trabzonmanset.com\/index.php\/wp-json\/wp\/v2\/posts\/11829\/revisions"}],"predecessor-version":[{"id":11831,"href":"https:\/\/www.trabzonmanset.com\/index.php\/wp-json\/wp\/v2\/posts\/11829\/revisions\/11831"}],"wp:featuredmedia":[{"embeddable":true,"href":"https:\/\/www.trabzonmanset.com\/index.php\/wp-json\/wp\/v2\/media\/11830"}],"wp:attachment":[{"href":"https:\/\/www.trabzonmanset.com\/index.php\/wp-json\/wp\/v2\/media?parent=11829"}],"wp:term":[{"taxonomy":"category","embeddable":true,"href":"https:\/\/www.trabzonmanset.com\/index.php\/wp-json\/wp\/v2\/categories?post=11829"},{"taxonomy":"post_tag","embeddable":true,"href":"https:\/\/www.trabzonmanset.com\/index.php\/wp-json\/wp\/v2\/tags?post=11829"}],"curies":[{"name":"wp","href":"https:\/\/api.w.org\/{rel}","templated":true}]}}