{"id":11825,"date":"2026-05-01T18:18:00","date_gmt":"2026-05-01T15:18:00","guid":{"rendered":"https:\/\/www.trabzonmanset.com\/?p=11825"},"modified":"2026-05-01T22:08:49","modified_gmt":"2026-05-01T19:08:49","slug":"cumhurbaskani-erdogan-trtmizin-62nci-kurulus-yil-donumunu-tebrik-ediyorum","status":"publish","type":"post","link":"https:\/\/www.trabzonmanset.com\/index.php\/2026\/05\/01\/cumhurbaskani-erdogan-trtmizin-62nci-kurulus-yil-donumunu-tebrik-ediyorum\/","title":{"rendered":"Cumhurba\u015fkan\u0131 Erdo\u011fan: TRT&#8217;mizin 62&#8217;nci kurulu\u015f y\u0131l d\u00f6n\u00fcm\u00fcn\u00fc tebrik ediyorum"},"content":{"rendered":"\n<p>Cumhurba\u015fkan\u0131 Erdo\u011fan, sanal medya hesab\u0131ndan yapt\u0131\u011f\u0131 payla\u015f\u0131mda, &#8220;T\u00fcrkiye\u2019nin sesini, de\u011ferlerini, tarihini ve k\u00fclt\u00fcr\u00fcn\u00fc t\u00fcm d\u00fcnyaya yans\u0131tan; sorumlu, tarafs\u0131z, ilkeli habercilik anlay\u0131\u015f\u0131yla vatanda\u015flar\u0131m\u0131za \u00f6nemli bir hizmette bulunan TRT\u2019mizin 62\u2019nci kurulu\u015f y\u0131l d\u00f6n\u00fcm\u00fcn\u00fc can\u0131g\u00f6n\u00fclden tebrik ediyorum. TRT \u00e7al\u0131\u015fan\u0131 her bir karde\u015fime Allah\u2019tan muvaffakiyetler niyaz ediyorum&#8221; dedi.<\/p>\n\n\n\n<figure class=\"wp-block-image\"><a class=\"rhd-article-news-img-link nd-article__content-link\" href=\"javascript:;\"><img decoding=\"async\" src=\"https:\/\/image.dha.com.tr\/i\/dha\/75\/770x0\/69f4c45cce3eb91b24a1b7f5.jpg\" alt=\"Cumhurba\u015fkan\u0131 Erdo\u011fan: TRTmizin 62nci kurulu\u015f y\u0131l d\u00f6n\u00fcm\u00fcn\u00fc tebrik ediyorum\"\/><\/a><\/figure>\n\n\n\n<p><\/p>\n","protected":false},"excerpt":{"rendered":"<p>Cumhurba\u015fkan\u0131 Erdo\u011fan, sanal medya hesab\u0131ndan yapt\u0131\u011f\u0131 payla\u015f\u0131mda, &#8220;T\u00fcrkiye\u2019nin sesini, de\u011ferlerini, tarihini ve k\u00fclt\u00fcr\u00fcn\u00fc t\u00fcm d\u00fcnyaya yans\u0131tan; sorumlu, tarafs\u0131z, ilkeli habercilik anlay\u0131\u015f\u0131yla vatanda\u015flar\u0131m\u0131za \u00f6nemli bir hizmette bulunan TRT\u2019mizin 62\u2019nci kurulu\u015f y\u0131l d\u00f6n\u00fcm\u00fcn\u00fc can\u0131g\u00f6n\u00fclden tebrik ediyorum. TRT \u00e7al\u0131\u015fan\u0131 her bir karde\u015fime Allah\u2019tan muvaffakiyetler niyaz ediyorum&#8221; dedi.<\/p>\n","protected":false},"author":1,"featured_media":11827,"comment_status":"open","ping_status":"open","sticky":false,"template":"","format":"standard","meta":{"footnotes":""},"categories":[11],"tags":[846,3512],"class_list":["post-11825","post","type-post","status-publish","format-standard","has-post-thumbnail","hentry","category-manset","tag-cumhurbaskani-erdogan","tag-trt"],"_links":{"self":[{"href":"https:\/\/www.trabzonmanset.com\/index.php\/wp-json\/wp\/v2\/posts\/11825","targetHints":{"allow":["GET"]}}],"collection":[{"href":"https:\/\/www.trabzonmanset.com\/index.php\/wp-json\/wp\/v2\/posts"}],"about":[{"href":"https:\/\/www.trabzonmanset.com\/index.php\/wp-json\/wp\/v2\/types\/post"}],"author":[{"embeddable":true,"href":"https:\/\/www.trabzonmanset.com\/index.php\/wp-json\/wp\/v2\/users\/1"}],"replies":[{"embeddable":true,"href":"https:\/\/www.trabzonmanset.com\/index.php\/wp-json\/wp\/v2\/comments?post=11825"}],"version-history":[{"count":1,"href":"https:\/\/www.trabzonmanset.com\/index.php\/wp-json\/wp\/v2\/posts\/11825\/revisions"}],"predecessor-version":[{"id":11828,"href":"https:\/\/www.trabzonmanset.com\/index.php\/wp-json\/wp\/v2\/posts\/11825\/revisions\/11828"}],"wp:featuredmedia":[{"embeddable":true,"href":"https:\/\/www.trabzonmanset.com\/index.php\/wp-json\/wp\/v2\/media\/11827"}],"wp:attachment":[{"href":"https:\/\/www.trabzonmanset.com\/index.php\/wp-json\/wp\/v2\/media?parent=11825"}],"wp:term":[{"taxonomy":"category","embeddable":true,"href":"https:\/\/www.trabzonmanset.com\/index.php\/wp-json\/wp\/v2\/categories?post=11825"},{"taxonomy":"post_tag","embeddable":true,"href":"https:\/\/www.trabzonmanset.com\/index.php\/wp-json\/wp\/v2\/tags?post=11825"}],"curies":[{"name":"wp","href":"https:\/\/api.w.org\/{rel}","templated":true}]}}