{"id":11818,"date":"2026-05-01T19:10:00","date_gmt":"2026-05-01T16:10:00","guid":{"rendered":"https:\/\/www.trabzonmanset.com\/?p=11818"},"modified":"2026-05-01T21:54:28","modified_gmt":"2026-05-01T18:54:28","slug":"edirnede-1-mayis-sonrasi-turk-bayraklarinin-cope-atilmasina-tepki","status":"publish","type":"post","link":"https:\/\/www.trabzonmanset.com\/index.php\/2026\/05\/01\/edirnede-1-mayis-sonrasi-turk-bayraklarinin-cope-atilmasina-tepki\/","title":{"rendered":"Edirne\u2019de 1 May\u0131s sonras\u0131 T\u00fcrk bayraklar\u0131n\u0131n \u00e7\u00f6pe at\u0131lmas\u0131na tepki"},"content":{"rendered":"\n<figure class=\"wp-block-video\"><video controls src=\"https:\/\/www.trabzonmanset.com\/wp-content\/uploads\/2026\/05\/1mayis.mp4\"><\/video><\/figure>\n\n\n\n<p>Edirne\u2019de 1 May\u0131s Emek ve Dayan\u0131\u015fma G\u00fcn\u00fc kapsam\u0131nda ger\u00e7ekle\u015ftirilen kutlamalar\u0131n ard\u0131ndan, etkinlik alan\u0131nda afi\u015f ve \u00e7e\u015fitli materyallerle birlikte T\u00fcrk bayraklar\u0131n\u0131n \u00e7\u00f6pe at\u0131lmas\u0131 tepki \u00e7ekti.<\/p>\n\n\n\n<p>Kutlamalar\u0131n sona ermesinin ard\u0131ndan temizlik \u00e7al\u0131\u015fmalar\u0131 s\u0131ras\u0131nda baz\u0131 bayraklar\u0131n \u00e7\u00f6pler aras\u0131nda b\u0131rak\u0131ld\u0131\u011f\u0131n\u0131 g\u00f6ren belediye \u00e7al\u0131\u015fan\u0131 Recep \u0130rden, duruma m\u00fcdahale etti. Bayraklar\u0131n bu \u015fekilde at\u0131lmas\u0131n\u0131 do\u011fru bulmad\u0131\u011f\u0131n\u0131 ifade eden \u0130rden, \u00e7\u00f6pler aras\u0131ndaki t\u00fcm T\u00fcrk bayraklar\u0131n\u0131 tek tek toplayarak muhafaza alt\u0131na ald\u0131.<\/p>\n\n\n\n<p>\u00c7evrede bulunan vatanda\u015flar da ya\u015fanan duruma tepki g\u00f6sterirken, T\u00fcrk bayra\u011f\u0131n\u0131n milli de\u011fer oldu\u011fu ve daha hassas davran\u0131lmas\u0131 gerekti\u011fini dile getirdi.<\/p>\n\n\n\n<p>Recep \u0130rden\u2019in duyarl\u0131 davran\u0131\u015f\u0131 sosyal \u00e7evrede takdir toplad\u0131. Olay sonras\u0131 bir\u00e7ok ki\u015fi, etkinlik alanlar\u0131nda kullan\u0131lan bayrak ve benzeri de\u011ferlerin geli\u015fig\u00fczel \u015fekilde \u00e7\u00f6pe at\u0131lmamas\u0131 gerekti\u011fini belirtti.<\/p>\n\n\n\n<p>Kaynak: \u0130HA<\/p>\n","protected":false},"excerpt":{"rendered":"<p>Edirne\u2019de 1 May\u0131s Emek ve Dayan\u0131\u015fma G\u00fcn\u00fc kapsam\u0131nda ger\u00e7ekle\u015ftirilen kutlamalar\u0131n ard\u0131ndan, etkinlik alan\u0131nda afi\u015f ve \u00e7e\u015fitli materyallerle birlikte T\u00fcrk bayraklar\u0131n\u0131n \u00e7\u00f6pe at\u0131lmas\u0131 tepki \u00e7ekti. Kutlamalar\u0131n sona ermesinin ard\u0131ndan temizlik \u00e7al\u0131\u015fmalar\u0131 s\u0131ras\u0131nda baz\u0131 bayraklar\u0131n \u00e7\u00f6pler aras\u0131nda b\u0131rak\u0131ld\u0131\u011f\u0131n\u0131 g\u00f6ren belediye \u00e7al\u0131\u015fan\u0131 Recep \u0130rden, duruma m\u00fcdahale etti. Bayraklar\u0131n bu \u015fekilde at\u0131lmas\u0131n\u0131 do\u011fru bulmad\u0131\u011f\u0131n\u0131 ifade eden \u0130rden, \u00e7\u00f6pler aras\u0131ndaki [&hellip;]<\/p>\n","protected":false},"author":1,"featured_media":11819,"comment_status":"open","ping_status":"open","sticky":false,"template":"","format":"standard","meta":{"footnotes":""},"categories":[1,9],"tags":[5026,1931,5029],"class_list":["post-11818","post","type-post","status-publish","format-standard","has-post-thumbnail","hentry","category-gundem","category-video-galeri","tag-1-mayis","tag-edirne","tag-turk-bayrak"],"_links":{"self":[{"href":"https:\/\/www.trabzonmanset.com\/index.php\/wp-json\/wp\/v2\/posts\/11818","targetHints":{"allow":["GET"]}}],"collection":[{"href":"https:\/\/www.trabzonmanset.com\/index.php\/wp-json\/wp\/v2\/posts"}],"about":[{"href":"https:\/\/www.trabzonmanset.com\/index.php\/wp-json\/wp\/v2\/types\/post"}],"author":[{"embeddable":true,"href":"https:\/\/www.trabzonmanset.com\/index.php\/wp-json\/wp\/v2\/users\/1"}],"replies":[{"embeddable":true,"href":"https:\/\/www.trabzonmanset.com\/index.php\/wp-json\/wp\/v2\/comments?post=11818"}],"version-history":[{"count":1,"href":"https:\/\/www.trabzonmanset.com\/index.php\/wp-json\/wp\/v2\/posts\/11818\/revisions"}],"predecessor-version":[{"id":11821,"href":"https:\/\/www.trabzonmanset.com\/index.php\/wp-json\/wp\/v2\/posts\/11818\/revisions\/11821"}],"wp:featuredmedia":[{"embeddable":true,"href":"https:\/\/www.trabzonmanset.com\/index.php\/wp-json\/wp\/v2\/media\/11819"}],"wp:attachment":[{"href":"https:\/\/www.trabzonmanset.com\/index.php\/wp-json\/wp\/v2\/media?parent=11818"}],"wp:term":[{"taxonomy":"category","embeddable":true,"href":"https:\/\/www.trabzonmanset.com\/index.php\/wp-json\/wp\/v2\/categories?post=11818"},{"taxonomy":"post_tag","embeddable":true,"href":"https:\/\/www.trabzonmanset.com\/index.php\/wp-json\/wp\/v2\/tags?post=11818"}],"curies":[{"name":"wp","href":"https:\/\/api.w.org\/{rel}","templated":true}]}}