{"id":11815,"date":"2026-05-01T19:20:00","date_gmt":"2026-05-01T16:20:00","guid":{"rendered":"https:\/\/www.trabzonmanset.com\/?p=11815"},"modified":"2026-05-01T21:22:55","modified_gmt":"2026-05-01T18:22:55","slug":"trump-ticaret-savaslarini-yeniden-baslatti-avrupa-birligine-yuzde-25-ek-gumruk-vergisi","status":"publish","type":"post","link":"https:\/\/www.trabzonmanset.com\/index.php\/2026\/05\/01\/trump-ticaret-savaslarini-yeniden-baslatti-avrupa-birligine-yuzde-25-ek-gumruk-vergisi\/","title":{"rendered":"Trump, ticaret sava\u015flar\u0131n\u0131 yeniden ba\u015flatt\u0131: Avrupa Birli\u011fi&#8217;ne y\u00fczde 25 ek g\u00fcmr\u00fck vergisi"},"content":{"rendered":"\n<p>ABD Ba\u015fkan\u0131 Donald Trump, gelecek hafta Avrupa Birli\u011fi&#8217;nden ithal edilen otomobil ve kamyonlara uygulanan g\u00fcmr\u00fck vergilerini y\u00fczde 25&#8217;e \u00e7\u0131karaca\u011f\u0131n\u0131 a\u00e7\u0131klad\u0131. Trump, Avrupa&#8217;y\u0131 ticaret anla\u015fmas\u0131na &#8216;uymamakla&#8217; da su\u00e7lad\u0131.<\/p>\n\n\n\n<p>Bir yandan \u0130ran ile ate\u015fkes ve bar\u0131\u015f g\u00f6r\u00fc\u015fmelerini s\u00fcrd\u00fcren ABD Ba\u015fkan\u0131 Donald Trump, di\u011fer yandan ise ticaret sava\u015flar\u0131n\u0131 yeniden ba\u015flatt\u0131.&nbsp;<\/p>\n\n\n\n<h3 class=\"wp-block-heading\">AB&#8217;YE Y\u00dcZDE 25 EK G\u00dcMR\u00dcK VERG\u0130S\u0130<\/h3>\n\n\n\n<p>Trump, gelecek hafta Avrupa Birli\u011fi men\u015feli otomobil ve kamyonlara uygulanan tarifelerin y\u00fczde 25&#8217;e \u00e7\u0131kar\u0131laca\u011f\u0131n\u0131 a\u00e7\u0131klad\u0131.&nbsp;Trump, karar\u0131 Avrupa Birli\u011fi\u2019nin \u00fczerinde anla\u015fmaya var\u0131lm\u0131\u015f olan ticaret anla\u015fmas\u0131na uymamas\u0131 nedeniyle ald\u0131\u011f\u0131n\u0131 s\u00f6yledi.<\/p>\n\n\n\n<p>Trump, Truth Social hesab\u0131ndan konuya ili\u015fkin yapt\u0131\u011f\u0131 payla\u015f\u0131mda otomobil ve kamyonlar\u0131n ABD&#8217;deki fabrikalarda \u00fcretilmesi halinde herhangi bir tarife uygulanmayaca\u011f\u0131 konusunda anla\u015f\u0131ld\u0131\u011f\u0131na i\u015faret eden Trump, halihaz\u0131rda bir\u00e7ok otomobil ve kamyon fabrikas\u0131n\u0131n in\u015fas\u0131n\u0131n devam etti\u011fini, bu s\u00fcre\u00e7te 100 milyar dolar\u0131n \u00fczerinde yat\u0131r\u0131m yap\u0131ld\u0131\u011f\u0131n\u0131 ve bunun otomobil ve kamyon \u00fcretim tarihinde bir &#8220;rekor&#8221; oldu\u011funu ifade etti.<\/p>\n\n\n\n<h3 class=\"wp-block-heading\">&#8220;BUG\u00dcN AMER\u0130KA&#8217;DA YA\u015eANANLARA BENZER B\u0130R \u015eEY DAHA \u00d6NCE H\u0130\u00c7 YA\u015eANMAMI\u015eTI&#8221;&nbsp;<\/h3>\n\n\n\n<p>Trump, Amerikal\u0131 i\u015f\u00e7ilerin istihdam edilece\u011fi bu fabrikalar\u0131n yak\u0131nda faaliyete ge\u00e7ece\u011fini vurgulayarak, &#8220;Bug\u00fcn Amerika&#8217;da ya\u015fananlara benzer bir \u015fey daha \u00f6nce hi\u00e7 ya\u015fanmam\u0131\u015ft\u0131.&#8221; de\u011ferlendirmesinde bulundu.<\/p>\n\n\n\n<h3 class=\"wp-block-heading\">AB VE ABD ARASINDAK\u0130 T\u0130CARET ANLA\u015eMASI<\/h3>\n\n\n\n<p>ABD Y\u00fcksek Mahkemesi, 20 \u015eubat&#8217;ta Ba\u015fkan Donald Trump taraf\u0131ndan y\u00fcr\u00fcrl\u00fc\u011fe konulan tarifelerin dayand\u0131r\u0131ld\u0131\u011f\u0131 IEEPA&#8217;n\u0131n Ba\u015fkana tarife koyma yetkisi vermedi\u011fine h\u00fckmetmi\u015fti.<\/p>\n\n\n\n<p>S\u00f6z konusu karar \u00fczerine ABD Ba\u015fkan\u0131 Trump, ayn\u0131 g\u00fcn 1974 Ticaret Yasas\u0131&#8217;n\u0131n 122. B\u00f6l\u00fcm\u00fc uyar\u0131nca t\u00fcm \u00fclkelere y\u00fczde 10 k\u00fcresel g\u00fcmr\u00fck vergisi getirilmesine ili\u015fkin karar\u0131 imzalam\u0131\u015ft\u0131. Trump, 21 \u015eubat&#8217;ta ise ABD&#8217;nin di\u011fer \u00fclkelerden ithal etti\u011fi \u00fcr\u00fcnlere uygulanacak y\u00fczde 10&#8217;luk k\u00fcresel tarife oran\u0131n\u0131 y\u00fczde 15&#8217;e \u00e7\u0131karaca\u011f\u0131n\u0131 duyurmu\u015ftu.<\/p>\n\n\n\n<p>Sonras\u0131nda AB ile ABD aras\u0131nda ba\u015flayan ticaret anla\u015fmas\u0131 g\u00f6r\u00fc\u015fmeleri Temmuz 2025\u2019te \u0130sko\u00e7ya&#8217;daki Trump&#8217;a ait Turnberry golf sahas\u0131nda tamamlanm\u0131\u015ft\u0131.&nbsp;Turnberry Anla\u015fmas\u0131 kapsam\u0131nda AB \u00fclkeleri ABD \u00fcr\u00fcnlerine g\u00fcmr\u00fck tarifesi uygulamamay\u0131 kabul etmi\u015f, buna kar\u015f\u0131l\u0131k ABD&#8217;nin AB \u00fcr\u00fcnlerine y\u00fczde 15 tarife uygulayaca\u011f\u0131 a\u00e7\u0131klanm\u0131\u015ft\u0131.<\/p>\n\n\n\n<p><\/p>\n","protected":false},"excerpt":{"rendered":"<p>ABD Ba\u015fkan\u0131 Donald Trump, gelecek hafta Avrupa Birli\u011fi&#8217;nden ithal edilen otomobil ve kamyonlara uygulanan g\u00fcmr\u00fck vergilerini y\u00fczde 25&#8217;e \u00e7\u0131karaca\u011f\u0131n\u0131 a\u00e7\u0131klad\u0131. Trump, Avrupa&#8217;y\u0131 ticaret anla\u015fmas\u0131na &#8216;uymamakla&#8217; da su\u00e7lad\u0131. Bir yandan \u0130ran ile ate\u015fkes ve bar\u0131\u015f g\u00f6r\u00fc\u015fmelerini s\u00fcrd\u00fcren ABD Ba\u015fkan\u0131 Donald Trump, di\u011fer yandan ise ticaret sava\u015flar\u0131n\u0131 yeniden ba\u015flatt\u0131.&nbsp; AB&#8217;YE Y\u00dcZDE 25 EK G\u00dcMR\u00dcK VERG\u0130S\u0130 Trump, gelecek [&hellip;]<\/p>\n","protected":false},"author":1,"featured_media":11816,"comment_status":"open","ping_status":"open","sticky":false,"template":"","format":"standard","meta":{"footnotes":""},"categories":[127],"tags":[160,2300,924,181,5028],"class_list":["post-11815","post","type-post","status-publish","format-standard","has-post-thumbnail","hentry","category-dunya","tag-abd","tag-avrupa-birligi","tag-donald-trump","tag-iran","tag-ticaret-savasi"],"_links":{"self":[{"href":"https:\/\/www.trabzonmanset.com\/index.php\/wp-json\/wp\/v2\/posts\/11815","targetHints":{"allow":["GET"]}}],"collection":[{"href":"https:\/\/www.trabzonmanset.com\/index.php\/wp-json\/wp\/v2\/posts"}],"about":[{"href":"https:\/\/www.trabzonmanset.com\/index.php\/wp-json\/wp\/v2\/types\/post"}],"author":[{"embeddable":true,"href":"https:\/\/www.trabzonmanset.com\/index.php\/wp-json\/wp\/v2\/users\/1"}],"replies":[{"embeddable":true,"href":"https:\/\/www.trabzonmanset.com\/index.php\/wp-json\/wp\/v2\/comments?post=11815"}],"version-history":[{"count":1,"href":"https:\/\/www.trabzonmanset.com\/index.php\/wp-json\/wp\/v2\/posts\/11815\/revisions"}],"predecessor-version":[{"id":11817,"href":"https:\/\/www.trabzonmanset.com\/index.php\/wp-json\/wp\/v2\/posts\/11815\/revisions\/11817"}],"wp:featuredmedia":[{"embeddable":true,"href":"https:\/\/www.trabzonmanset.com\/index.php\/wp-json\/wp\/v2\/media\/11816"}],"wp:attachment":[{"href":"https:\/\/www.trabzonmanset.com\/index.php\/wp-json\/wp\/v2\/media?parent=11815"}],"wp:term":[{"taxonomy":"category","embeddable":true,"href":"https:\/\/www.trabzonmanset.com\/index.php\/wp-json\/wp\/v2\/categories?post=11815"},{"taxonomy":"post_tag","embeddable":true,"href":"https:\/\/www.trabzonmanset.com\/index.php\/wp-json\/wp\/v2\/tags?post=11815"}],"curies":[{"name":"wp","href":"https:\/\/api.w.org\/{rel}","templated":true}]}}