{"id":11812,"date":"2026-05-01T20:51:00","date_gmt":"2026-05-01T17:51:00","guid":{"rendered":"https:\/\/www.trabzonmanset.com\/?p=11812"},"modified":"2026-05-01T21:15:52","modified_gmt":"2026-05-01T18:15:52","slug":"kirikkale-belediyesinin-1-mayis-videosu-tartisma-yaratti","status":"publish","type":"post","link":"https:\/\/www.trabzonmanset.com\/index.php\/2026\/05\/01\/kirikkale-belediyesinin-1-mayis-videosu-tartisma-yaratti\/","title":{"rendered":"K\u0131r\u0131kkale Belediyesi&#8217;nin 1 May\u0131s videosu tart\u0131\u015fma yaratt\u0131"},"content":{"rendered":"\n<p>K\u0131r\u0131kkale Belediyesi\u2019nin 1 May\u0131s Emek ve Dayan\u0131\u015fma G\u00fcn\u00fc i\u00e7in payla\u015ft\u0131\u011f\u0131 video, sosyal medyada geni\u015f yank\u0131 uyand\u0131rd\u0131. \u00c7amur i\u00e7inde \u00e7al\u0131\u015fan bir i\u015f\u00e7iye pastadaki mumun \u00fcfletildi\u011fi g\u00f6r\u00fcnt\u00fcler, k\u0131sa s\u00fcrede binlerce yorum al\u0131rken; bir kesim videoyu \u201csamimi ve g\u00fcl\u00fcmseten\u201d buldu, di\u011fer kesim ise i\u015f g\u00fcvenli\u011fi eksikli\u011fi ve \u00e7al\u0131\u015fma ko\u015fullar\u0131 \u00fczerinden sert ele\u015ftiriler y\u00f6neltti. Tart\u0131\u015fma, 1 May\u0131s\u2019\u0131n anlam\u0131 ve i\u015f\u00e7i haklar\u0131 ekseninde b\u00fcy\u00fcyerek iki farkl\u0131 bak\u0131\u015f\u0131 kar\u015f\u0131 kar\u015f\u0131ya getirdi.<\/p>\n\n\n\n<p>CHP&#8217;li K\u0131r\u0131kkale Belediyesi\u2019nin 1 May\u0131s Emek ve Dayan\u0131\u015fma G\u00fcn\u00fc dolay\u0131s\u0131yla payla\u015ft\u0131\u011f\u0131 video, sosyal medyada geni\u015f yank\u0131 uyand\u0131rd\u0131. K\u0131sa s\u00fcrede binlerce yorum alan g\u00f6r\u00fcnt\u00fcler, i\u015f\u00e7i haklar\u0131, \u00e7al\u0131\u015fma ko\u015fullar\u0131 ve belediyelerin sosyal medya dili \u00fczerinden iki farkl\u0131 g\u00f6r\u00fc\u015f\u00fc kar\u015f\u0131 kar\u015f\u0131ya getirdi.<\/p>\n\n\n\n<h3 class=\"wp-block-heading\">SIRA DI\u015eI KUTLAMA G\u00dcNDEM OLDU<\/h3>\n\n\n\n<p>Payla\u015f\u0131lan videoda, bir kaz\u0131 alan\u0131nda \u00e7amur i\u00e7inde \u00e7al\u0131\u015fan bir i\u015f\u00e7inin yan\u0131na pasta ile gidildi\u011fi g\u00f6r\u00fcl\u00fcyor. \u0130\u015f\u00e7inin ba\u015f\u0131na simli bir do\u011fum g\u00fcn\u00fc \u015fapkas\u0131 tak\u0131l\u0131rken, \u00fczerinde mum olan bir pasta getiriliyor.&nbsp;<\/p>\n\n\n\n<p>1 May\u0131s \u0130\u015f\u00e7i Bayram\u0131&#8217;nda da \u00e7al\u0131\u015fan i\u015f\u00e7inin elindeki k\u00fcre\u011fi b\u0131rakmadan pastay\u0131 \u00fcfledi\u011fi ve hemen ard\u0131ndan \u00e7al\u0131\u015fmaya devam etti\u011fi anlar dikkat \u00e7ekti.<\/p>\n\n\n\n<p>G\u00f6r\u00fcnt\u00fcler, k\u0131sa s\u00fcrede sosyal medyada h\u0131zla yay\u0131ld\u0131.<\/p>\n\n\n\n<h3 class=\"wp-block-heading\">\u201cG\u00d6STERMEL\u0130K KUTLAMA\u201d ELE\u015eT\u0130R\u0130LER\u0130<\/h3>\n\n\n\n<p>Videoda \u00f6zellikle i\u015f g\u00fcvenli\u011fi ekipmanlar\u0131n\u0131n eksikli\u011fi ve kutlaman\u0131n s\u00fcresi ele\u015ftiri konusu oldu. Bir\u00e7ok kullan\u0131c\u0131, g\u00f6r\u00fcnt\u00fcleri \u201cg\u00f6stermelik kutlama\u201d ve \u201cemek s\u00f6m\u00fcr\u00fcs\u00fc\u201d olarak de\u011ferlendirdi.<\/p>\n\n\n\n<p>Yorumlarda, 1 May\u0131s\u2019\u0131n bir bayram oldu\u011fu ve i\u015f\u00e7ilerin \u00e7al\u0131\u015ft\u0131r\u0131lmak yerine dinlenmesi gerekti\u011fi vurgulan\u0131rken, bu t\u00fcr i\u00e7eriklerin etik olmad\u0131\u011f\u0131 savunuldu.<\/p>\n\n\n\n<h3 class=\"wp-block-heading\">DESTEKLEYENLER DE VAR<\/h3>\n\n\n\n<p>\u00d6te yandan baz\u0131 kullan\u0131c\u0131lar ise videonun samimi ve hayat\u0131n i\u00e7inden bir an\u0131 yans\u0131tt\u0131\u011f\u0131n\u0131 belirtti. Belediye y\u00f6netiminin mizahi ve s\u0131cak bir ileti\u015fim dili kurmaya \u00e7al\u0131\u015ft\u0131\u011f\u0131n\u0131 savunan bu kesim, i\u015f\u00e7inin g\u00f6r\u00fcnt\u00fclerde g\u00f6n\u00fcll\u00fc yer ald\u0131\u011f\u0131n\u0131 ve payla\u015f\u0131m\u0131n abart\u0131ld\u0131\u011f\u0131n\u0131 ifade etti.<\/p>\n\n\n\n<h3 class=\"wp-block-heading\">\u201cBAZI MESLEKLERDE TAT\u0130L OLMAZ\u201d YORUMU<\/h3>\n\n\n\n<p>Tart\u0131\u015fmalarda \u00f6ne \u00e7\u0131kan bir di\u011fer g\u00f6r\u00fc\u015f ise baz\u0131 mesleklerde \u00e7al\u0131\u015fman\u0131n zorunlu oldu\u011fu y\u00f6n\u00fcnde oldu. Bu g\u00f6r\u00fc\u015f\u00fc savunan kullan\u0131c\u0131lar, g\u00fcnl\u00fck ya\u015fam\u0131n devam\u0131 i\u00e7in baz\u0131 i\u015f kollar\u0131nda 1 May\u0131s\u2019ta da \u00e7al\u0131\u015f\u0131lmas\u0131 gerekti\u011fini dile getirdi.<\/p>\n\n\n\n<p>\u0130\u015fte o yorumlardan baz\u0131lar\u0131:&nbsp;<\/p>\n\n\n\n<p>&#8220;Evet T\u00fcrkiye&#8217;nin ac\u0131 ger\u00e7e\u011fi. G\u00f6stermelik kutlama yapan patronlar. Adamlar\u0131n tatil yapmas\u0131 gerekti\u011fi yerde yap\u0131lan harekete bak, gram ak\u0131l yok.&#8221;<\/p>\n\n\n\n<p>&#8220;G\u00fcvenlik yok, baret yok, \u00e7amur i\u00e7inde pasta \u00fcfletip &#8216;hadi \u015fimdi \u00e7al\u0131\u015f&#8217; demek kutlama de\u011fil \u015fovdur.&#8221;<\/p>\n\n\n\n<p>&#8220;Duyar kasmay\u0131n arkada\u015flar. K\u0131r\u0131kkale Belediyesi yeni ba\u015fkanla birlikte komik payla\u015f\u0131mlar yaparak vatanda\u015f\u0131 g\u00fcl\u00fcmsetmeye \u00e7al\u0131\u015f\u0131yor. \u0130\u015f\u00e7iden m\u00fcsaade al\u0131nm\u0131\u015ft\u0131r, \u00e7ok sevimli bir payla\u015f\u0131m.&#8221;<\/p>\n\n\n\n<p>&#8220;Evinize b.k bast\u0131\u011f\u0131nda veya suyunuz patlad\u0131\u011f\u0131nda &#8216;bug\u00fcn 1 May\u0131s i\u015f\u00e7iler tatil yaps\u0131n&#8217; diyerek yar\u0131n\u0131 m\u0131 bekleyeceksiniz? Baz\u0131 meslekler maalesef b\u00f6yle. Bu i\u015f\u00e7iler as\u0131l bayram\u0131 hak edenlerdir.&#8221;<\/p>\n\n\n\n<h3 class=\"wp-block-heading\">M\u0130ZAH MI, \u0130HMAL M\u0130?<\/h3>\n\n\n\n<p>Ya\u015fanan tart\u0131\u015fma, T\u00fcrkiye\u2019de i\u015f\u00e7i sa\u011fl\u0131\u011f\u0131 ve i\u015f g\u00fcvenli\u011fi standartlar\u0131n\u0131 yeniden g\u00fcndeme ta\u015f\u0131d\u0131. Bir taraf videoyu \u201csempatik bir payla\u015f\u0131m\u201d olarak g\u00f6r\u00fcrken, di\u011fer taraf i\u015f\u00e7inin \u00e7al\u0131\u015fma ko\u015fullar\u0131n\u0131n bu \u015fekilde sunulmas\u0131n\u0131 ele\u015ftirdi.<\/p>\n\n\n\n<p>Belediyenin sosyal medya ekibinin amac\u0131 tart\u0131\u015fma konusu olurken, payla\u015f\u0131m\u0131n ard\u0131ndan hen\u00fcz resmi bir a\u00e7\u0131klama yap\u0131lmad\u0131.<\/p>\n\n\n\n<p><\/p>\n","protected":false},"excerpt":{"rendered":"<p>K\u0131r\u0131kkale Belediyesi\u2019nin 1 May\u0131s Emek ve Dayan\u0131\u015fma G\u00fcn\u00fc i\u00e7in payla\u015ft\u0131\u011f\u0131 video, sosyal medyada geni\u015f yank\u0131 uyand\u0131rd\u0131. \u00c7amur i\u00e7inde \u00e7al\u0131\u015fan bir i\u015f\u00e7iye pastadaki mumun \u00fcfletildi\u011fi g\u00f6r\u00fcnt\u00fcler, k\u0131sa s\u00fcrede binlerce yorum al\u0131rken; bir kesim videoyu \u201csamimi ve g\u00fcl\u00fcmseten\u201d buldu, di\u011fer kesim ise i\u015f g\u00fcvenli\u011fi eksikli\u011fi ve \u00e7al\u0131\u015fma ko\u015fullar\u0131 \u00fczerinden sert ele\u015ftiriler y\u00f6neltti. Tart\u0131\u015fma, 1 May\u0131s\u2019\u0131n anlam\u0131 ve [&hellip;]<\/p>\n","protected":false},"author":1,"featured_media":11813,"comment_status":"open","ping_status":"open","sticky":false,"template":"","format":"standard","meta":{"footnotes":""},"categories":[1],"tags":[5026,283,5027,2642,5025],"class_list":["post-11812","post","type-post","status-publish","format-standard","has-post-thumbnail","hentry","category-gundem","tag-1-mayis","tag-chp","tag-isci-haklari","tag-kirikkale","tag-kirikkale-belediyesi"],"_links":{"self":[{"href":"https:\/\/www.trabzonmanset.com\/index.php\/wp-json\/wp\/v2\/posts\/11812","targetHints":{"allow":["GET"]}}],"collection":[{"href":"https:\/\/www.trabzonmanset.com\/index.php\/wp-json\/wp\/v2\/posts"}],"about":[{"href":"https:\/\/www.trabzonmanset.com\/index.php\/wp-json\/wp\/v2\/types\/post"}],"author":[{"embeddable":true,"href":"https:\/\/www.trabzonmanset.com\/index.php\/wp-json\/wp\/v2\/users\/1"}],"replies":[{"embeddable":true,"href":"https:\/\/www.trabzonmanset.com\/index.php\/wp-json\/wp\/v2\/comments?post=11812"}],"version-history":[{"count":1,"href":"https:\/\/www.trabzonmanset.com\/index.php\/wp-json\/wp\/v2\/posts\/11812\/revisions"}],"predecessor-version":[{"id":11814,"href":"https:\/\/www.trabzonmanset.com\/index.php\/wp-json\/wp\/v2\/posts\/11812\/revisions\/11814"}],"wp:featuredmedia":[{"embeddable":true,"href":"https:\/\/www.trabzonmanset.com\/index.php\/wp-json\/wp\/v2\/media\/11813"}],"wp:attachment":[{"href":"https:\/\/www.trabzonmanset.com\/index.php\/wp-json\/wp\/v2\/media?parent=11812"}],"wp:term":[{"taxonomy":"category","embeddable":true,"href":"https:\/\/www.trabzonmanset.com\/index.php\/wp-json\/wp\/v2\/categories?post=11812"},{"taxonomy":"post_tag","embeddable":true,"href":"https:\/\/www.trabzonmanset.com\/index.php\/wp-json\/wp\/v2\/tags?post=11812"}],"curies":[{"name":"wp","href":"https:\/\/api.w.org\/{rel}","templated":true}]}}