{"id":11797,"date":"2026-04-30T18:44:00","date_gmt":"2026-04-30T15:44:00","guid":{"rendered":"https:\/\/www.trabzonmanset.com\/?p=11797"},"modified":"2026-04-30T19:05:41","modified_gmt":"2026-04-30T16:05:41","slug":"bestepede-erdogan-bahceli-zirvesi","status":"publish","type":"post","link":"https:\/\/www.trabzonmanset.com\/index.php\/2026\/04\/30\/bestepede-erdogan-bahceli-zirvesi\/","title":{"rendered":"Be\u015ftepe&#8217;de Erdo\u011fan-Bah\u00e7eli zirvesi"},"content":{"rendered":"\n<p>Cumhurba\u015fkan\u0131 Erdo\u011fan, MHP Genel Ba\u015fkan\u0131 Devlet Bah\u00e7eli&#8217;yi Cumhurba\u015fkanl\u0131\u011f\u0131 K\u00fclliyesi&#8217;nde a\u011f\u0131rlad\u0131. \u0130ki lider aras\u0131ndaki g\u00f6r\u00fc\u015fmenin ana konusu Ter\u00f6rs\u00fcz T\u00fcrkiye zirvesi ve \u0130ran sava\u015f\u0131 oldu. G\u00f6r\u00fc\u015fme yakla\u015f\u0131k 50 dakika s\u00fcrd\u00fc.<\/p>\n\n\n\n<p>Cumhurba\u015fkan\u0131 Erdo\u011fan ile MHP Genel Ba\u015fkan\u0131 Bah\u00e7eli, Be\u015ftepe&#8217;deki Cumhurba\u015fkanl\u0131\u011f\u0131 K\u00fclliyesi&#8217;nde g\u00f6r\u00fc\u015ft\u00fc<\/p>\n\n\n\n<h3 class=\"wp-block-heading\">ERDO\u011eAN \u0130LE BAH\u00c7EL\u0130 BE\u015eTEPE&#8217;DE G\u00d6R\u00dc\u015eT\u00dc<\/h3>\n\n\n\n<p>Cumhurba\u015fkan\u0131 Recep Tayyip Erdo\u011fan, MHP Genel Ba\u015fkan\u0131 Devlet Bah\u00e7eli\u2019yi Cumhurba\u015fkanl\u0131\u011f\u0131 K\u00fclliyesi\u2019nde kabul etti. Yakla\u015f\u0131k 50 dakika s\u00fcren g\u00f6r\u00fc\u015fmede, &#8220;Ter\u00f6rs\u00fcz T\u00fcrkiye&#8221; hedefi do\u011frultusunda at\u0131lacak yeni ad\u0131mlar ve Meclis\u2019e gelmesi planlanan yasal d\u00fczenlemeler kapsaml\u0131 \u015fekilde ele al\u0131nd\u0131.<\/p>\n\n\n\n<p>G\u00f6r\u00fc\u015fmenin d\u0131\u015f siyaset aya\u011f\u0131nda ise b\u00f6lgede t\u0131rmanan gerilim ve \u0130ran eksenli sava\u015f riskleri masaya yat\u0131r\u0131ld\u0131. Orta Do\u011fu\u2019daki \u00e7at\u0131\u015fmalar\u0131n T\u00fcrkiye\u2019nin s\u0131n\u0131r g\u00fcvenli\u011fine etkilerini de\u011ferlendiren Erdo\u011fan ve Bah\u00e7eli, olas\u0131 tehditlere kar\u015f\u0131 al\u0131nacak milli \u00f6nlemleri isti\u015fare etti. Zirve, Cumhur \u0130ttifak\u0131\u2019n\u0131n i\u00e7 ve d\u0131\u015f politikadaki uyumunu bir kez daha teyit eden kritik bir bulu\u015fma olarak kay\u0131tlara ge\u00e7ti.<\/p>\n\n\n\n<p><strong>\u0130\u015fte Erdo\u011fan-Bah\u00e7eli zirvesinden g\u00f6r\u00fcnt\u00fcler:<\/strong><\/p>\n\n\n\n<figure class=\"wp-block-image\"><img decoding=\"async\" src=\"https:\/\/foto.haberler.com\/haber\/2026\/04\/30\/bestepede-erdogan-bahceli-zirv-19794053-1693_1_m.jpg\" alt=\"\"\/><\/figure>\n\n\n\n<figure class=\"wp-block-image\"><img decoding=\"async\" src=\"https:\/\/foto.haberler.com\/haber\/2026\/04\/30\/bestepede-erdogan-bahceli-zirv-19794053-7744_2_m.jpg\" alt=\"\"\/><\/figure>\n\n\n\n<figure class=\"wp-block-image\"><img decoding=\"async\" src=\"https:\/\/foto.haberler.com\/haber\/2026\/04\/30\/bestepede-erdogan-bahceli-zirv-19794053-4165_3_m.jpg\" alt=\"\"\/><\/figure>\n","protected":false},"excerpt":{"rendered":"<p>Cumhurba\u015fkan\u0131 Erdo\u011fan, MHP Genel Ba\u015fkan\u0131 Devlet Bah\u00e7eli&#8217;yi Cumhurba\u015fkanl\u0131\u011f\u0131 K\u00fclliyesi&#8217;nde a\u011f\u0131rlad\u0131. \u0130ki lider aras\u0131ndaki g\u00f6r\u00fc\u015fmenin ana konusu Ter\u00f6rs\u00fcz T\u00fcrkiye zirvesi ve \u0130ran sava\u015f\u0131 oldu. G\u00f6r\u00fc\u015fme yakla\u015f\u0131k 50 dakika s\u00fcrd\u00fc. Cumhurba\u015fkan\u0131 Erdo\u011fan ile MHP Genel Ba\u015fkan\u0131 Bah\u00e7eli, Be\u015ftepe&#8217;deki Cumhurba\u015fkanl\u0131\u011f\u0131 K\u00fclliyesi&#8217;nde g\u00f6r\u00fc\u015ft\u00fc ERDO\u011eAN \u0130LE BAH\u00c7EL\u0130 BE\u015eTEPE&#8217;DE G\u00d6R\u00dc\u015eT\u00dc Cumhurba\u015fkan\u0131 Recep Tayyip Erdo\u011fan, MHP Genel Ba\u015fkan\u0131 Devlet Bah\u00e7eli\u2019yi Cumhurba\u015fkanl\u0131\u011f\u0131 K\u00fclliyesi\u2019nde [&hellip;]<\/p>\n","protected":false},"author":1,"featured_media":11798,"comment_status":"open","ping_status":"open","sticky":false,"template":"","format":"standard","meta":{"footnotes":""},"categories":[11],"tags":[2162,846,937,935],"class_list":["post-11797","post","type-post","status-publish","format-standard","has-post-thumbnail","hentry","category-manset","tag-bestepe","tag-cumhurbaskani-erdogan","tag-devlet-bahceli","tag-mhp"],"_links":{"self":[{"href":"https:\/\/www.trabzonmanset.com\/index.php\/wp-json\/wp\/v2\/posts\/11797","targetHints":{"allow":["GET"]}}],"collection":[{"href":"https:\/\/www.trabzonmanset.com\/index.php\/wp-json\/wp\/v2\/posts"}],"about":[{"href":"https:\/\/www.trabzonmanset.com\/index.php\/wp-json\/wp\/v2\/types\/post"}],"author":[{"embeddable":true,"href":"https:\/\/www.trabzonmanset.com\/index.php\/wp-json\/wp\/v2\/users\/1"}],"replies":[{"embeddable":true,"href":"https:\/\/www.trabzonmanset.com\/index.php\/wp-json\/wp\/v2\/comments?post=11797"}],"version-history":[{"count":1,"href":"https:\/\/www.trabzonmanset.com\/index.php\/wp-json\/wp\/v2\/posts\/11797\/revisions"}],"predecessor-version":[{"id":11799,"href":"https:\/\/www.trabzonmanset.com\/index.php\/wp-json\/wp\/v2\/posts\/11797\/revisions\/11799"}],"wp:featuredmedia":[{"embeddable":true,"href":"https:\/\/www.trabzonmanset.com\/index.php\/wp-json\/wp\/v2\/media\/11798"}],"wp:attachment":[{"href":"https:\/\/www.trabzonmanset.com\/index.php\/wp-json\/wp\/v2\/media?parent=11797"}],"wp:term":[{"taxonomy":"category","embeddable":true,"href":"https:\/\/www.trabzonmanset.com\/index.php\/wp-json\/wp\/v2\/categories?post=11797"},{"taxonomy":"post_tag","embeddable":true,"href":"https:\/\/www.trabzonmanset.com\/index.php\/wp-json\/wp\/v2\/tags?post=11797"}],"curies":[{"name":"wp","href":"https:\/\/api.w.org\/{rel}","templated":true}]}}