{"id":11793,"date":"2026-04-30T16:33:00","date_gmt":"2026-04-30T13:33:00","guid":{"rendered":"https:\/\/www.trabzonmanset.com\/?p=11793"},"modified":"2026-04-30T17:39:55","modified_gmt":"2026-04-30T14:39:55","slug":"5-yasindaki-hamzanin-can-verdigi-kopek-dehsetinin-goruntuleri-ortaya-cikti","status":"publish","type":"post","link":"https:\/\/www.trabzonmanset.com\/index.php\/2026\/04\/30\/5-yasindaki-hamzanin-can-verdigi-kopek-dehsetinin-goruntuleri-ortaya-cikti\/","title":{"rendered":"5 ya\u015f\u0131ndaki Hamza&#8217;n\u0131n can verdi\u011fi k\u00f6pek deh\u015fetinin g\u00f6r\u00fcnt\u00fcleri ortaya \u00e7\u0131kt\u0131"},"content":{"rendered":"\n<figure class=\"wp-block-video\"><video controls src=\"https:\/\/www.trabzonmanset.com\/wp-content\/uploads\/2026\/04\/van.mp4\"><\/video><\/figure>\n\n\n\n<p>Van&#8217;\u0131n Saray il\u00e7esinde sokak k\u00f6peklerinin sald\u0131r\u0131s\u0131nda hayat\u0131n\u0131 kaybeden 5 ya\u015f\u0131ndaki Hamza \u00d6zsoy g\u00f6zya\u015flar\u0131 aras\u0131nda topra\u011fa verildi, 10 ya\u015f\u0131ndaki kuzeninin tedavisi devam ediyor. Saray Belediyesi b\u00fcnyesinde \u00e7al\u0131\u015fan bir personel olayla ilgili g\u00f6zalt\u0131na al\u0131n\u0131rken, deh\u015fetin ya\u015fand\u0131\u011f\u0131 ana ait g\u00fcvenlik kameras\u0131 g\u00f6r\u00fcnt\u00fcleri ortaya \u00e7\u0131kt\u0131.<\/p>\n\n\n\n<p>Van&#8217;\u0131n Saray il\u00e7esinde bir \u00e7ocu\u011fun hayat\u0131n\u0131 kaybetti\u011fi ve bir \u00e7ocu\u011fun yaraland\u0131\u011f\u0131 k\u00f6pek deh\u015fetinin ya\u015fand\u0131\u011f\u0131 anlara ait g\u00fcvenlik kameras\u0131 g\u00f6r\u00fcnt\u00fcleri ortaya \u00e7\u0131kt\u0131.<\/p>\n\n\n\n<p>Saray il\u00e7esi Kaz\u0131m Pa\u015fa Mahallesi&#8217;nde d\u00fcn \u00f6\u011fle saatlerinde ya\u015fanan sald\u0131r\u0131da hayat\u0131n\u0131 kaybeden 5 ya\u015f\u0131ndaki Hamza \u00d6zsoy, sabah saatlerinde il\u00e7e mezarl\u0131\u011f\u0131nda g\u00f6zya\u015flar\u0131 aras\u0131nda topra\u011fa verilirken, A.\u00d6.&#8217;n\u00fcn (10) Van E\u011fitim ve Ara\u015ft\u0131rma Hastanesindeki tedavisi ise devam ediyor.&nbsp;<\/p>\n\n\n\n<h3 class=\"wp-block-heading\">1 K\u0130\u015e\u0130 G\u00d6ZALTINDA<\/h3>\n\n\n\n<p>Saray Belediyesi b\u00fcnyesinde \u00e7al\u0131\u015fan bir personelin g\u00f6zalt\u0131na al\u0131nd\u0131\u011f\u0131 ve \u0130\u00e7i\u015fleri Bakanl\u0131\u011f\u0131n\u0131n m\u00fcfetti\u015f g\u00f6revlendirdi\u011fi k\u00f6pek deh\u015fetinin ya\u015fand\u0131\u011f\u0131 ana ait g\u00fcvenlik kameras\u0131 g\u00f6r\u00fcnt\u00fcleri ortaya \u00e7\u0131kt\u0131. Ya\u015fanan deh\u015fet an\u0131 saniye saniye g\u00f6r\u00fcnt\u00fclere yans\u0131rken, olayla ilgili soru\u015fturman\u0131n s\u00fcrd\u00fcr\u00fcld\u00fc\u011f\u00fc belirtildi.<\/p>\n\n\n\n<figure class=\"wp-block-image\"><img decoding=\"async\" src=\"https:\/\/foto.haberler.com\/haber\/2026\/04\/30\/kopek-dehsetinin-goruntuleri-o-19793684-3221_1_m.jpg\" alt=\"\"\/><\/figure>\n\n\n\n<h3 class=\"wp-block-heading\">BAKAN \u00c7\u0130FT\u00c7\u0130&#8217;DEN A\u00c7IKLAMA<\/h3>\n\n\n\n<p>\u0130\u00e7i\u015fleri Bakan\u0131 Mustafa \u00c7itf\u00e7i, olayla ilgili a\u00e7\u0131klamas\u0131nda, &#8220;Van ilimizin Saray il\u00e7esinde 5 ya\u015f\u0131ndaki evlad\u0131m\u0131z Hamza \u00d6zsoy&#8217;un sokak k\u00f6peklerinin sald\u0131r\u0131s\u0131 sonucu hayat\u0131n\u0131 kaybetmesi bizleri derinden \u00fczm\u00fc\u015ft\u00fcr. Tedavisi devam eden yavrumuz Ayaz \u00d6zsoy&#8217;a Rabbimden acil \u015fifalar diliyor, en k\u0131sa s\u00fcrede sa\u011fl\u0131\u011f\u0131na kavu\u015fmas\u0131n\u0131 niyaz ediyorum. Bu elim hadise; kamu d\u00fczeni ve vatanda\u015flar\u0131m\u0131z\u0131n can g\u00fcvenli\u011fi a\u00e7\u0131s\u0131ndan, sahipsiz hayvanlara y\u00f6nelik mevcut kanuni d\u00fczenlemelerin tavizsiz ve titizlikle uygulanmas\u0131n\u0131n ne kadar zaruri oldu\u011funu bir kez daha g\u00f6stermi\u015ftir&#8221; ifadelerini kulland\u0131.<\/p>\n\n\n\n<figure class=\"wp-block-image\"><img decoding=\"async\" src=\"https:\/\/foto.haberler.com\/haber\/2026\/04\/30\/kopek-dehsetinin-goruntuleri-o-19793684-7892_1_m.jpg\" alt=\"\"\/><\/figure>\n\n\n\n<h3 class=\"wp-block-heading\">&#8220;M\u00dcKL\u0130YE M\u00dcFETT\u0130\u015e\u0130 G\u00d6REVLEND\u0130R\u0130LD\u0130&#8221;<\/h3>\n\n\n\n<p>S\u00fcreci yak\u0131ndan takip ettiklerini vurgulayan \u00c7ift\u00e7i, &#8220;Olayda ihmali ya da kusuru bulunan ki\u015fi veya ki\u015filer hakk\u0131nda gerekli adli ve idari s\u00fcre\u00e7ler hassasiyetle y\u00fcr\u00fct\u00fclecektir. Bu kapsamda \u0130\u00e7i\u015fleri Bakanl\u0131\u011f\u0131m\u0131z taraf\u0131ndan M\u00fclkiye M\u00fcfetti\u015fi g\u00f6revlendirilmi\u015ftir. Soru\u015fturma s\u00fcrecini dikkatle takip edece\u011fiz. Hayat\u0131n\u0131 kaybeden yavrumuz Hamza \u00d6zsoy&#8217;a Allah&#8217;tan rahmet; kederli ailesine sab\u0131r ve ba\u015fsa\u011fl\u0131\u011f\u0131 diliyorum. Benzer ac\u0131lar\u0131n bir daha ya\u015fanmamas\u0131 i\u00e7in t\u00fcm tedbirleri g\u00f6zden ge\u00e7irmekte kararl\u0131y\u0131z&#8221; a\u00e7\u0131klamas\u0131nda bulundu.<\/p>\n\n\n\n<p>\u00d6te yandan, Saray il\u00e7esinde 2025 y\u0131l\u0131nda toplam 432, 2026 y\u0131l\u0131n\u0131n ocak, \u015fubat, mart ve nisan aylar\u0131nda ise toplam 145 k\u00f6pe\u011fin toplat\u0131ld\u0131\u011f\u0131 bildirildi.&nbsp;<\/p>\n\n\n\n<figure class=\"wp-block-image\"><img decoding=\"async\" src=\"https:\/\/foto.haberler.com\/haber\/2026\/04\/30\/kopek-dehsetinin-goruntuleri-o-19793684-7913_2_m.jpg\" alt=\"\"\/><\/figure>\n\n\n\n<figure class=\"wp-block-image\"><img decoding=\"async\" src=\"https:\/\/foto.haberler.com\/haber\/2026\/04\/30\/kopek-dehsetinin-goruntuleri-o-19793684-2041_3_m.jpg\" alt=\"\"\/><\/figure>\n\n\n\n<p>Kaynak: \u0130hlas Haber Ajans\u0131<\/p>\n\n\n\n<p><\/p>\n","protected":false},"excerpt":{"rendered":"<p>Van&#8217;\u0131n Saray il\u00e7esinde sokak k\u00f6peklerinin sald\u0131r\u0131s\u0131nda hayat\u0131n\u0131 kaybeden 5 ya\u015f\u0131ndaki Hamza \u00d6zsoy g\u00f6zya\u015flar\u0131 aras\u0131nda topra\u011fa verildi, 10 ya\u015f\u0131ndaki kuzeninin tedavisi devam ediyor. Saray Belediyesi b\u00fcnyesinde \u00e7al\u0131\u015fan bir personel olayla ilgili g\u00f6zalt\u0131na al\u0131n\u0131rken, deh\u015fetin ya\u015fand\u0131\u011f\u0131 ana ait g\u00fcvenlik kameras\u0131 g\u00f6r\u00fcnt\u00fcleri ortaya \u00e7\u0131kt\u0131. Van&#8217;\u0131n Saray il\u00e7esinde bir \u00e7ocu\u011fun hayat\u0131n\u0131 kaybetti\u011fi ve bir \u00e7ocu\u011fun yaraland\u0131\u011f\u0131 k\u00f6pek deh\u015fetinin ya\u015fand\u0131\u011f\u0131 [&hellip;]<\/p>\n","protected":false},"author":1,"featured_media":11794,"comment_status":"open","ping_status":"open","sticky":false,"template":"","format":"standard","meta":{"footnotes":""},"categories":[1,9],"tags":[5018,5019,2731,5017],"class_list":["post-11793","post","type-post","status-publish","format-standard","has-post-thumbnail","hentry","category-gundem","category-video-galeri","tag-hamza-ozsoy","tag-saray-belediyesi","tag-van","tag-van-kopek-saldirisi"],"_links":{"self":[{"href":"https:\/\/www.trabzonmanset.com\/index.php\/wp-json\/wp\/v2\/posts\/11793","targetHints":{"allow":["GET"]}}],"collection":[{"href":"https:\/\/www.trabzonmanset.com\/index.php\/wp-json\/wp\/v2\/posts"}],"about":[{"href":"https:\/\/www.trabzonmanset.com\/index.php\/wp-json\/wp\/v2\/types\/post"}],"author":[{"embeddable":true,"href":"https:\/\/www.trabzonmanset.com\/index.php\/wp-json\/wp\/v2\/users\/1"}],"replies":[{"embeddable":true,"href":"https:\/\/www.trabzonmanset.com\/index.php\/wp-json\/wp\/v2\/comments?post=11793"}],"version-history":[{"count":1,"href":"https:\/\/www.trabzonmanset.com\/index.php\/wp-json\/wp\/v2\/posts\/11793\/revisions"}],"predecessor-version":[{"id":11796,"href":"https:\/\/www.trabzonmanset.com\/index.php\/wp-json\/wp\/v2\/posts\/11793\/revisions\/11796"}],"wp:featuredmedia":[{"embeddable":true,"href":"https:\/\/www.trabzonmanset.com\/index.php\/wp-json\/wp\/v2\/media\/11794"}],"wp:attachment":[{"href":"https:\/\/www.trabzonmanset.com\/index.php\/wp-json\/wp\/v2\/media?parent=11793"}],"wp:term":[{"taxonomy":"category","embeddable":true,"href":"https:\/\/www.trabzonmanset.com\/index.php\/wp-json\/wp\/v2\/categories?post=11793"},{"taxonomy":"post_tag","embeddable":true,"href":"https:\/\/www.trabzonmanset.com\/index.php\/wp-json\/wp\/v2\/tags?post=11793"}],"curies":[{"name":"wp","href":"https:\/\/api.w.org\/{rel}","templated":true}]}}