{"id":11787,"date":"2026-04-30T16:40:00","date_gmt":"2026-04-30T13:40:00","guid":{"rendered":"https:\/\/www.trabzonmanset.com\/?p=11787"},"modified":"2026-04-30T17:00:17","modified_gmt":"2026-04-30T14:00:17","slug":"ibb-davasinda-itirafci-adem-soytekin-dahil-15-kisi-icin-tahliye-karari","status":"publish","type":"post","link":"https:\/\/www.trabzonmanset.com\/index.php\/2026\/04\/30\/ibb-davasinda-itirafci-adem-soytekin-dahil-15-kisi-icin-tahliye-karari\/","title":{"rendered":"\u0130BB davas\u0131nda itiraf\u00e7\u0131 Adem Soytekin dahil 15 ki\u015fi i\u00e7in tahliye karar\u0131"},"content":{"rendered":"\n<p>\u0130BB&#8217;ye y\u00f6nelik yolsuzluk davas\u0131nda mahkeme heyeti, tutuklu san\u0131klar Emrah Y\u00fcksel, \u0130smet Korkmaz, Mehmet \u00c7a\u011flar Kuru, Ula\u015f Y\u0131lmaz, Yusuf Utku \u015eahin, \u00c7a\u011flar T\u00fcrkmen, Adem Soytekin, Seyhan \u00d6zcan, Nuri Cem Ceylan, Esma Bayrak, Murat Kele\u015f, Fatih \u00d6z\u00e7elik, \u0130smail Akkaya, Harun Cengiz Be\u011fenmez, Mehmet Kaya hakk\u0131nda tahliye karar\u0131 verdi. Avukatlar s\u0131ralara vurarak karara tepki g\u00f6sterdi.<\/p>\n\n\n\n<p>\u0130stanbul B\u00fcy\u00fck\u015fehir Belediye Ba\u015fkanl\u0131\u011f\u0131 g\u00f6revinden uzakla\u015ft\u0131r\u0131larak tutuklanan Ekrem \u0130mamo\u011flu\u2019na y\u00f6nelik y\u00fcr\u00fct\u00fclen &#8220;Yolsuzluk&#8221; davas\u0131n\u0131n 30&#8217;uncu celsesi \u0130stanbul 40. A\u011f\u0131r Ceza Mahkemesince Marmara Ceza \u0130nfaz Kurumlar\u0131 Yerle\u015fkesi&#8217;nde bulunan duru\u015fma salonunda g\u00f6r\u00fcld\u00fc.&nbsp;92&#8217;si tutuklu 414 ki\u015finin yarg\u0131land\u0131\u011f\u0131 davada mahkeme ara karar\u0131n\u0131 a\u00e7\u0131klad\u0131.<\/p>\n\n\n\n<h3 class=\"wp-block-heading\">15 \u0130SME TAHL\u0130YE KARARI<\/h3>\n\n\n\n<p>Mahkeme heyeti etkin pi\u015fmanl\u0131k h\u00fck\u00fcmlerinden yararlanan Adem Soytekin dahil 15 ki\u015fi i\u00e7in tahliye karar\u0131 verildi. Tahliye karar\u0131 verilen isimler \u015fu \u015fekilde:<\/p>\n\n\n\n<ul class=\"wp-block-list\">\n<li>Emrah Y\u00fcksel,\u00a0<\/li>\n\n\n\n<li>\u0130smet Korkmaz,\u00a0<\/li>\n\n\n\n<li>Mehmet \u00c7a\u011flar Kuru,\u00a0<\/li>\n\n\n\n<li>Ula\u015f Y\u0131lmaz,\u00a0<\/li>\n\n\n\n<li>Yusuf Utku \u015eahin,<\/li>\n\n\n\n<li>\u00c7a\u011flar T\u00fcrkmen,\u00a0<\/li>\n\n\n\n<li>Adem Soytekin,\u00a0<\/li>\n\n\n\n<li>Seyhan \u00d6zcan,\u00a0<\/li>\n\n\n\n<li>Nuri Cem Ceylan,\u00a0<\/li>\n\n\n\n<li>Esma Bayrak,\u00a0<\/li>\n\n\n\n<li>Murat Kele\u015f,\u00a0<\/li>\n\n\n\n<li>Fatih \u00d6z\u00e7elik,\u00a0<\/li>\n\n\n\n<li>\u0130smail Akkaya,\u00a0<\/li>\n\n\n\n<li>Harun Cengiz Be\u011fenmez,\u00a0<\/li>\n\n\n\n<li>Mehmet Kaya<\/li>\n<\/ul>\n\n\n\n<h3 class=\"wp-block-heading\">KARARIN ARDINDAN DURU\u015eMA SALONU KARI\u015eTI<\/h3>\n\n\n\n<p>Karar\u0131n a\u00e7\u0131klanmas\u0131n\u0131n ard\u0131ndan avukatlar masalara vurarak tepki g\u00f6sterdi. Mahkeme salonunda \u201cSavunma susmad\u0131, susmayacak\u201d slogan\u0131 at\u0131ld\u0131.<\/p>\n\n\n\n<h3 class=\"wp-block-heading\">DURU\u015eMA SAVCISI 9 \u0130SM\u0130N TAHL\u0130YES\u0130N\u0130 \u0130STEM\u0130\u015eT\u0130<\/h3>\n\n\n\n<p>Duru\u015fma savc\u0131s\u0131 9 ismin tahliyesini talep ederken, etkin pi\u015fmanl\u0131ktan yararlanan Adem Soytekin de tahliyesi istenen isimler aras\u0131nda yer alm\u0131\u015ft\u0131.&nbsp;Savc\u0131l\u0131k, tutuklu san\u0131klar Emrah Y\u00fcksel, \u0130smet Korkmaz, Mehmet \u00c7a\u011flar Kuru, Ula\u015f Y\u0131lmaz, Yusuf Utku \u015eahin, \u00c7a\u011flar T\u00fcrkmen, Adem Soytekin, Seyhan \u00d6zcan ve Nuri Cem Ceylan hakk\u0131nda tahliye talep etmi\u015fti.<\/p>\n\n\n\n<h3 class=\"wp-block-heading\">DURU\u015eMA SIRASINDA B\u0130R K\u0130\u015e\u0130 G\u00d6ZALTINA ALINDI<\/h3>\n\n\n\n<p>Duru\u015fmada bir \u015fahs\u0131n g\u00f6r\u00fcnt\u00fc kayd\u0131 ald\u0131\u011f\u0131 tespit edildi. G\u00f6zalt\u0131na al\u0131nan E.T. isimli \u015fah\u0131s hakk\u0131nda, &#8216;duru\u015fma s\u0131ras\u0131nda yetkisiz g\u00f6r\u00fcnt\u00fc alma&#8217; su\u00e7undan i\u015flem ba\u015flat\u0131ld\u0131.<\/p>\n\n\n\n<h3 class=\"wp-block-heading\">DURU\u015eMADA GERG\u0130NL\u0130K<\/h3>\n\n\n\n<p>Duru\u015fmada tutuklu san\u0131k Ekrem \u0130mamo\u011flu, kendisine s\u00f6z hakk\u0131 verilmesini istedi. Mahkeme ba\u015fkan\u0131n\u0131n s\u00f6z hakk\u0131 verilmeyece\u011fini ifade etmesi \u00fczerine duru\u015fmada gerginlik ya\u015fand\u0131.&nbsp;<\/p>\n\n\n\n<p>Mahkeme ba\u015fkan\u0131 &#8220;Bir ayr\u0131cal\u0131k tan\u0131mayaca\u011f\u0131z&#8221; dedi. \u0130mamo\u011flu ise, &#8220;Dosyan\u0131n ba\u015f\u0131na &#8216;\u0130mamo\u011flu su\u00e7 \u00f6rg\u00fct\u00fc&#8217; yazacaks\u0131n\u0131z. Ben \u00f6zg\u00fcrce gezen birisi de\u011filim, 16 milyonun se\u00e7ilmi\u015f belediye ba\u015fkan\u0131 olarak buraday\u0131m. D\u00fczeni kurarken fikirleri almak sizin karar\u0131n\u0131za katk\u0131 sa\u011flayacakt\u0131r. O zaman \u00e7eli\u015fki yarat\u0131rs\u0131n\u0131z. Ba\u015fka tek bir ki\u015finin bile \u0130mamo\u011flu\u2019nun konu\u015fmas\u0131ndan rahats\u0131z olaca\u011f\u0131n\u0131 sanm\u0131yorum&#8221; dedi.&nbsp;<\/p>\n\n\n\n<h3 class=\"wp-block-heading\">&#8220;S\u0130Z\u0130 SALONDAN \u00c7IKARMAK ZORUNDA KALACA\u011eIM&#8221;<\/h3>\n\n\n\n<p>Mahkeme ba\u015fkan\u0131n\u0131n, &#8220;Size ayr\u0131cal\u0131k yapamam&#8221; s\u00f6zleri \u00fczerine \u0130mamo\u011flu, &#8220;Ayr\u0131cal\u0131\u011f\u0131 iddianame yapm\u0131\u015f zaten. Dosya \u00fczerinden&#8221; yan\u0131t\u0131n\u0131 verdi. Ba\u015fkan\u0131n &#8220;Ekrem Bey, bu \u015fekilde ba\u011f\u0131rmaya devam ederseniz sizi salondan \u00e7\u0131karmak zorunda kalaca\u011f\u0131m&#8221; s\u00f6zleri \u00fczerine \u0130mamo\u011flu, &#8220;Bu dava b\u00f6yle y\u00fcr\u00fcmez. Ba\u015fka bir motivasyonla m\u0131 buradas\u0131n\u0131z siz. Ben burada ya\u015fanan duygular\u0131 size aktarmak ile y\u00fck\u00fcml\u00fcy\u00fcm&#8221; dedi. Mahkeme ba\u015fkan\u0131 ise, &#8220;Niye ba\u015fka bir yere \u00e7ekiyorsunuz. Her san\u0131k i\u00e7in ne uyguluyorsak onu uyguluyoruz&#8221; dedi.&nbsp;<\/p>\n\n\n\n<p>\u0130mamo\u011flu ise cevap olarak, &#8220;Bu insanlara tek tek mahkeme yapsan\u0131z farkl\u0131 bir \u015fekilde yarg\u0131lanacaklar. Ekrem \u0130mamo\u011flu \u00fczerinden yapt\u0131\u011f\u0131n\u0131z i\u00e7in yarg\u0131 enflasyonu oluyor. Bizim bu duyguyu buraya yans\u0131tmamam\u0131z halinde adil yarg\u0131lama a\u00e7\u0131s\u0131ndan da s\u0131k\u0131nt\u0131lar do\u011facak&#8221; dedi. Mahkeme ba\u015fkan\u0131 ise, &#8220;Ekrem Bey, biz bu talebi de\u011ferlendirdik, uygun g\u00f6rmedik&#8221; yan\u0131t\u0131n\u0131 verdi.<\/p>\n\n\n\n<h3 class=\"wp-block-heading\">&#8220;\u0130MAMO\u011eLU\u2019NUN D\u0130NLENMES\u0130N\u0130N S\u0130ZE B\u0130R ZARARI YOKTUR&#8221;<\/h3>\n\n\n\n<p>\u0130mamo\u011flu, &#8220;Siz bana uygun g\u00f6rd\u00fc\u011f\u00fcn\u00fcz\u00fc s\u00f6ylemediniz. Daha fazla eylem dinlemeyece\u011fimizi bug\u00fcn s\u00f6yl\u00fcyorsunuz. D\u00fcnden beri haz\u0131rl\u0131k yapanlar var. 15 dakika \u0130mamo\u011flu\u2019nu dinlememek sizi kamuoyunda k\u00f6t\u00fc g\u00f6sterir. Sizin kendi iradenizin bana burada s\u00f6z hakk\u0131 vermeye uygun oldu\u011funu d\u00fc\u015f\u00fcn\u00fcyorum&#8221; ifadelerini kulland\u0131 Ba\u015fkan ise, &#8220;Bu c\u00fcmleyle neyi kastediyorsunuz. B\u00f6yle devam ederseniz sizi salondan d\u0131\u015far\u0131 alaca\u011f\u0131m&#8221; dedi.\u0130mamo\u011flu, &#8220;15 dakika \u0130mamo\u011flu\u2019nu dinlememenin sizin mahkemenize hi\u00e7bir zarar\u0131 yoktur. Sizin burada bir san\u0131k s\u0131fat\u0131m\u0131z var; bu yarg\u0131lamaya nas\u0131l devam edeceksiniz \u015feklinde tehditvari c\u00fcmleler kullanmay\u0131n, \u0131srarla bir uyar\u0131da bulunuyorum. Sizin bu kadar diyalo\u011fa bile girememeniz laz\u0131m. Ekrem \u0130mamo\u011flu, &#8220;Ben size bunu 3 defa ilettim Say\u0131n ba\u015fkan, \u015fimdi bana hay\u0131r diyorsunuz. Benim sizden istedi\u011fim sadece burada tutsak olan arkada\u015flar\u0131m\u0131z\u0131n s\u00fcrece dair niye tutsak olmamalar\u0131 gerekti\u011fine dair katk\u0131da bulunmak.15 dakika Ekrem \u0130mamo\u011flu\u2019nu dinlememenin mahkemenize bir faydas\u0131 yoktur&#8221; dedi.<\/p>\n\n\n\n<h3 class=\"wp-block-heading\">&#8220;S\u0130Z\u0130N D\u0130\u011eER SANIKLARDAN FARKINIZ YOK&#8221;<\/h3>\n\n\n\n<p>Mahkeme ba\u015fkan\u0131, &#8220;Sizin di\u011fer san\u0131klardan farkl\u0131 hi\u00e7bir s\u0131fat\u0131n\u0131z yoktur. Sizin burada bir san\u0131k s\u0131fat\u0131n\u0131z var; bu yarg\u0131lamaya nas\u0131l devam edeceksiniz \u015feklinde tehditvari c\u00fcmleler kullanmay\u0131n, \u0131srarla bir uyar\u0131da bulunuyorum. Sizin bu kadar diyalo\u011fa bile girmemeniz laz\u0131m&#8221; dedi. \u0130mamo\u011flu ise &#8220;Nas\u0131l yoktur. Siz iddianameye bakmam\u0131\u015fs\u0131n\u0131z, b\u00fct\u00fcn s\u0131fatlar\u0131m farkl\u0131. \u00d6rg\u00fct lideri olarak tan\u0131mlam\u0131\u015fs\u0131n\u0131z beni. Ben size bunu 3 defa ilettim Say\u0131n ba\u015fkan, \u015fimdi bana hay\u0131r diyorsunuz. Benim sizden istedi\u011fim sadece burada tutsak olan arkada\u015flar\u0131m\u0131z\u0131n s\u00fcrece dair niye tutsak olmamalar\u0131 gerekti\u011fine dair katk\u0131da bulunmak. 15 dakika Ekrem \u0130mamo\u011flu\u2019nu dinlememenin mahkemenize bir faydas\u0131 yoktur&#8221; \u015feklinde cevap verdi. Mahkeme ba\u015fkan\u0131, &#8220;Ekrem Bey, uyar\u0131yorum, devam ediyorsunuz. Bu diyalog bu \u015fekilde devam edemez. B\u00f6yle devam etti\u011fimiz taktirde CMK 203\u2019\u00fc uygulamak zorunda kalaca\u011f\u0131m. S\u00f6z hakk\u0131 vermek konusunda kimseye bir s\u0131n\u0131rlama yapm\u0131yorum. Soru hakk\u0131n\u0131z\u0131 kullanmak isteyip sorular\u0131n \u00f6ncesinde her \u015feyi anlat\u0131yorsunuz. Zaten biz orada bile m\u00fcdahale edip kesmiyoruz. Sadece soru sormuyorsunuz, salonda herkes bunun fark\u0131nda. Ayr\u0131ca savunma s\u0131ram\u0131z geldi\u011finde de zaten \u00f6zg\u00fcr bir \u015fekilde istedi\u011finiz kadar savunma yapabilirsiniz. \u015eu an mevcut bir uygulamaya karar verdik. Neden bunun istisnai olarak size s\u00f6z hakk\u0131 verece\u011fimi anlayamad\u0131m. Tahliyeye ili\u015fkin bu \u015fekilde bir hak vermeyece\u011fiz. Pazartesi giri\u015fte s\u00f6z hakk\u0131 veririz&#8221; dedi.<\/p>\n\n\n\n<p>Kaynak: ANKA<\/p>\n\n\n\n<p><\/p>\n","protected":false},"excerpt":{"rendered":"<p>\u0130BB&#8217;ye y\u00f6nelik yolsuzluk davas\u0131nda mahkeme heyeti, tutuklu san\u0131klar Emrah Y\u00fcksel, \u0130smet Korkmaz, Mehmet \u00c7a\u011flar Kuru, Ula\u015f Y\u0131lmaz, Yusuf Utku \u015eahin, \u00c7a\u011flar T\u00fcrkmen, Adem Soytekin, Seyhan \u00d6zcan, Nuri Cem Ceylan, Esma Bayrak, Murat Kele\u015f, Fatih \u00d6z\u00e7elik, \u0130smail Akkaya, Harun Cengiz Be\u011fenmez, Mehmet Kaya hakk\u0131nda tahliye karar\u0131 verdi. Avukatlar s\u0131ralara vurarak karara tepki g\u00f6sterdi. \u0130stanbul B\u00fcy\u00fck\u015fehir Belediye [&hellip;]<\/p>\n","protected":false},"author":1,"featured_media":11788,"comment_status":"open","ping_status":"open","sticky":false,"template":"","format":"standard","meta":{"footnotes":""},"categories":[1],"tags":[5014,5009,1990,5006,5012,5013,506,5015,5004,5005,1986,2694,5008,1987,5011,5007,5010],"class_list":["post-11787","post","type-post","status-publish","format-standard","has-post-thumbnail","hentry","category-gundem","tag-adem-soytekin","tag-caglar-turkmen","tag-emrah-yuksel","tag-esma-bayrak","tag-fatih-ozcelik","tag-harun-cengiz-begenmez","tag-ibb","tag-ibb-davasi","tag-ismail-akkaya","tag-ismet-korkmaz","tag-mehmet-caglar-kuru","tag-mehmet-kaya","tag-murat-keles","tag-nuri-cem-ceylan","tag-seyhan-ozcan","tag-ulas-yilmaz","tag-yusuf-utku-sahin"],"_links":{"self":[{"href":"https:\/\/www.trabzonmanset.com\/index.php\/wp-json\/wp\/v2\/posts\/11787","targetHints":{"allow":["GET"]}}],"collection":[{"href":"https:\/\/www.trabzonmanset.com\/index.php\/wp-json\/wp\/v2\/posts"}],"about":[{"href":"https:\/\/www.trabzonmanset.com\/index.php\/wp-json\/wp\/v2\/types\/post"}],"author":[{"embeddable":true,"href":"https:\/\/www.trabzonmanset.com\/index.php\/wp-json\/wp\/v2\/users\/1"}],"replies":[{"embeddable":true,"href":"https:\/\/www.trabzonmanset.com\/index.php\/wp-json\/wp\/v2\/comments?post=11787"}],"version-history":[{"count":1,"href":"https:\/\/www.trabzonmanset.com\/index.php\/wp-json\/wp\/v2\/posts\/11787\/revisions"}],"predecessor-version":[{"id":11789,"href":"https:\/\/www.trabzonmanset.com\/index.php\/wp-json\/wp\/v2\/posts\/11787\/revisions\/11789"}],"wp:featuredmedia":[{"embeddable":true,"href":"https:\/\/www.trabzonmanset.com\/index.php\/wp-json\/wp\/v2\/media\/11788"}],"wp:attachment":[{"href":"https:\/\/www.trabzonmanset.com\/index.php\/wp-json\/wp\/v2\/media?parent=11787"}],"wp:term":[{"taxonomy":"category","embeddable":true,"href":"https:\/\/www.trabzonmanset.com\/index.php\/wp-json\/wp\/v2\/categories?post=11787"},{"taxonomy":"post_tag","embeddable":true,"href":"https:\/\/www.trabzonmanset.com\/index.php\/wp-json\/wp\/v2\/tags?post=11787"}],"curies":[{"name":"wp","href":"https:\/\/api.w.org\/{rel}","templated":true}]}}