{"id":11784,"date":"2026-04-29T17:09:00","date_gmt":"2026-04-29T14:09:00","guid":{"rendered":"https:\/\/www.trabzonmanset.com\/?p=11784"},"modified":"2026-04-29T22:12:59","modified_gmt":"2026-04-29T19:12:59","slug":"turkiye-kupasi-finalinin-tarihi-degisti-buyuk-gun-erkene-cekildi","status":"publish","type":"post","link":"https:\/\/www.trabzonmanset.com\/index.php\/2026\/04\/29\/turkiye-kupasi-finalinin-tarihi-degisti-buyuk-gun-erkene-cekildi\/","title":{"rendered":"T\u00fcrkiye Kupas\u0131 finalinin tarihi de\u011fi\u015fti! B\u00fcy\u00fck g\u00fcn erkene \u00e7ekildi"},"content":{"rendered":"\n<p>T\u00fcrkiye Kupas\u0131 Finali, 22 May\u0131s Cuma g\u00fcn\u00fc saat 20.45\u2019te Antalya\u2019da oynanacak.<\/p>\n\n\n\n<p>T\u00fcrkiye Kupas\u0131 Finali, 22 May\u0131s Cuma g\u00fcn\u00fc saat 20.45\u2019te Antalya\u2019da oynanacak. Daha \u00f6nce yap\u0131lan a\u00e7\u0131klamada kupa finalinin 24 May\u0131s&#8217;ta oynanaca\u011f\u0131 a\u00e7\u0131klanm\u0131\u015ft\u0131.<br><br>TFF&#8217;den konuyla ilgili yap\u0131lan a\u00e7\u0131klamada \u015fu ifadeler kullan\u0131ld\u0131:<br><br><strong>&nbsp;&#8220;Ziraat T\u00fcrkiye Kupas\u0131&#8217;n\u0131n final m\u00fcsabakas\u0131 Park Antalya Stad\u0131&#8217;nda oynanacakt\u0131r. Daha \u00f6nce 24 May\u0131s Pazar g\u00fcn\u00fc oynanaca\u011f\u0131 duyurulan final m\u00fcsabakas\u0131n\u0131n tarihi 22 May\u0131s Cuma g\u00fcn\u00fc olarak de\u011fi\u015ftirilmi\u015ftir. M\u00fcsabakan\u0131n ba\u015flang\u0131\u00e7 saati ise 20.45 olarak belirlenmi\u015ftir.&#8221;<br><br>YARI F\u0130NAL\u0130STLER K\u0130MLER?<\/strong><\/p>\n\n\n\n<p>Ziraat T\u00fcrkiye Kupas\u0131&#8217;nda \u00e7eyrek finalde rakiplerini eleyen Konyaspor, Gen\u00e7lerbirli\u011fi, Be\u015fikta\u015f ve Trabzonspor yar\u0131 finale y\u00fckseldi.<br><br>Yar\u0131 finalde Be\u015fikta\u015f, Konyaspor ile Trabzonspor da Gen\u00e7lerbirli\u011fi ile e\u015fle\u015fti.\u00a0<br>T\u00fcrkiye Futbol Federasyonunun a\u00e7\u0131klamas\u0131na g\u00f6re, UEFA Avrupa Ligi&#8217;nde 20 May\u0131s \u00c7ar\u015famba g\u00fcn\u00fc T\u00fcpra\u015f Stad\u0131&#8217;nda yap\u0131lacak final m\u00fcsabakas\u0131 sebebiyle T\u00fcrkiye Kupas\u0131 yar\u0131 finalinde oynanacak Be\u015fikta\u015f-T\u00dcMOSAN Konyaspor m\u00fccadelesi, 5 May\u0131s Sal\u0131 g\u00fcn\u00fcne planland\u0131.<br><br>Ziraat T\u00fcrkiye Kupas\u0131&#8217;nda yar\u0131 final ma\u00e7 program\u0131 \u015fu \u015fekilde:<br><br><strong>5 May\u0131s Sal\u0131:<\/strong><br>20.30 Be\u015fikta\u015f-Konyaspor (T\u00fcpra\u015f)<br><br><strong>13 May\u0131s \u00c7ar\u015famba:<\/strong><br>20.30 Gen\u00e7lerbirli\u011fi-Trabzonspor (Eryaman)<\/p>\n\n\n\n<p><\/p>\n","protected":false},"excerpt":{"rendered":"<p>T\u00fcrkiye Kupas\u0131 Finali, 22 May\u0131s Cuma g\u00fcn\u00fc saat 20.45\u2019te Antalya\u2019da oynanacak. T\u00fcrkiye Kupas\u0131 Finali, 22 May\u0131s Cuma g\u00fcn\u00fc saat 20.45\u2019te Antalya\u2019da oynanacak. Daha \u00f6nce yap\u0131lan a\u00e7\u0131klamada kupa finalinin 24 May\u0131s&#8217;ta oynanaca\u011f\u0131 a\u00e7\u0131klanm\u0131\u015ft\u0131. TFF&#8217;den konuyla ilgili yap\u0131lan a\u00e7\u0131klamada \u015fu ifadeler kullan\u0131ld\u0131: &nbsp;&#8220;Ziraat T\u00fcrkiye Kupas\u0131&#8217;n\u0131n final m\u00fcsabakas\u0131 Park Antalya Stad\u0131&#8217;nda oynanacakt\u0131r. Daha \u00f6nce 24 May\u0131s Pazar g\u00fcn\u00fc [&hellip;]<\/p>\n","protected":false},"author":1,"featured_media":11785,"comment_status":"open","ping_status":"open","sticky":false,"template":"","format":"standard","meta":{"footnotes":""},"categories":[14],"tags":[1320,915,1792,880,756,448,3478,5003],"class_list":["post-11784","post","type-post","status-publish","format-standard","has-post-thumbnail","hentry","category-spor","tag-antalya","tag-besiktas","tag-genclerbirligi","tag-konyaspor","tag-tff","tag-trabzonspor","tag-turkiye-kupasi","tag-turkiye-kupasi-finali"],"_links":{"self":[{"href":"https:\/\/www.trabzonmanset.com\/index.php\/wp-json\/wp\/v2\/posts\/11784","targetHints":{"allow":["GET"]}}],"collection":[{"href":"https:\/\/www.trabzonmanset.com\/index.php\/wp-json\/wp\/v2\/posts"}],"about":[{"href":"https:\/\/www.trabzonmanset.com\/index.php\/wp-json\/wp\/v2\/types\/post"}],"author":[{"embeddable":true,"href":"https:\/\/www.trabzonmanset.com\/index.php\/wp-json\/wp\/v2\/users\/1"}],"replies":[{"embeddable":true,"href":"https:\/\/www.trabzonmanset.com\/index.php\/wp-json\/wp\/v2\/comments?post=11784"}],"version-history":[{"count":1,"href":"https:\/\/www.trabzonmanset.com\/index.php\/wp-json\/wp\/v2\/posts\/11784\/revisions"}],"predecessor-version":[{"id":11786,"href":"https:\/\/www.trabzonmanset.com\/index.php\/wp-json\/wp\/v2\/posts\/11784\/revisions\/11786"}],"wp:featuredmedia":[{"embeddable":true,"href":"https:\/\/www.trabzonmanset.com\/index.php\/wp-json\/wp\/v2\/media\/11785"}],"wp:attachment":[{"href":"https:\/\/www.trabzonmanset.com\/index.php\/wp-json\/wp\/v2\/media?parent=11784"}],"wp:term":[{"taxonomy":"category","embeddable":true,"href":"https:\/\/www.trabzonmanset.com\/index.php\/wp-json\/wp\/v2\/categories?post=11784"},{"taxonomy":"post_tag","embeddable":true,"href":"https:\/\/www.trabzonmanset.com\/index.php\/wp-json\/wp\/v2\/tags?post=11784"}],"curies":[{"name":"wp","href":"https:\/\/api.w.org\/{rel}","templated":true}]}}