{"id":11781,"date":"2026-04-29T14:32:00","date_gmt":"2026-04-29T11:32:00","guid":{"rendered":"https:\/\/www.trabzonmanset.com\/?p=11781"},"modified":"2026-04-29T22:01:29","modified_gmt":"2026-04-29T19:01:29","slug":"konut-ve-arsa-satislarinda-elden-odeme-donemi-1-temmuzdan-itibaren-sona-eriyor","status":"publish","type":"post","link":"https:\/\/www.trabzonmanset.com\/index.php\/2026\/04\/29\/konut-ve-arsa-satislarinda-elden-odeme-donemi-1-temmuzdan-itibaren-sona-eriyor\/","title":{"rendered":"Konut ve arsa sat\u0131\u015flar\u0131nda elden \u00f6deme d\u00f6nemi 1 Temmuz\u2019dan itibaren sona eriyor"},"content":{"rendered":"\n<p>Ticaret Bakanl\u0131\u011f\u0131, ikinci el ara\u00e7 sat\u0131\u015f\u0131nda uygulanan g\u00fcvenli \u00f6deme sisteminin kapsam\u0131n\u0131 geni\u015fletti. 1 Temmuz&#8217;dan itibaren konut ve arsa sat\u0131\u015flar\u0131nda da art\u0131k elden \u00f6deme yap\u0131lamayacak.<\/p>\n\n\n\n<p>Ticaret Bakanl\u0131\u011f\u0131, ta\u015f\u0131nmaz sat\u0131\u015flar\u0131nda 1 Temmuz&#8217;dan itibaren g\u00fcvenli \u00f6deme sisteminin zorunlu hale getirildi\u011fini a\u00e7\u0131klad\u0131. Bakanl\u0131ktan yap\u0131lan a\u00e7\u0131klamada, T\u00fcrkiye\u2019de ta\u015f\u0131nmaz sat\u0131\u015flar\u0131nda sat\u0131\u015f bedelinin sat\u0131c\u0131ya genellikle elden \u00f6dendi\u011fi ve bu durumun kay\u0131t d\u0131\u015f\u0131 i\u015flemlere, bazen \u00f6dememe ihtilaflar\u0131na yol a\u00e7abildi\u011fi, i\u015flemlerde g\u00fcvensizlik olu\u015fturdu\u011fu, taraflar\u0131n y\u00fcksek mebla\u011fda nakit ta\u015f\u0131mas\u0131na neden oldu\u011fu ve paran\u0131n \u00e7al\u0131nmas\u0131 gibi riskleri ortaya \u00e7\u0131kard\u0131\u011f\u0131 belirtildi. A\u00e7\u0131klamada \u015fu ifadelere yer verildi:<\/p>\n\n\n\n<p>&#8220;Bu \u00e7er\u00e7evede ta\u015f\u0131nmaz sat\u0131\u015flar\u0131nda al\u0131c\u0131 ve sat\u0131c\u0131 taraflar\u0131n doland\u0131r\u0131c\u0131l\u0131k ve h\u0131rs\u0131zl\u0131k riskine maruz kalmamas\u0131, kay\u0131t d\u0131\u015f\u0131l\u0131\u011f\u0131n azalt\u0131lmas\u0131, para transferinin g\u00fcvenli bir ortamda ger\u00e7ekle\u015ftirilmesi ama\u00e7lar\u0131 do\u011frultusunda ta\u015f\u0131nmaz sat\u0131\u015flar\u0131nda g\u00fcvenli \u00f6deme sisteminin zorunlu hale getirilmesi amac\u0131yla Ticaret Bakanl\u0131\u011f\u0131m\u0131z taraf\u0131ndan Ta\u015f\u0131nmaz Ticareti Hakk\u0131nda Y\u00f6netmelik&#8217;te de\u011fi\u015fiklik yap\u0131lm\u0131\u015ft\u0131r. Bu d\u00fczenleme ile 1 Temmuz\u2019dan itibaren ta\u015f\u0131nmaz sat\u0131\u015flar\u0131nda \u00f6demenin bir k\u0131sm\u0131n\u0131n veya tamam\u0131n\u0131n nakit, havale veya elektronik fon transferi ile yap\u0131lmas\u0131 halinde sat\u0131\u015f bedelinin ta\u015f\u0131nmaz m\u00fclkiyeti ile bedelin e\u015f zamanl\u0131 el de\u011fi\u015ftirmesini sa\u011flayan g\u00fcvenli \u00f6deme sistemi \u00fczerinden yap\u0131lmas\u0131n\u0131n zorunlu olmas\u0131 \u00f6ng\u00f6r\u00fclm\u00fc\u015ft\u00fcr. Bununla beraber Bakanl\u0131\u011f\u0131m\u0131za s\u00f6z konusu s\u00fcreyi 3 aya kadar uzatma yetkisi verilmi\u015ftir. S\u00f6z konusu sistemin zaman\u0131nda ve eksiksiz \u015fekilde uygulamaya al\u0131nabilmesi i\u00e7in Ticaret Bakanl\u0131\u011f\u0131m\u0131z ve Tapu ve Kadastro Genel M\u00fcd\u00fcrl\u00fc\u011f\u00fc i\u015f birli\u011finde teknik \u00e7al\u0131\u015fmalara ba\u015flanm\u0131\u015ft\u0131r. Ticaret Bakanl\u0131\u011f\u0131 olarak vatanda\u015flar\u0131m\u0131z\u0131n menfaatlerinin korunmas\u0131 ve emlak sekt\u00f6r\u00fcnde istikrarl\u0131, \u015feffaf ve dengeli bir piyasan\u0131n tesisi i\u00e7in gerekli t\u00fcm tedbirler al\u0131nmaya devam edilecektir.&#8221;<\/p>\n\n\n\n<p>Kaynak: \u0130HA<\/p>\n","protected":false},"excerpt":{"rendered":"<p>Ticaret Bakanl\u0131\u011f\u0131, ikinci el ara\u00e7 sat\u0131\u015f\u0131nda uygulanan g\u00fcvenli \u00f6deme sisteminin kapsam\u0131n\u0131 geni\u015fletti. 1 Temmuz&#8217;dan itibaren konut ve arsa sat\u0131\u015flar\u0131nda da art\u0131k elden \u00f6deme yap\u0131lamayacak. Ticaret Bakanl\u0131\u011f\u0131, ta\u015f\u0131nmaz sat\u0131\u015flar\u0131nda 1 Temmuz&#8217;dan itibaren g\u00fcvenli \u00f6deme sisteminin zorunlu hale getirildi\u011fini a\u00e7\u0131klad\u0131. Bakanl\u0131ktan yap\u0131lan a\u00e7\u0131klamada, T\u00fcrkiye\u2019de ta\u015f\u0131nmaz sat\u0131\u015flar\u0131nda sat\u0131\u015f bedelinin sat\u0131c\u0131ya genellikle elden \u00f6dendi\u011fi ve bu durumun kay\u0131t d\u0131\u015f\u0131 [&hellip;]<\/p>\n","protected":false},"author":1,"featured_media":11782,"comment_status":"open","ping_status":"open","sticky":false,"template":"","format":"standard","meta":{"footnotes":""},"categories":[7],"tags":[1937,3642,1607],"class_list":["post-11781","post","type-post","status-publish","format-standard","has-post-thumbnail","hentry","category-ekonomi","tag-emlak","tag-konut","tag-ticaret-bakanligi"],"_links":{"self":[{"href":"https:\/\/www.trabzonmanset.com\/index.php\/wp-json\/wp\/v2\/posts\/11781","targetHints":{"allow":["GET"]}}],"collection":[{"href":"https:\/\/www.trabzonmanset.com\/index.php\/wp-json\/wp\/v2\/posts"}],"about":[{"href":"https:\/\/www.trabzonmanset.com\/index.php\/wp-json\/wp\/v2\/types\/post"}],"author":[{"embeddable":true,"href":"https:\/\/www.trabzonmanset.com\/index.php\/wp-json\/wp\/v2\/users\/1"}],"replies":[{"embeddable":true,"href":"https:\/\/www.trabzonmanset.com\/index.php\/wp-json\/wp\/v2\/comments?post=11781"}],"version-history":[{"count":1,"href":"https:\/\/www.trabzonmanset.com\/index.php\/wp-json\/wp\/v2\/posts\/11781\/revisions"}],"predecessor-version":[{"id":11783,"href":"https:\/\/www.trabzonmanset.com\/index.php\/wp-json\/wp\/v2\/posts\/11781\/revisions\/11783"}],"wp:featuredmedia":[{"embeddable":true,"href":"https:\/\/www.trabzonmanset.com\/index.php\/wp-json\/wp\/v2\/media\/11782"}],"wp:attachment":[{"href":"https:\/\/www.trabzonmanset.com\/index.php\/wp-json\/wp\/v2\/media?parent=11781"}],"wp:term":[{"taxonomy":"category","embeddable":true,"href":"https:\/\/www.trabzonmanset.com\/index.php\/wp-json\/wp\/v2\/categories?post=11781"},{"taxonomy":"post_tag","embeddable":true,"href":"https:\/\/www.trabzonmanset.com\/index.php\/wp-json\/wp\/v2\/tags?post=11781"}],"curies":[{"name":"wp","href":"https:\/\/api.w.org\/{rel}","templated":true}]}}