{"id":11775,"date":"2026-04-29T19:10:00","date_gmt":"2026-04-29T16:10:00","guid":{"rendered":"https:\/\/www.trabzonmanset.com\/?p=11775"},"modified":"2026-04-29T21:51:45","modified_gmt":"2026-04-29T18:51:45","slug":"bakan-fidan-avrupa-birliginde-siyasi-irade-yok","status":"publish","type":"post","link":"https:\/\/www.trabzonmanset.com\/index.php\/2026\/04\/29\/bakan-fidan-avrupa-birliginde-siyasi-irade-yok\/","title":{"rendered":"Bakan Fidan: &#8216;Avrupa Birli\u011fi&#8217;nde siyasi irade yok&#8217;"},"content":{"rendered":"\n<p>D\u0131\u015fi\u015fleri Bakan\u0131 Hakan Fidan, &#8220;Avrupa Birli\u011fi\u2019nde (AB) \u2018\u015eartlar sa\u011fland\u0131\u011f\u0131 zaman T\u00fcrkiye\u2019nin AB \u00fcyesi olmas\u0131n\u0131 kabul ediyoruz\u2019 \u015feklinde bir siyasi irade yok&#8221; dedi.<\/p>\n\n\n\n<p>D\u0131\u015fi\u015fleri Bakan\u0131 Hakan Fidan, Avusturya\u2019daki temaslar\u0131n\u0131 s\u00fcrd\u00fcr\u00fcyor. Avusturyal\u0131 mevkida\u015f\u0131 Beate Meinl-Reisinger ile bir araya gelen Fidan, d\u00fczenlenen ortak bas\u0131n toplant\u0131s\u0131nda iki \u00fclke ve AB-T\u00fcrkiye aras\u0131ndaki ili\u015fkilere de\u011findi. A\u00e7\u0131klamalar\u0131na ev sahibi bakana misafirperverliklerinden \u00f6t\u00fcr\u00fc te\u015fekk\u00fcr ederek ba\u015flayan Bakan Fidan, &#8220;Asl\u0131nda iki \u00fclke aras\u0131nda ger\u00e7ekten \u015fu anda g\u00fcndemimizi me\u015fgul eden \u00e7ok say\u0131da konu var. Bu iyi bir \u015fey ve aram\u0131zdaki ili\u015fkilerin yo\u011funlu\u011funu g\u00f6steriyor. Kendisi ile de son 6 ayda herhalde 3 defa bir araya gelme imkan\u0131m\u0131z oldu. \u00c7ok s\u0131k da telefonla g\u00f6r\u00fc\u015ferek hem ikili konular\u0131 hem de b\u00f6lgesel konular\u0131 koordine etme imkan\u0131m\u0131z oluyor. En son Antalya Diplomasi Forumu\u2019na kat\u0131lm\u0131\u015ft\u0131&#8221; dedi.<br>G\u00f6r\u00fc\u015fmede iki \u00fclke aras\u0131ndaki ikili ili\u015fkileri ve b\u00f6lgesel konular\u0131 ele alma f\u0131rsat\u0131 bulduklar\u0131n\u0131 ifade eden Fidan, temaslar\u0131ndaki ba\u015fl\u0131klara ili\u015fkin, &#8220;Ticaret konusu, d\u00fczensiz g\u00f6\u00e7le m\u00fccadele, yat\u0131r\u0131m, ter\u00f6rizmle m\u00fccadele gibi konular \u00f6nemli konular. Baz\u0131 konsolosluk konular\u0131 var ve onlara da girme imkan\u0131m\u0131z oldu. Biliyorsunuz, yakla\u015f\u0131k 5 milyar dolar civar\u0131nda bir ticaret hacmimiz var. Bunu daha da yukar\u0131lara \u00e7\u0131karmak i\u00e7in u\u011fra\u015f\u0131yoruz. Neler yap\u0131labilir, neleri nas\u0131l yap\u0131salla\u015ft\u0131rabiliriz, onun aray\u0131\u015f\u0131 i\u00e7erisindeyiz. Bizler devletler olarak, h\u00fck\u00fcmetler olarak i\u015f adamlar\u0131m\u0131za nas\u0131l yard\u0131mc\u0131 olabiliriz, bu bizim i\u00e7in \u00f6nemli. Bu konuda kar\u015f\u0131l\u0131kl\u0131 irademiz tam&#8221; dedi.<br><br><strong>&#8220;Suriye\u2019nin son bir y\u0131ld\u0131r ortaya koymu\u015f oldu\u011fu politikalar\u0131n \u00f6neminin alt\u0131n\u0131 \u00e7izdik&#8221;<\/strong><\/p>\n\n\n\n<p>D\u00fczensiz g\u00f6\u00e7 konusunu de ele ald\u0131klar\u0131n\u0131 ve iki \u00fclke aras\u0131nda bu konuda g\u00fczel bir i\u015f birli\u011fi oldu\u011funu ifade eden Bakan Fidan, &#8220;T\u00fcrkiye esas itibar\u0131yla g\u00f6\u00e7 konusunda ger\u00e7ekten b\u00fcy\u00fck bir tecr\u00fcbe kazanm\u0131\u015f durumda. Hem m\u00fcltecilerle ve g\u00f6\u00e7menlerle ilgilenme, hem de g\u00f6\u00e7men sorununu nas\u0131l y\u00f6netebiliriz o konuda beraber kar\u015f\u0131l\u0131kl\u0131 \u00e7al\u0131\u015f\u0131yoruz. \u00d6zellikle Suriye g\u00f6\u00e7menlerinin durumu, biliyorsunuz Suriye\u2019nin \u015fu anda yeniden istikrara kavu\u015fmas\u0131yla da yak\u0131ndan ilgili, Suriye\u2019nin mevcut istikrar\u0131yla da ilgili bu ba\u011flamda kendileriyle fikir al\u0131\u015fveri\u015finde bulunduk. \u00d6zellikle \u015fu anda Suriye\u2019nin son bir y\u0131ld\u0131r ortaya koymu\u015f oldu\u011fu istikrarl\u0131 y\u00f6netim politikalar\u0131n\u0131n hem d\u00fczensiz g\u00f6\u00e7le m\u00fccadelede hem de b\u00f6lgesel bar\u0131\u015f\u0131 sa\u011flamadaki \u00f6neminin alt\u0131n\u0131 \u00e7izdik&#8221; dedi.<br><br><strong>Avusturya\u2019daki T\u00fcrk toplumu<\/strong><\/p>\n\n\n\n<p>Avusturya ile T\u00fcrkiye aras\u0131ndaki ili\u015fkilerin en canl\u0131 unsurlar\u0131ndan biri olarak nitelendirdi\u011fi Avusturya\u2019da bulunan T\u00fcrk toplumuna ili\u015fkin konular\u0131 da ele ald\u0131klar\u0131n\u0131 ifade eden Bakan Fidan, &#8220;T\u00fcrk toplumunun Avusturya\u2019da siyasi, ekonomik, sosyal ve k\u00fclt\u00fcrel hayata etkin bi\u00e7imde sundu\u011fu katk\u0131lardan dolay\u0131 memnuniyet duyuyoruz. Avusturya\u2019daki T\u00fcrk toplumunun huzuruna verdi\u011fi katk\u0131lardan dolay\u0131 da Avusturya h\u00fck\u00fcmetini burada \u00f6zellikle tebrik etmek istiyorum&#8221; \u015feklinde konu\u015ftu.<br><br><strong>&#8220;\u015eartlar \u00fcyelik s\u00fcrecinde yap\u0131sal sorunlar\u0131n oldu\u011funu ortaya \u00e7\u0131karmakta&#8221;<\/strong><\/p>\n\n\n\n<p>B\u00f6lgesel konular\u0131 g\u00f6r\u00fc\u015fmeden \u00f6nce T\u00fcrkiye ile AB aras\u0131ndaki ili\u015fkileri de de\u011ferlendirdiklerini s\u00f6yleyen Fidan, &#8220;T\u00fcrkiye-AB ili\u015fkileri ger\u00e7ekten \u00f6nemli. H\u00fck\u00fcmetimizin bu konudaki duru\u015funu biliyorsunuz. Cumhurba\u015fkan\u0131m\u0131z \u00f6zellikle AB \u00fcyeli\u011fi konusundaki \u00fclkemizin \u00f6teden beri AK Parti h\u00fck\u00fcmetlerinde ortaya koymu\u015f oldu\u011fu resmi politikada bir de\u011fi\u015fiklik olmad\u0131\u011f\u0131n\u0131 defaatle alt\u0131n\u0131 \u00e7izerek ifade etmekte. Fakat hem Avrupa\u2019n\u0131n i\u00e7inde bulundu\u011fu \u015fartlar hem de b\u00f6lgesel geli\u015fmeler bu \u00fcyelik s\u00fcrecinde bir tak\u0131m sorunlar\u0131n yap\u0131sal sorunlar\u0131n oldu\u011funu da yads\u0131namaz bir \u015fekilde ortaya \u00e7\u0131karmakta. Bununla beraber at\u0131lmas\u0131 gereken ad\u0131mlar var. \u00d6zellikle g\u00fcmr\u00fck birli\u011finin g\u00fcncellenmesi, vize serbestisinin sa\u011flanmas\u0131 konular\u0131nda. Bunlar\u0131 \u00e7\u00f6zmeye \u00e7al\u0131\u015f\u0131yoruz. Avrupa Birli\u011fi\u2019nin (AB) rekabet\u00e7ili\u011fini g\u00fc\u00e7lendirmeyi ama\u00e7layan \u2018Made in EU\u2019 ve benzeri giri\u015fimlere \u00fclkemizin dahil edilmesi, Avrupa tedarik zincirlerinin etkinli\u011fi a\u00e7\u0131s\u0131ndan son derece \u00f6nemli. Bu iki konuda da Avusturya\u2019n\u0131n g\u00fc\u00e7l\u00fc deste\u011fini bekliyoruz&#8221; dedi.<br>Fidan, &#8220;Di\u011fer taraftan ba\u011flant\u0131sall\u0131k konusunda Avusturya ile ger\u00e7ekten \u00e7ok yapacak i\u015fimiz oldu\u011funu da bu tart\u0131\u015fmalarda g\u00f6rd\u00fck. \u00d6zellikle Hazar Ge\u00e7i\u015fli Do\u011fu-Bat\u0131 Orta Koridor ve d\u00fcn biz \u00dc\u00e7 Deniz Giri\u015fimi inisiyatifine kat\u0131lm\u0131\u015ft\u0131k. \u00dc\u00e7 Deniz Giri\u015fimi\u2019nin \u00f6zellikle ba\u011flant\u0131sall\u0131kla ilgili \u00f6nemli noktalar\u0131n\u0131n alt\u0131n\u0131 \u00e7izdik. Avusturya ve T\u00fcrkiye olarak Avrupa\u2019n\u0131n Asya\u2019n\u0131n hangi ba\u011flant\u0131sall\u0131k projeleriyle birbirine daha etkin nas\u0131l ba\u011flanabilece\u011fi, enerji g\u00fcvenli\u011fi konusunda koridor a\u00e7ma konusunda neler yap\u0131labilir, bu konuda da iyi bir g\u00f6r\u00fc\u015f al\u0131\u015fveri\u015finde bulunduk&#8221; ifadelerini kulland\u0131.<br><br><strong>&#8220;\u0130srail\u2019in daha nitelikli bir uluslararas\u0131 bask\u0131 alt\u0131na al\u0131nmas\u0131 gerekiyor&#8221;<\/strong><\/p>\n\n\n\n<p>Gazze \u015eeridi\u2019ndeki b\u00f6lgesel ba\u015fl\u0131klara da de\u011finen Fidan, &#8220;Gazze\u2019deki bar\u0131\u015f plan\u0131n\u0131n nas\u0131l gitti\u011fi konusunda fikir teatisinde bulunduk. Her iki taraf da kendileri de ifade ettiler; Gazze\u2019deki bar\u0131\u015f plan\u0131n\u0131n \u00f6ng\u00f6r\u00fcld\u00fc\u011f\u00fc gibi, ka\u011f\u0131da yans\u0131t\u0131ld\u0131\u011f\u0131 gibi, \u015fartlara uygun bir \u015fekilde ilerlemesi \u00f6nemli. Taraflar\u0131n bu \u015fekilde ortaya koyaca\u011f\u0131 \u00e7aba \u00f6nemli. \u00d6zellikle \u0130srail\u2019in isteksizli\u011finin bask\u0131 alt\u0131na al\u0131nmas\u0131, ihlallerinin \u00f6nlenmesi Gazze\u2019de ikinci a\u015famaya ge\u00e7i\u015f i\u00e7in fevkalade \u00f6nemli. Bu konuda hem uluslararas\u0131 toplumu hem ara bulucular\u0131n hem de bar\u0131\u015f kurulunda olan b\u00fct\u00fcn akt\u00f6rleri gereken tedbirleri alma konusunda da a\u00e7\u0131k\u00e7as\u0131 uyar\u0131yoruz. B\u00f6lgedeki \u0130srail yay\u0131lmac\u0131l\u0131\u011f\u0131n\u0131n bir uzant\u0131s\u0131 olan Gazze ve Bat\u0131 \u015eeria\u2019daki \u015fartlar, b\u00f6lgeye de hizmet etmiyor, Avrupa\u2019ya da hizmet etmiyor. Daha fazla istikrars\u0131zl\u0131k, daha fazla enerji g\u00fcvenli\u011fi a\u00e7\u0131s\u0131ndan sorun, daha fazla d\u00fczensiz g\u00f6\u00e7 ortaya \u00e7\u0131kar\u0131yor. En son L\u00fcbnan\u2019da biliyorsunuz bir milyon insan, \u0130srail i\u015fgali sonucu yerlerinden edilmi\u015f oldu. Bunun yayg\u0131nla\u015fmas\u0131 sonunda daha fazla g\u00f6\u00e7 ortaya \u00e7\u0131kabilir. Onun i\u00e7in \u0130srail\u2019in bu konuda daha nitelikli bir uluslararas\u0131 bask\u0131 alt\u0131na al\u0131nmas\u0131 gerekiyor&#8221; dedi.<br>Fidan, &#8220;\u00d6zellike Rusya-Ukrayna sava\u015f\u0131 konusunda da geldi\u011fimiz noktada mevcut riskleri ve \u00e7\u00f6z\u00fcme nas\u0131l ula\u015fabiliriz, bar\u0131\u015fa nas\u0131l ula\u015fabiliriz bu konuda da g\u00f6r\u00fc\u015f al\u0131\u015fveri\u015finde bulunduk. T\u00fcrkiye\u2019nin pozisyonu dahilinde biliyorsunuz Cumhurba\u015fkan\u0131m\u0131z \u00f6teden beri \u00f6zellikle bu sava\u015f\u0131n durmas\u0131 konusuda elinden geleni yapmakta. T\u00fcrkiye, 2022\u2019den itibaren Rusya-Ukrayna m\u00fczakerelerine \u00e7e\u015fitli boyutlarda ve seviyelerde ev sahipli\u011fi yap\u0131yor. Amerika\u2019n\u0131n y\u00fcr\u00fctt\u00fc\u011f\u00fc ara buluculuk deste\u011fine de g\u00fc\u00e7l\u00fc bir destek veriyor. Bu politikay\u0131 da biz destekliyoruz. Bu konuda \u00fczerimize ne d\u00fc\u015ferse yapmaya b\u00fcy\u00fck bir titizlikle devam edece\u011fiz&#8221; dedi.<br><br><strong>&#8220;H\u00fcrm\u00fcz Bo\u011faz\u0131\u2019ndaki t\u0131kan\u0131kl\u0131\u011f\u0131n bir an \u00f6nce a\u015f\u0131l\u0131p normal hayata d\u00f6n\u00fclmesi gerekiyor&#8221;<\/strong><\/p>\n\n\n\n<p>D\u0131\u015fi\u015fleri Bakan\u0131 Fidan, &#8220;Di\u011fer taraftan \u0130ran ve Amerika aras\u0131nda devam eden m\u00fczakerelerin bir an \u00f6nce neticeye kavu\u015fmas\u0131 i\u00e7in elimizden geleni yapmaya \u00e7al\u0131\u015f\u0131yoruz. \u00d6zellikle bu krizin bir an \u00f6nce sona ermesi ve bu krizden kaynaklanan H\u00fcrm\u00fcz Bo\u011faz\u0131\u2019ndaki t\u0131kan\u0131kl\u0131\u011f\u0131n bir an \u00f6nce a\u015f\u0131l\u0131p normal hayata d\u00f6n\u00fclmesi gerekiyor. Enerji fiyatlar\u0131, enerji tedari\u011fi, \u00f6zellikle de b\u00f6lge \u00fclkelerine d\u00f6n\u00fck g\u0131da ve \u00fcr\u00fcn tedari\u011finde \u00e7ok ciddi s\u0131k\u0131nt\u0131lar var. Asl\u0131nda H\u00fcrm\u00fcz Bo\u011faz\u0131, say\u0131n mevkida\u015f\u0131mla da tart\u0131\u015ft\u0131\u011f\u0131m gibi, alternatif ba\u011flant\u0131sall\u0131\u011f\u0131n \u00f6nemini bir kez daha vurgulam\u0131\u015f oldu&#8221; ifadelerini kulland\u0131.<br>Fidan, ABD-\u0130ran aras\u0131nda Pakistan\u2019\u0131n ba\u015fkenti \u0130slamabad\u2019da y\u00fcr\u00fct\u00fclen temaslara da de\u011finerek, &#8220;\u0130slamabad\u2019da ba\u015flayan m\u00fczakereler, in\u015fallah ba\u015far\u0131yla sonu\u00e7lan\u0131r. Bu konuda taraflarla temas halindeyiz. Elimizden gelen b\u00fct\u00fcn deste\u011fi taraflara bu \u0130ran ihtilaf\u0131n\u0131n da \u00e7\u00f6z\u00fclmesi i\u00e7in vermeye gayret ediyoruz. Bu konuda yo\u011fun bir mesaimiz var&#8221; dedi.<br><br><strong>&#8220;(\u0130ran-ABD m\u00fczakereleri) \u00d6n\u00fcm\u00fczdeki birka\u00e7 g\u00fcn\u00fcn \u00e7ok kritik oldu\u011funu d\u00fc\u015f\u00fcn\u00fcyorum&#8221;<\/strong><\/p>\n\n\n\n<p>Bas\u0131n toplant\u0131s\u0131nda \u0130ran sava\u015f\u0131nda siyasi bir \u00e7\u00f6z\u00fcm\u00fcn m\u00fcmk\u00fcn olup olmad\u0131\u011f\u0131na ili\u015fkin bir soru \u00fczerine Fidan, &#8220;Devam eden m\u00fczakereleri konu\u015fmamda da ifade etmeye \u00e7al\u0131\u015ft\u0131m, biz destekliyoruz, elimizden gelen gayreti g\u00f6steriyoruz, bu \u00f6nemli bir konu. \u015eu anda ate\u015fkesin uzat\u0131lmas\u0131 \u00f6nemli bir husus. Siz tekrar bir ablukan\u0131n g\u00fcndeme geldi\u011fini ifade ettiniz ama bizim i\u00e7in \u00f6nemli olan tekrar sava\u015fa d\u00f6n\u00fclmemesi. \u015eimdi, ate\u015fkes ilk ilan edildi\u011finde, 15 g\u00fcnl\u00fc\u011f\u00fcne, biz o zaman da ifade etmi\u015ftik, anla\u015fmaya var\u0131lmas\u0131 gereken maddeler \u00e7ok \u00f6nemli ve \u00e7ok fazla. Bunlar\u0131n iki hafta i\u00e7erisinde \u00e7\u00f6z\u00fclmesi m\u00fcmk\u00fcn olmayabilir, ilave uzatmalara ihtiyac\u0131m\u0131z olabilir. Ben taraflar\u0131n da bu konuda a\u00e7\u0131k\u00e7as\u0131 istekli oldu\u011funu g\u00f6rd\u00fcm. \u00c7\u00fcnk\u00fc uluslararas\u0131 toplumun bask\u0131s\u0131 bunu da biraz gerekli k\u0131l\u0131yor. Ben bundan sonraki s\u00fcre\u00e7te \u00f6n\u00fcm\u00fczdeki birka\u00e7 g\u00fcn\u00fcn \u00e7ok kritik oldu\u011funu d\u00fc\u015f\u00fcn\u00fcyorum. \u00d6zellikle taraflar\u0131n \u015fu anda belli pozisyonlar\u0131 netle\u015ftirmesi itibar\u0131yla bu birka\u00e7 g\u00fcn \u00e7ok \u00f6nemli. \u0130ki taraf\u0131n da \u00f6zellikle bir ate\u015fkese ve bar\u0131\u015fa daimi olarak ula\u015fma niyetiyle ve H\u00fcrm\u00fcz Bo\u011faz\u0131\u2019n\u0131 a\u00e7ma niyetiyle hareket etmeleri fevkalade \u00f6nemli. Burada halledilmesi gereken baz\u0131 detayl\u0131 konular var. Burada da ben Pakistanl\u0131 karde\u015flerimizin maharetine g\u00fcveniyorum. Bizim de deste\u011fimiz devam edecek&#8221; dedi.<br><br><strong>&#8220;\u00dcyelik \u015fartlar\u0131 sa\u011flansa da AB\u2019nin T\u00fcrkiye\u2019yi birli\u011fe kabul edecek bir siyasi iradesi yok&#8221;<\/strong><\/p>\n\n\n\n<p>T\u00fcrkiye\u2019nin Rusya ile Ukrayna aras\u0131ndaki sava\u015f\u0131n \u00e7\u00f6z\u00fcm\u00fcne y\u00f6nelik \u00e7abalar\u0131 ve T\u00fcrkiye\u2019nin artan jeostratejik, jeopolitik ve jeo-ekonomik \u00f6nemine ra\u011fmen AB\u2019nin T\u00fcrkiye\u2019nin \u00fcyeli\u011finin neden ger\u00e7ekle\u015fmedi\u011fine ili\u015fkin bir soruya cevab\u0131nda Fidan, &#8220;Burada \u015fimdi \u015fu \u00f6nemli; biz hi\u00e7bir zaman i\u00e7in \u00fcyelik ko\u015fullar\u0131n\u0131n ger\u00e7ekle\u015fmemesi ve ger\u00e7ekle\u015fmeden girilmesi gibi bir talep i\u00e7erisinde olmad\u0131k. Tabii ki bir yere girecekseniz bunun \u015fartlar\u0131 vard\u0131r. Bu \u015fartlar \u00f6n\u00fcn\u00fcze konur ve siz bu \u015fartlara uydu\u011funuz zaman buraya girersiniz. Fakat sorun \u015furada; Avrupa Birli\u011fi\u2019nde \u2018\u015eartlar sa\u011fland\u0131\u011f\u0131 zaman biz T\u00fcrkiye\u2019nin Avrupa Birli\u011fi \u00fcyesi olmas\u0131n\u0131 kabul ediyoruz\u2019 \u015feklinde bir siyasi irade yok. Dolay\u0131s\u0131yla bu siyasi irade maalesef 2007 y\u0131l\u0131nda Say\u0131n Sarkozy taraf\u0131ndan \u00f6ld\u00fcr\u00fcld\u00fc. Say\u0131n Schr\u00f6der ve Say\u0131n Chirac taraf\u0131ndan daha \u00f6nce ortaya konan Avrupa siyasi iradesi, Say\u0131n Sarkozy ile beraber ortadan kald\u0131r\u0131ld\u0131. Yani bizim de\u011ferlendirme a\u015famalar\u0131na ge\u00e7memiz i\u00e7in Avrupa Birli\u011fi\u2019nde bir siyasi iradenin deklare edilmesi gerekiyor. Daha sonra hangi fas\u0131l nas\u0131l a\u00e7\u0131l\u0131r hangisi kapan\u0131r ona bakar\u0131z&#8221; a\u00e7\u0131klamas\u0131n\u0131 yapt\u0131.<br><br><strong>&#8220;Jeostratejik olaylar bizi beraber \u00e7al\u0131\u015fmaya mecbur ediyor&#8221;<\/strong><\/p>\n\n\n\n<p>K\u00fcresel ve b\u00f6lgesel geli\u015fmelerin taraflar aras\u0131ndaki i\u015f birli\u011fini zorunlu hale getirdi\u011fini vurgulayan Bakan Fidan, &#8220;Ama di\u011fer taraftan jeostratejik olaylar \u00f6ylesine geli\u015fiyor ki bizim Avrupa Birli\u011fi ile ili\u015fkilerimizin do\u011fas\u0131n\u0131n ne oldu\u011funa bakmaks\u0131z\u0131n bizi beraber \u00e7al\u0131\u015fmaya mecbur ediyor. Rusya-Ukrayna krizi, Orta Do\u011fu\u2019da olan kriz, H\u00fcrm\u00fcz Bo\u011faz\u0131, b\u00f6lgemizde olan geli\u015fmeler, Balkanlar\u2019daki istikrar\u0131n devam etmesi, aram\u0131zdaki ticaret hacmi, ortak ticaret direnci, savunma taban\u0131n\u0131n olu\u015fturulmas\u0131 gibi \u00e7ok fazla konu var. NATO\u2019da hep beraber ne yapaca\u011f\u0131z, yeni Avrupa g\u00fcvenlik mimarisini nas\u0131l olu\u015fturaca\u011f\u0131z, rekabet \u015fartlar\u0131n\u0131 nas\u0131l geli\u015ftirece\u011fiz, o kadar \u00e7ok konu var ki. Yani Avrupa ile T\u00fcrkiye\u2019yi bir araya getirdi\u011finiz zaman 500 milyonluk bir n\u00fcfustan bahsediyoruz. Ama maalesef Avrupa Birli\u011fi\u2019nin i\u00e7erisinde de bir tak\u0131m kurallara dayal\u0131 baz\u0131 a\u00e7mazlar var. Yani 27 \u00fclkenin diyelim 26\u2019s\u0131, 400 milyon insan bir \u015fey isteyebilir ama bir milyondan az insan\u0131n tercihi, onu yetersiz hale getirebilir. Dolay\u0131s\u0131yla 500 milyonluk T\u00fcrkiye ile Avrupa Birli\u011fi\u2019nin gelece\u011fi, bir \u00fclke taraf\u0131ndan esir al\u0131nabilir. Yani mevcut sistem, bunu m\u00fcmk\u00fcn k\u0131l\u0131yor&#8221; dedi.<br><br><strong>&#8220;Avrupa Birli\u011fi taraf\u0131nda, bir tak\u0131m, irade ortaya koyma konusunda s\u0131k\u0131nt\u0131lar var&#8221;<\/strong><\/p>\n\n\n\n<p>Fidan, &#8220;Sadece \u00fcyelikle ilgili de\u011fil. \u0130li\u015fkide at\u0131lacak pragmatik ad\u0131mlarla da alakal\u0131. Avrupa g\u00fcvenli\u011fi ile ilgili ad\u0131mlar var, Avrupa\u2019n\u0131n kritik altyap\u0131 sorunlar\u0131 ile ilgili konular var, Avrupa\u2019n\u0131n daha fazla ticari olarak rekabet edebilirli\u011fi ile ilgili alan var, Avrupa\u2019daki dijital alan\u0131n geni\u015fletilmesiyle ilgili alanlar var, b\u00fct\u00fcn bu alanlar\u0131n hepsinde 500 milyonluk ortak yap\u0131 bir \u015fey elde edebilecekken, bir milyondan az bir \u00fclke, \u00e7ok fazla buna engel olur ve hi\u00e7 kimse de buna bir \u015fey diyemez. \u015eimdi tabii b\u00f6yle bir taktik sorunun, b\u00fcy\u00fck bir stratejik menfaati \u00f6nl\u00fcyor olu\u015fu ve buna bir \u00e7\u00f6z\u00fcm getirilememesi de ayr\u0131ca bir \u00e7\u0131kmaz alan. Bu tabii Avrupa\u2019n\u0131n kendi i\u00e7erisinde \u00e7\u00f6zmesi gereken bir sorun. Ama bizim realist olarak izledi\u011fimiz politika \u015fu; T\u00fcrkiye ile Avrupa\u2019n\u0131n ili\u015fkilerinin her zaman i\u00e7in iyi olmas\u0131 gerekiyor. \u0130ki taraf, ticaret hacmi, Say\u0131n Bakan da ifade etti, ger\u00e7ekten 250 milyar dolara yakla\u015fan bir ticaret hacmi var. Ve bu alt\u0131n orana sahip neredeyse, y\u00fczde 50-y\u00fczde 50 d\u00fczeyinde ve ticaret a\u00e7\u0131\u011f\u0131 iki tarafta da yok. Ve g\u00fcmr\u00fck birli\u011fi anla\u015fmas\u0131 g\u00fcncellense, bu 250 milyar dolar\u0131n hemen 500 milyar dolara \u00e7\u0131kma ihtimali de var, yap\u0131lan b\u00fct\u00fcn hesaplamalara g\u00f6re. Her iki taraf da bunu yapmak istiyor ama bir t\u00fcrl\u00fc ad\u0131m atam\u0131yorlar. Burada Avrupa Birli\u011fi taraf\u0131nda, bir tak\u0131m, irade ortaya koyma konusunda s\u0131k\u0131nt\u0131lar var. \u00dcyelik konusunda demiyoruz, mevcut aram\u0131zdaki anla\u015fma g\u00fcmr\u00fck birli\u011fi anla\u015fmas\u0131, hadi gelin bunu bir g\u00fcncelleyelim, bu her iki taraf\u0131n da menfaatine, bunu Avrupa Birli\u011fi b\u00fcrokratlar\u0131 da bize s\u00f6yl\u00fcyor ama bir yerde bir irade t\u0131kanmas\u0131 var. Umar\u0131m bu a\u015f\u0131l\u0131r. Ama dedi\u011fim gibi Cumhurba\u015fkan\u0131m\u0131z\u0131n bu konuda T\u00fcrk milleti ad\u0131na ald\u0131\u011f\u0131 irade, kulland\u0131\u011f\u0131 irade belli. Bizim bu konuda bir s\u0131k\u0131nt\u0131m\u0131z yok. Umar\u0131m var olan ili\u015fkilerimizi daha ileri bir noktaya ta\u015f\u0131r\u0131z&#8221; ifadelerini kulland\u0131.<br><br><strong>&#8220;Avrupa ile ili\u015fkilerimizi, her alanda ilerletmeye \u00e7al\u0131\u015f\u0131yoruz&#8221;<\/strong><\/p>\n\n\n\n<p>Bas\u0131n toplant\u0131s\u0131nda T\u00fcrkiye\u2019nin Avrupa\u2019daki son siyasi hamlelerine ili\u015fkin bir soru alan Fidan, &#8220;Avrupa ile ili\u015fkilerimizi her alanda ilerletmeye \u00e7al\u0131\u015f\u0131yoruz. Ge\u00e7ti\u011fimiz hafta \u0130ngiltere\u2019de Stratejik Ortakl\u0131k \u00c7er\u00e7eve Belgesi\u2019ni imzalad\u0131k. \u0130ngiltere ile ili\u015fkilerimiz gayet iyi, s\u00fcrekli art\u0131yor ve ilerliyor. Bunu daha da kal\u0131c\u0131 ve sistemli bir hale getirmek i\u00e7in her iki taraf da siyasi irade ortaya koydu ve stratejik ortakl\u0131k \u00e7er\u00e7eve belgesi imzaland\u0131. Asl\u0131nda bizim Avrupa \u00fclkeleriyle ikili bazda ili\u015fkilerimiz ger\u00e7ekten \u00e7ok iyi. Yani, bir tanesiyle belki \u00e7ok s\u0131k\u0131nt\u0131l\u0131 konular\u0131m\u0131z var, bir di\u011feriyle biraz daha s\u0131k\u0131nt\u0131l\u0131 ama geri kalan \u00fclkelerle ticari konular\u0131m\u0131z g\u00fcvenlik konular\u0131m\u0131z, savunma sanayi, akl\u0131n\u0131za gelen b\u00fct\u00fcn konularda ger\u00e7ekten \u00e7ok iyi ili\u015fkilerimiz var. Ama Avrupa Birli\u011fi olarak kurumsal ili\u015fkiye geldi\u011fi zaman orada i\u015fler de\u011fi\u015fiyor&#8221; dedi.<\/p>\n\n\n\n<p>Bakan Fidan, &#8220;Dedi\u011fim gibi, onun ba\u015fka bir boyutu var. Ama biz hem Avrupa Birli\u011fi kurumlar\u0131yla hem de Avrupa \u00fclkeleriyle ili\u015fkilerimizi en iyi \u015fekilde ilerletmeye devam edece\u011fiz. Diplomatlar olarak bu bizim g\u00f6revimiz. Her iki taraf\u0131n, hem Avrupa taraf\u0131n\u0131n hem T\u00fcrk taraf\u0131n\u0131n ger\u00e7ekten ticareti ilerletmeye, daha fazla dayan\u0131\u015fmaya, krizlerle dolu bu co\u011frafyada daha dayan\u0131kl\u0131 olmaya ihtiyac\u0131m\u0131z var. Yoksa, ittifaklar\u0131n azald\u0131\u011f\u0131, itilaflar\u0131n \u00e7o\u011fald\u0131\u011f\u0131, zaten var olan krizlerin y\u00f6netilmesinde zorluk ya\u015fad\u0131\u011f\u0131m\u0131z bir yerde taraflar giderek daha fazla birbirlerini y\u0131prat\u0131r. Ben Say\u0131n Bakan\u0131n yakla\u015f\u0131m\u0131n\u0131 da ger\u00e7ekten \u00e7ok takdir ediyorum. \u00d6zellikle \u00dc\u00e7 Deniz Giri\u015fimi\u2019nde de g\u00f6r\u00fcld\u00fc\u011f\u00fc gibi beraber de bir konseptte karar birli\u011fi k\u0131ld\u0131k. Yani buran\u0131n \u00f6zellikle enerji g\u00fcvenli\u011fi gibi konularda bir fonksiyona ula\u015fmas\u0131 \u00f6rnek bir model te\u015fkil eder&#8221; ifadelerini kulland\u0131.<br><br>T\u00fcrkiye ile Avusturya aras\u0131nda enerji alan\u0131 ba\u015fta olmak \u00fczere bir\u00e7ok alanda i\u015f birli\u011fi y\u00fcr\u00fct\u00fclebilece\u011finin alt\u0131n\u0131 \u00e7izen Bakan Fidan, &#8220;Avusturya ile T\u00fcrkiye aras\u0131nda enerji birli\u011fi, enerji \u00f6zellikle b\u00f6lgesel g\u00fcvenli\u011fi a\u00e7\u0131s\u0131ndan \u00e7ok fazla i\u015f birli\u011fi yap\u0131labilir. Avusturya\u2019n\u0131n \u00e7ok iyi enerji firmalar\u0131 var, uluslararas\u0131 tecr\u00fcbesi olan, kendisi burada enerji \u00fcretmiyor ama enerji firmalar\u0131 ger\u00e7ekten uluslararas\u0131 arenada \u00e7ok g\u00fc\u00e7l\u00fc. T\u00fcrkiye\u2019deki b\u00fcy\u00fck enerji altyap\u0131s\u0131yla, T\u00fcrkiye biliyorsunuz giderek hem bir ge\u00e7i\u015f g\u00fczergah\u0131 hem bir \u2018hub\u2019 olma durumunda. \u015eu anda b\u00fcy\u00fck LNG terminallerimiz var onlar da yak\u0131nda Avrupa enerji g\u00fcvenli\u011fi i\u00e7in daha fazla devreye sokma konusunda bir duru\u015f var. \u0130nan\u0131lmaz bir i\u015f birli\u011fi potansiyeli var. Bize tek d\u00fc\u015fen oturup bu i\u015f birli\u011fi alanlar\u0131n\u0131 yap\u0131c\u0131 bir \u015fekilde ortaya koyup, karara ba\u011flay\u0131p bir an \u00f6nce uygulamak&#8221; dedi.<\/p>\n\n\n\n<p>Kaynak: \u0130HA<\/p>\n","protected":false},"excerpt":{"rendered":"<p>D\u0131\u015fi\u015fleri Bakan\u0131 Hakan Fidan, &#8220;Avrupa Birli\u011fi\u2019nde (AB) \u2018\u015eartlar sa\u011fland\u0131\u011f\u0131 zaman T\u00fcrkiye\u2019nin AB \u00fcyesi olmas\u0131n\u0131 kabul ediyoruz\u2019 \u015feklinde bir siyasi irade yok&#8221; dedi. D\u0131\u015fi\u015fleri Bakan\u0131 Hakan Fidan, Avusturya\u2019daki temaslar\u0131n\u0131 s\u00fcrd\u00fcr\u00fcyor. Avusturyal\u0131 mevkida\u015f\u0131 Beate Meinl-Reisinger ile bir araya gelen Fidan, d\u00fczenlenen ortak bas\u0131n toplant\u0131s\u0131nda iki \u00fclke ve AB-T\u00fcrkiye aras\u0131ndaki ili\u015fkilere de\u011findi. A\u00e7\u0131klamalar\u0131na ev sahibi bakana misafirperverliklerinden \u00f6t\u00fcr\u00fc [&hellip;]<\/p>\n","protected":false},"author":1,"featured_media":11776,"comment_status":"open","ping_status":"open","sticky":false,"template":"","format":"standard","meta":{"footnotes":""},"categories":[11],"tags":[2300,2218,868],"class_list":["post-11775","post","type-post","status-publish","format-standard","has-post-thumbnail","hentry","category-manset","tag-avrupa-birligi","tag-avusturya","tag-hakan-fidan"],"_links":{"self":[{"href":"https:\/\/www.trabzonmanset.com\/index.php\/wp-json\/wp\/v2\/posts\/11775","targetHints":{"allow":["GET"]}}],"collection":[{"href":"https:\/\/www.trabzonmanset.com\/index.php\/wp-json\/wp\/v2\/posts"}],"about":[{"href":"https:\/\/www.trabzonmanset.com\/index.php\/wp-json\/wp\/v2\/types\/post"}],"author":[{"embeddable":true,"href":"https:\/\/www.trabzonmanset.com\/index.php\/wp-json\/wp\/v2\/users\/1"}],"replies":[{"embeddable":true,"href":"https:\/\/www.trabzonmanset.com\/index.php\/wp-json\/wp\/v2\/comments?post=11775"}],"version-history":[{"count":1,"href":"https:\/\/www.trabzonmanset.com\/index.php\/wp-json\/wp\/v2\/posts\/11775\/revisions"}],"predecessor-version":[{"id":11777,"href":"https:\/\/www.trabzonmanset.com\/index.php\/wp-json\/wp\/v2\/posts\/11775\/revisions\/11777"}],"wp:featuredmedia":[{"embeddable":true,"href":"https:\/\/www.trabzonmanset.com\/index.php\/wp-json\/wp\/v2\/media\/11776"}],"wp:attachment":[{"href":"https:\/\/www.trabzonmanset.com\/index.php\/wp-json\/wp\/v2\/media?parent=11775"}],"wp:term":[{"taxonomy":"category","embeddable":true,"href":"https:\/\/www.trabzonmanset.com\/index.php\/wp-json\/wp\/v2\/categories?post=11775"},{"taxonomy":"post_tag","embeddable":true,"href":"https:\/\/www.trabzonmanset.com\/index.php\/wp-json\/wp\/v2\/tags?post=11775"}],"curies":[{"name":"wp","href":"https:\/\/api.w.org\/{rel}","templated":true}]}}