{"id":11760,"date":"2026-04-28T21:20:00","date_gmt":"2026-04-28T18:20:00","guid":{"rendered":"https:\/\/www.trabzonmanset.com\/?p=11760"},"modified":"2026-04-28T22:37:19","modified_gmt":"2026-04-28T19:37:19","slug":"gunlerdir-suren-krizin-ardindan-madenciler-polislere-cicek-verdi","status":"publish","type":"post","link":"https:\/\/www.trabzonmanset.com\/index.php\/2026\/04\/28\/gunlerdir-suren-krizin-ardindan-madenciler-polislere-cicek-verdi\/","title":{"rendered":"G\u00fcnlerdir s\u00fcren krizin ard\u0131ndan madenciler polislere \u00e7i\u00e7ek verdi"},"content":{"rendered":"\n<p>Ankara&#8217;da 9 g\u00fcnd\u00fcr eylemde olan Doruk Madencilik i\u015f\u00e7ileri, \u0130\u00e7i\u015fleri Bakanl\u0131\u011f\u0131&#8217;ndaki toplant\u0131da uzla\u015fma sa\u011flanmas\u0131n\u0131n ard\u0131ndan grevlerini sonland\u0131rd\u0131. Maden i\u015f\u00e7ileri, eylemin son bulmas\u0131yla polislere \u00e7i\u00e7ek vererek jest yapt\u0131.<\/p>\n\n\n\n<p>Ankara&#8217;da bir s\u00fcredir eylem yapan maden i\u015f\u00e7ileri, i\u015fveren taraf\u0131 ve baz\u0131 bakan yard\u0131mc\u0131lar\u0131n\u0131n kat\u0131l\u0131m\u0131yla <strong>\u0130\u00e7i\u015fleri Bakanl\u0131\u011f\u0131<\/strong>&#8216;nda ger\u00e7ekle\u015ftirilen toplant\u0131 uzla\u015fmayla sona erdi. Maden i\u015f\u00e7ileri i\u015fverenle anla\u015farak eylemi noktalad\u0131klar\u0131n\u0131 a\u00e7\u0131klad\u0131.<\/p>\n\n\n\n<h3 class=\"wp-block-heading\">\u0130\u00c7\u0130\u015eLER\u0130 BAKANLI\u011eINDA MADEN \u0130\u015e\u00c7\u0130LER\u0130YLE TOPLANTI<\/h3>\n\n\n\n<p><strong>\u0130\u00e7i\u015fleri Bakanl\u0131\u011f\u0131<\/strong>&#8216;nda maden i\u015f\u00e7ilerinin Ankara&#8217;daki eylemlerini de\u011ferlendirmek amac\u0131yla i\u015f\u00e7i ve i\u015fveren taraflar\u0131 aras\u0131nda g\u00f6r\u00fc\u015fme yap\u0131ld\u0131.<\/p>\n\n\n\n<figure class=\"wp-block-image\"><img decoding=\"async\" src=\"https:\/\/foto.haberler.com\/haber\/2026\/04\/28\/gunlerdir-suren-krizin-ardinda-19788697-1483_1_m.jpg\" alt=\"\"\/><\/figure>\n\n\n\n<p>Toplant\u0131, \u0130\u00e7i\u015fleri Bakan Yard\u0131mc\u0131s\u0131 Ali \u00c7elik&#8217;in ba\u015fkanl\u0131\u011f\u0131nda, \u00c7al\u0131\u015fma ve Sosyal G\u00fcvenlik Bakan Yard\u0131mc\u0131s\u0131 Faruk \u00d6z\u00e7elik, Enerji ve Tabii Kaynaklar Bakan Yard\u0131mc\u0131s\u0131 Abdullah Tancan, Emniyet Genel M\u00fcd\u00fcr\u00fc Mahmut Demirta\u015f, Ankara Emniyet M\u00fcd\u00fcr\u00fc Engin Din\u00e7, Ankara Vali Yard\u0131mc\u0131s\u0131 G\u00fcrsoy Osman Bilgin, Emniyet Genel M\u00fcd\u00fcrl\u00fc\u011f\u00fc G\u00fcvenlik Daire Ba\u015fkan\u0131 Emrullah G\u00f6lc\u00fck, Ba\u011f\u0131ms\u0131z Maden-\u0130\u015f Genel Ba\u015fkan\u0131 G\u00f6kay \u00c7ak\u0131r, sendika yetkilisi Ba\u015faran Aksu, maden i\u015f\u00e7ileri Sinan Ko\u00e7ak ve \u00d6zcan G\u00fcltekin ile Doruk Madencilik \u015eirketinin sahibi Sabahattin Y\u0131ld\u0131z&#8217;\u0131n kat\u0131l\u0131m\u0131yla d\u00fczenlendi.<\/p>\n\n\n\n<h3 class=\"wp-block-heading\">UZLA\u015eMA SA\u011eLANDI<\/h3>\n\n\n\n<p>Yakla\u015f\u0131k 1,5 saat s\u00fcren toplant\u0131da, grev ve eylemlerin sona erdirilmesi i\u00e7in uzla\u015fma zemini \u00fczerinde g\u00f6r\u00fc\u015fmeler yap\u0131ld\u0131.\u00a0 <strong>\u0130\u00e7i\u015fleri Bakanl\u0131\u011f\u0131<\/strong>, toplant\u0131n\u0131n taraflar\u0131n uzla\u015fmas\u0131yla sonu\u00e7land\u0131\u011f\u0131n\u0131 ve i\u015f\u00e7ilerin, i\u015fverenle anla\u015farak eylemi sonland\u0131rd\u0131klar\u0131n\u0131 a\u00e7\u0131klad\u0131klar\u0131n\u0131 bildirdi.<\/p>\n\n\n\n<figure class=\"wp-block-image\"><img decoding=\"async\" src=\"https:\/\/foto.haberler.com\/haber\/2026\/04\/28\/gunlerdir-suren-krizin-ardinda-19788697-7279_2_m.jpg\" alt=\"\"\/><\/figure>\n\n\n\n<p>\u00d6te yandan \u0130\u00e7i\u015fleri Bakan\u0131 <strong>Mustafa \u00c7ift\u00e7i<\/strong>&#8216;nin giri\u015fimleriyle i\u015fveren taraf\u0131ndan 96 milyon 340 bin liran\u0131n i\u015f\u00e7ilerin hesaplar\u0131na yat\u0131r\u0131ld\u0131\u011f\u0131 \u00f6\u011frenildi.<\/p>\n\n\n\n<h3 class=\"wp-block-heading\">&#8220;EYLEM\u0130M\u0130Z\u0130 SONLANDIRDIK&#8221;<\/h3>\n\n\n\n<p><strong>\u0130\u00e7i\u015fleri Bakanl\u0131\u011f\u0131<\/strong> \u00f6n\u00fcnde a\u00e7\u0131klama yapan Ba\u011f\u0131ms\u0131z Maden-\u0130\u015f Genel Ba\u015fkan\u0131 G\u00f6kay \u00c7ak\u0131r, toplant\u0131n\u0131n olumlu ge\u00e7ti\u011fini belirterek, \u015funlar\u0131 kaydetti:<\/p>\n\n\n\n<p>&#8220;\u00c7o\u011fu arkada\u015f\u0131m\u0131z\u0131n maa\u015flar\u0131 yatt\u0131. Bizden 15 g\u00fcn s\u00fcre istediler. \u00c7al\u0131\u015fma ve Sosyal G\u00fcvenlik Bakanl\u0131\u011f\u0131, Enerji ve Tabii Kaynaklar Bakanl\u0131\u011f\u0131, \u0130\u00e7i\u015fleri Bakanl\u0131\u011f\u0131 ve Ankara Emniyet M\u00fcd\u00fcr\u00fc de bu garant\u00f6rl\u00fc\u011f\u00fc benimsedi. Bizler de bu saatten itibaren eylemimizi sonland\u0131rd\u0131k.<\/p>\n\n\n\n<p><img loading=\"lazy\" decoding=\"async\" width=\"300\" height=\"200\" src=\"https:\/\/foto.haberler.com\/haber\/2026\/04\/28\/gunlerdir-suren-krizin-ardinda-19788697-6212_1_m.jpg\" alt=\"Ba\u011f\u0131ms\u0131z Maden-\u0130\u015f Genel Ba\u015fkan\u0131 G\u00f6kay \u00c7ak\u0131r\"><\/p>\n\n\n\n<p>Ba\u011f\u0131ms\u0131z Maden-\u0130\u015f Genel Ba\u015fkan\u0131 G\u00f6kay \u00c7ak\u0131r<\/p>\n\n\n\n<p>\u00c7\u0131k\u0131\u015f almak isteyen, tazminat hakk\u0131 olan arkada\u015flar\u0131n da b\u00fct\u00fcn haklar\u0131 15 g\u00fcn i\u00e7inde \u00f6denecek, \u015firket bunun s\u00f6z\u00fcn\u00fc verdi. Ama \u00e7al\u0131\u015fmak isteyen arkada\u015flar bu haklardan faydalanamayacaklar sadece maa\u015flar\u0131n\u0131 alacaklar. Ama derse ki i\u015fverenle kar\u015f\u0131l\u0131kl\u0131 anla\u015fma yap\u0131p &#8216;Ben \u00e7\u0131k\u0131\u015f\u0131m\u0131 alaca\u011f\u0131m.&#8217; o zaman herkesin 15 g\u00fcn i\u00e7inde tazminat\u0131 \u00f6denecek. Hi\u00e7bir i\u015f\u00e7imizi ma\u011fdur etmeyece\u011fiz.&#8221;<\/p>\n\n\n\n<h3 class=\"wp-block-heading\">POL\u0130SLERE \u00c7\u0130\u00c7EK VERD\u0130LER<\/h3>\n\n\n\n<p>\u0130\u00e7i\u015fleri Bakan\u0131 Mustafa \u00c7ift\u00e7i de, krizin \u00e7\u00f6z\u00fclmesinin ard\u0131ndan a\u00e7\u0131klama yapt\u0131. \u00c7ift\u00e7i, \u015funlar\u0131 s\u00f6yledi: &#8220;Ankara\u2019da g\u00fcnlerdir devam eden madenci eyleminin sa\u011fduyu ve nezaket i\u00e7inde sona ermesi, hepimiz ad\u0131na anlaml\u0131 bir tablo ortaya koymu\u015ftur.<\/p>\n\n\n\n<figure class=\"wp-block-image\"><img decoding=\"async\" src=\"https:\/\/foto.haberler.com\/haber\/2026\/04\/28\/gunlerdir-suren-krizin-ardinda-19788697-1217_1_m.jpg\" alt=\"\"\/><\/figure>\n\n\n\n<p>Emek\u00e7ilerimizin eylemi polislere \u00e7i\u00e7ek vererek sonland\u0131rmas\u0131; milletimizin \u00f6z\u00fcnde ta\u015f\u0131d\u0131\u011f\u0131 sayg\u0131, vakar ve birlik ruhunun en g\u00fczel tezah\u00fcrlerinden biri olmu\u015ftur.<\/p>\n\n\n\n<p>&#8216;\u0130\u015f\u00e7inin hakk\u0131n\u0131 al\u0131n teri kurumadan veriniz.&#8217; anlay\u0131\u015f\u0131yla; eme\u011fin hakk\u0131n\u0131 korumak, sosyal adaleti g\u00fc\u00e7lendirmek ve her vatanda\u015f\u0131m\u0131z\u0131n onurlu bir ya\u015fam s\u00fcrmesini teminat alt\u0131na almak, hepimizin ortak sorumlulu\u011fudur.&nbsp;Sa\u011fduyunun h\u00e2kim oldu\u011fu bu s\u00fcrece katk\u0131 sunan t\u00fcm taraflara te\u015fekk\u00fcr ediyorum.&#8221;<\/p>\n","protected":false},"excerpt":{"rendered":"<p>Ankara&#8217;da 9 g\u00fcnd\u00fcr eylemde olan Doruk Madencilik i\u015f\u00e7ileri, \u0130\u00e7i\u015fleri Bakanl\u0131\u011f\u0131&#8217;ndaki toplant\u0131da uzla\u015fma sa\u011flanmas\u0131n\u0131n ard\u0131ndan grevlerini sonland\u0131rd\u0131. Maden i\u015f\u00e7ileri, eylemin son bulmas\u0131yla polislere \u00e7i\u00e7ek vererek jest yapt\u0131. Ankara&#8217;da bir s\u00fcredir eylem yapan maden i\u015f\u00e7ileri, i\u015fveren taraf\u0131 ve baz\u0131 bakan yard\u0131mc\u0131lar\u0131n\u0131n kat\u0131l\u0131m\u0131yla \u0130\u00e7i\u015fleri Bakanl\u0131\u011f\u0131&#8216;nda ger\u00e7ekle\u015ftirilen toplant\u0131 uzla\u015fmayla sona erdi. Maden i\u015f\u00e7ileri i\u015fverenle anla\u015farak eylemi noktalad\u0131klar\u0131n\u0131 a\u00e7\u0131klad\u0131. \u0130\u00c7\u0130\u015eLER\u0130 [&hellip;]<\/p>\n","protected":false},"author":1,"featured_media":11761,"comment_status":"open","ping_status":"open","sticky":false,"template":"","format":"standard","meta":{"footnotes":""},"categories":[1],"tags":[4994,4992,230,4990,4996,4993,4991,4995],"class_list":["post-11760","post","type-post","status-publish","format-standard","has-post-thumbnail","hentry","category-gundem","tag-abdullah-tancan","tag-ali-celik","tag-ankara","tag-doruk-madencilik","tag-engin-dinc","tag-faruk-ozcelik","tag-maden-iscileri","tag-mahmut-demirtas"],"_links":{"self":[{"href":"https:\/\/www.trabzonmanset.com\/index.php\/wp-json\/wp\/v2\/posts\/11760","targetHints":{"allow":["GET"]}}],"collection":[{"href":"https:\/\/www.trabzonmanset.com\/index.php\/wp-json\/wp\/v2\/posts"}],"about":[{"href":"https:\/\/www.trabzonmanset.com\/index.php\/wp-json\/wp\/v2\/types\/post"}],"author":[{"embeddable":true,"href":"https:\/\/www.trabzonmanset.com\/index.php\/wp-json\/wp\/v2\/users\/1"}],"replies":[{"embeddable":true,"href":"https:\/\/www.trabzonmanset.com\/index.php\/wp-json\/wp\/v2\/comments?post=11760"}],"version-history":[{"count":1,"href":"https:\/\/www.trabzonmanset.com\/index.php\/wp-json\/wp\/v2\/posts\/11760\/revisions"}],"predecessor-version":[{"id":11762,"href":"https:\/\/www.trabzonmanset.com\/index.php\/wp-json\/wp\/v2\/posts\/11760\/revisions\/11762"}],"wp:featuredmedia":[{"embeddable":true,"href":"https:\/\/www.trabzonmanset.com\/index.php\/wp-json\/wp\/v2\/media\/11761"}],"wp:attachment":[{"href":"https:\/\/www.trabzonmanset.com\/index.php\/wp-json\/wp\/v2\/media?parent=11760"}],"wp:term":[{"taxonomy":"category","embeddable":true,"href":"https:\/\/www.trabzonmanset.com\/index.php\/wp-json\/wp\/v2\/categories?post=11760"},{"taxonomy":"post_tag","embeddable":true,"href":"https:\/\/www.trabzonmanset.com\/index.php\/wp-json\/wp\/v2\/tags?post=11760"}],"curies":[{"name":"wp","href":"https:\/\/api.w.org\/{rel}","templated":true}]}}