{"id":11753,"date":"2026-04-28T16:05:00","date_gmt":"2026-04-28T13:05:00","guid":{"rendered":"https:\/\/www.trabzonmanset.com\/?p=11753"},"modified":"2026-04-28T21:09:07","modified_gmt":"2026-04-28T18:09:07","slug":"edirne-istanbul-arasi-15-saate-dusuyor-ilk-test-surusu-basarili-gecti","status":"publish","type":"post","link":"https:\/\/www.trabzonmanset.com\/index.php\/2026\/04\/28\/edirne-istanbul-arasi-15-saate-dusuyor-ilk-test-surusu-basarili-gecti\/","title":{"rendered":"Edirne-\u0130stanbul aras\u0131 1,5 saate d\u00fc\u015f\u00fcyor, ilk test s\u00fcr\u00fc\u015f\u00fc ba\u015far\u0131l\u0131 ge\u00e7ti"},"content":{"rendered":"\n<figure class=\"wp-block-video\"><video controls src=\"https:\/\/www.trabzonmanset.com\/wp-content\/uploads\/2026\/04\/edirne.mp4\"><\/video><\/figure>\n\n\n\n<p>T\u00fcrkiye\u2019nin Avrupa ile olan demir yolu ula\u015f\u0131m\u0131n\u0131 modern standartlara ta\u015f\u0131yacak Halkal\u0131-Kap\u0131kule H\u0131zl\u0131 Tren Projesi\u2019nin ilk etab\u0131 \u00e7er\u00e7evesinde yer alan \u00c7erkezk\u00f6y-Kap\u0131kule hatt\u0131nda test s\u00fcr\u00fc\u015flerinin ilki ba\u015far\u0131yla ger\u00e7ekle\u015ftirildi.<\/p>\n\n\n\n<p>Projenin ilk etab\u0131 olan \u00c7erkezk\u00f6y-Kap\u0131kule etab\u0131nda \u00e7al\u0131\u015fmalar tamamlanmak \u00fczereyken, belli b\u00f6l\u00fcmlerde test s\u00fcr\u00fc\u015fleri ger\u00e7ekle\u015ftirilmeye ba\u015fland\u0131. Edirne Merkez Tren Gar\u0131nda ilk deneme seferi ba\u015far\u0131yla ger\u00e7ekle\u015ftirildi. G\u00fczerg\u00e2h \u00fczerinde geli\u015f ve gidi\u015f olmak \u00fczere test s\u00fcr\u00fc\u015fleri ba\u015far\u0131l\u0131 \u015fekilde ger\u00e7ekle\u015ftiriliyor. Projede neredeyse sona gelindi. Projenin ilk etab\u0131 \u00e7er\u00e7evesinde yer alan \u00c7erkezk\u00f6y-Kap\u0131kule hatt\u0131nda test s\u00fcr\u00fc\u015fleri ba\u015flad\u0131.<\/p>\n\n\n\n<figure class=\"wp-block-image\"><img decoding=\"async\" src=\"https:\/\/cdn.iha.com.tr\/Contents\/26-04\/28\/aw693317_01.jpg\" alt=\"Edirne-\u0130stanbul aras\u0131 1,5 saate d\u00fc\u015f\u00fcyor, ilk test s\u00fcr\u00fc\u015f\u00fc ba\u015far\u0131l\u0131 ge\u00e7ti\"\/><\/figure>\n\n\n\n<p>Toplam 153 kilometre uzunlu\u011fundaki bu kesimde altyap\u0131 ve \u00fcstyap\u0131 imalatlar\u0131n\u0131n yan\u0131 s\u0131ra demir yolu bak\u0131m ve kontrol\u00fcn\u00fc sa\u011flayacak teknik sistemlerin kurulumu tamamland\u0131. T\u00fcm bu \u00e7al\u0131\u015fmalar\u0131n bitirilmesinin ard\u0131ndan hatta belirlenen noktalarda deneme seferleri yap\u0131lmaya ba\u015fland\u0131. Y\u00fcksek h\u0131zl\u0131 tren setleriyle ger\u00e7ekle\u015ftirilen testlerde, trenler g\u00fczerg\u00e2h boyunca \u00e7ift y\u00f6nl\u00fc olarak hareket ettirilerek hatt\u0131n performans\u0131 ve g\u00fcvenli\u011fi detayl\u0131 \u015fekilde incelendi. Yap\u0131lan s\u00fcr\u00fc\u015flerde hem teknik donan\u0131m hem de hat dayan\u0131kl\u0131l\u0131\u011f\u0131 kontrol edildi. \u00dc\u00e7 ana b\u00f6l\u00fcmden olu\u015fan Halkal\u0131-Kap\u0131kule Demir Yolu Projesi; Kap\u0131kule-\u00c7erkezk\u00f6y aras\u0131nda 153 kilometre, \u00c7erkezk\u00f6y-Ispartakule aras\u0131nda 67 kilometre ve Ispartakule-Halkal\u0131 aras\u0131nda 8,4 kilometrelik hatlar\u0131 kaps\u0131yor.<\/p>\n\n\n\n<figure class=\"wp-block-image\"><img decoding=\"async\" src=\"https:\/\/cdn.iha.com.tr\/Contents\/26-04\/28\/aw693317_05.jpg\" alt=\"Edirne-\u0130stanbul aras\u0131 1,5 saate d\u00fc\u015f\u00fcyor, ilk test s\u00fcr\u00fc\u015f\u00fc ba\u015far\u0131l\u0131 ge\u00e7ti\"\/><\/figure>\n\n\n\n<p>Projenin tamamlanmas\u0131yla birlikte Edirne\u2019nin h\u0131zl\u0131 tren a\u011f\u0131 \u00fczerinden \u0130stanbul\u2019a do\u011frudan ba\u011flanmas\u0131 hedefleniyor. Bu sayede yolcu ta\u015f\u0131mac\u0131l\u0131\u011f\u0131nda seyahat s\u00fcresinin 4 saatten 1 bu\u00e7uk saate d\u00fc\u015fmesi planlan\u0131rken, y\u00fck ta\u015f\u0131mac\u0131l\u0131\u011f\u0131nda ise s\u00fcrelerin 8 saat 30 dakikadan 3 saat 30 dakikaya kadar gerilemesi \u00f6ng\u00f6r\u00fcl\u00fcyor. Saatte 200 kilometre h\u0131za uygun olarak in\u015fa edilen, \u00e7ift hatl\u0131, elektrikli ve sinyalli yeni demir yolu hatt\u0131 sayesinde hem yolcu hem de y\u00fck trenleri ayn\u0131 g\u00fczerg\u00e2h\u0131 etkin \u015fekilde kullanabilecek. Projenin devreye al\u0131nmas\u0131yla birlikte, tarihi \u0130pek Demir Yolu\u2019nun T\u00fcrkiye \u00fczerinden Avrupa\u2019ya uzanan hatt\u0131nda \u00f6nemli bir ba\u011flant\u0131n\u0131n daha tamamlanmas\u0131 ve b\u00f6lgenin lojistik g\u00fcc\u00fcn\u00fcn art\u0131r\u0131lmas\u0131 ama\u00e7lan\u0131yor.<\/p>\n\n\n\n<figure class=\"wp-block-image\"><img decoding=\"async\" src=\"https:\/\/cdn.iha.com.tr\/Contents\/26-04\/28\/aw693317_04.jpg\" alt=\"Edirne-\u0130stanbul aras\u0131 1,5 saate d\u00fc\u015f\u00fcyor, ilk test s\u00fcr\u00fc\u015f\u00fc ba\u015far\u0131l\u0131 ge\u00e7ti\"\/><\/figure>\n\n\n\n<p><\/p>\n","protected":false},"excerpt":{"rendered":"<p>T\u00fcrkiye\u2019nin Avrupa ile olan demir yolu ula\u015f\u0131m\u0131n\u0131 modern standartlara ta\u015f\u0131yacak Halkal\u0131-Kap\u0131kule H\u0131zl\u0131 Tren Projesi\u2019nin ilk etab\u0131 \u00e7er\u00e7evesinde yer alan \u00c7erkezk\u00f6y-Kap\u0131kule hatt\u0131nda test s\u00fcr\u00fc\u015flerinin ilki ba\u015far\u0131yla ger\u00e7ekle\u015ftirildi. Projenin ilk etab\u0131 olan \u00c7erkezk\u00f6y-Kap\u0131kule etab\u0131nda \u00e7al\u0131\u015fmalar tamamlanmak \u00fczereyken, belli b\u00f6l\u00fcmlerde test s\u00fcr\u00fc\u015fleri ger\u00e7ekle\u015ftirilmeye ba\u015fland\u0131. Edirne Merkez Tren Gar\u0131nda ilk deneme seferi ba\u015far\u0131yla ger\u00e7ekle\u015ftirildi. G\u00fczerg\u00e2h \u00fczerinde geli\u015f ve gidi\u015f [&hellip;]<\/p>\n","protected":false},"author":1,"featured_media":11754,"comment_status":"open","ping_status":"open","sticky":false,"template":"","format":"standard","meta":{"footnotes":""},"categories":[7,9],"tags":[4985,1931,4986,4984,4987],"class_list":["post-11753","post","type-post","status-publish","format-standard","has-post-thumbnail","hentry","category-ekonomi","category-video-galeri","tag-cerkezkoy-kapikule","tag-edirne","tag-halkali-kapikule","tag-hizli-tren","tag-tren-gari"],"_links":{"self":[{"href":"https:\/\/www.trabzonmanset.com\/index.php\/wp-json\/wp\/v2\/posts\/11753","targetHints":{"allow":["GET"]}}],"collection":[{"href":"https:\/\/www.trabzonmanset.com\/index.php\/wp-json\/wp\/v2\/posts"}],"about":[{"href":"https:\/\/www.trabzonmanset.com\/index.php\/wp-json\/wp\/v2\/types\/post"}],"author":[{"embeddable":true,"href":"https:\/\/www.trabzonmanset.com\/index.php\/wp-json\/wp\/v2\/users\/1"}],"replies":[{"embeddable":true,"href":"https:\/\/www.trabzonmanset.com\/index.php\/wp-json\/wp\/v2\/comments?post=11753"}],"version-history":[{"count":1,"href":"https:\/\/www.trabzonmanset.com\/index.php\/wp-json\/wp\/v2\/posts\/11753\/revisions"}],"predecessor-version":[{"id":11756,"href":"https:\/\/www.trabzonmanset.com\/index.php\/wp-json\/wp\/v2\/posts\/11753\/revisions\/11756"}],"wp:featuredmedia":[{"embeddable":true,"href":"https:\/\/www.trabzonmanset.com\/index.php\/wp-json\/wp\/v2\/media\/11754"}],"wp:attachment":[{"href":"https:\/\/www.trabzonmanset.com\/index.php\/wp-json\/wp\/v2\/media?parent=11753"}],"wp:term":[{"taxonomy":"category","embeddable":true,"href":"https:\/\/www.trabzonmanset.com\/index.php\/wp-json\/wp\/v2\/categories?post=11753"},{"taxonomy":"post_tag","embeddable":true,"href":"https:\/\/www.trabzonmanset.com\/index.php\/wp-json\/wp\/v2\/tags?post=11753"}],"curies":[{"name":"wp","href":"https:\/\/api.w.org\/{rel}","templated":true}]}}