{"id":11749,"date":"2026-04-28T17:54:00","date_gmt":"2026-04-28T14:54:00","guid":{"rendered":"https:\/\/www.trabzonmanset.com\/?p=11749"},"modified":"2026-04-28T21:02:38","modified_gmt":"2026-04-28T18:02:38","slug":"sanliurfada-hafif-ticari-arac-otomobille-carpisti-3-olu-5-yarali","status":"publish","type":"post","link":"https:\/\/www.trabzonmanset.com\/index.php\/2026\/04\/28\/sanliurfada-hafif-ticari-arac-otomobille-carpisti-3-olu-5-yarali\/","title":{"rendered":"\u015eanl\u0131urfa\u2019da hafif ticari ara\u00e7 otomobille \u00e7arp\u0131\u015ft\u0131: 3 \u00f6l\u00fc, 5 yaral\u0131"},"content":{"rendered":"\n<figure class=\"wp-block-video\"><video controls src=\"https:\/\/www.trabzonmanset.com\/wp-content\/uploads\/2026\/04\/sanliurfa.mp4\"><\/video><\/figure>\n\n\n\n<p>\u015eanl\u0131urfa\u2019da hafif ticari ara\u00e7 ile otomobilin \u00e7arp\u0131\u015ft\u0131\u011f\u0131 kazada 3 ki\u015fi hayat\u0131n\u0131 kaybederken 5 ki\u015fi ise yaraland\u0131.<\/p>\n\n\n\n<p>Edinilen bilgiye g\u00f6re kaza, \u015eanl\u0131urfa-Gaziantep otoyolunun 105\u2019inci kilometresinde ya\u015fand\u0131. \u015eanl\u0131urfa y\u00f6n\u00fcne seyreden \u0130brahim Halil Y.\u2019nin kulland\u0131\u011f\u0131 06 ECL 239 plakal\u0131 Volkswagen marka otomobil, ayn\u0131 y\u00f6nde ilerleyen M\u00fcsl\u00fcm M.\u2019nin kulland\u0131\u011f\u0131 34 DT 325 plakal\u0131 Fiat marka hafif ticari ara\u00e7la \u00e7arp\u0131\u015ft\u0131. \u0130hbar \u00fczerine b\u00f6lgeye \u00e7ok say\u0131da ambulans ve itfaiye ekibi sevk edildi. Sa\u011fl\u0131k ekiplerince yap\u0131lan kontrolde Ebru Demir (25), Mahmut K\u0131l\u0131\u00e7 (55) ve Naide Mermer\u2019in olay yerinde hayat\u0131n\u0131 kaybetti\u011fini belirledi. Kazada yaralanan Ay\u015feg\u00fcl B. (23), M\u00fcsl\u00fcm M. (54), \u0130dan D. (50), Ebru D. (22) ve \u0130brahim Halil Y. (30) ise ilk m\u00fcdahalelerinin ard\u0131ndan ambulanslarla Birecik ve Suru\u00e7 Devlet Hastanelerine kald\u0131r\u0131ld\u0131. Tedavi alt\u0131na al\u0131nan yaral\u0131lar\u0131n sa\u011fl\u0131k durumlar\u0131n\u0131n iyi oldu\u011fu \u00f6\u011frenildi.<\/p>\n\n\n\n<p>Kazayla ilgili soru\u015fturma devam ediyor.<\/p>\n\n\n\n<p>Kaynak: \u0130HA<\/p>\n\n\n\n<p><\/p>\n","protected":false},"excerpt":{"rendered":"<p>\u015eanl\u0131urfa\u2019da hafif ticari ara\u00e7 ile otomobilin \u00e7arp\u0131\u015ft\u0131\u011f\u0131 kazada 3 ki\u015fi hayat\u0131n\u0131 kaybederken 5 ki\u015fi ise yaraland\u0131. Edinilen bilgiye g\u00f6re kaza, \u015eanl\u0131urfa-Gaziantep otoyolunun 105\u2019inci kilometresinde ya\u015fand\u0131. \u015eanl\u0131urfa y\u00f6n\u00fcne seyreden \u0130brahim Halil Y.\u2019nin kulland\u0131\u011f\u0131 06 ECL 239 plakal\u0131 Volkswagen marka otomobil, ayn\u0131 y\u00f6nde ilerleyen M\u00fcsl\u00fcm M.\u2019nin kulland\u0131\u011f\u0131 34 DT 325 plakal\u0131 Fiat marka hafif ticari ara\u00e7la \u00e7arp\u0131\u015ft\u0131. [&hellip;]<\/p>\n","protected":false},"author":1,"featured_media":11750,"comment_status":"open","ping_status":"open","sticky":false,"template":"","format":"standard","meta":{"footnotes":""},"categories":[1,9],"tags":[495,214],"class_list":["post-11749","post","type-post","status-publish","format-standard","has-post-thumbnail","hentry","category-gundem","category-video-galeri","tag-kaza","tag-sanliurfa"],"_links":{"self":[{"href":"https:\/\/www.trabzonmanset.com\/index.php\/wp-json\/wp\/v2\/posts\/11749","targetHints":{"allow":["GET"]}}],"collection":[{"href":"https:\/\/www.trabzonmanset.com\/index.php\/wp-json\/wp\/v2\/posts"}],"about":[{"href":"https:\/\/www.trabzonmanset.com\/index.php\/wp-json\/wp\/v2\/types\/post"}],"author":[{"embeddable":true,"href":"https:\/\/www.trabzonmanset.com\/index.php\/wp-json\/wp\/v2\/users\/1"}],"replies":[{"embeddable":true,"href":"https:\/\/www.trabzonmanset.com\/index.php\/wp-json\/wp\/v2\/comments?post=11749"}],"version-history":[{"count":1,"href":"https:\/\/www.trabzonmanset.com\/index.php\/wp-json\/wp\/v2\/posts\/11749\/revisions"}],"predecessor-version":[{"id":11752,"href":"https:\/\/www.trabzonmanset.com\/index.php\/wp-json\/wp\/v2\/posts\/11749\/revisions\/11752"}],"wp:featuredmedia":[{"embeddable":true,"href":"https:\/\/www.trabzonmanset.com\/index.php\/wp-json\/wp\/v2\/media\/11750"}],"wp:attachment":[{"href":"https:\/\/www.trabzonmanset.com\/index.php\/wp-json\/wp\/v2\/media?parent=11749"}],"wp:term":[{"taxonomy":"category","embeddable":true,"href":"https:\/\/www.trabzonmanset.com\/index.php\/wp-json\/wp\/v2\/categories?post=11749"},{"taxonomy":"post_tag","embeddable":true,"href":"https:\/\/www.trabzonmanset.com\/index.php\/wp-json\/wp\/v2\/tags?post=11749"}],"curies":[{"name":"wp","href":"https:\/\/api.w.org\/{rel}","templated":true}]}}