{"id":11746,"date":"2026-04-28T18:54:00","date_gmt":"2026-04-28T15:54:00","guid":{"rendered":"https:\/\/www.trabzonmanset.com\/?p=11746"},"modified":"2026-04-28T20:56:32","modified_gmt":"2026-04-28T17:56:32","slug":"ak-parti-sozcusu-celik-ab-kendi-icerisinde-tartisma-yasiyor","status":"publish","type":"post","link":"https:\/\/www.trabzonmanset.com\/index.php\/2026\/04\/28\/ak-parti-sozcusu-celik-ab-kendi-icerisinde-tartisma-yasiyor\/","title":{"rendered":"AK Parti S\u00f6zc\u00fcs\u00fc \u00c7elik: &#8220;AB kendi i\u00e7erisinde tart\u0131\u015fma ya\u015f\u0131yor&#8221;"},"content":{"rendered":"\n<p>AK Parti S\u00f6zc\u00fcs\u00fc \u00d6mer \u00c7elik, &#8220;Avrupa Birli\u011fi (AB) kendi i\u00e7erisinde pek \u00e7ok tart\u0131\u015fma ya\u015f\u0131yor. AB, bir b\u00fct\u00fcn olarak bu krizlerde hareket edemiyor&#8221; dedi.<\/p>\n\n\n\n<p>AK Parti S\u00f6zc\u00fcs\u00fc \u00c7elik, Cumhurba\u015fkan\u0131 ve AK Parti Genel Ba\u015fkan\u0131 Recep Tayyip Erdo\u011fan ba\u015fkanl\u0131\u011f\u0131nda AK Parti Genel Merkezinde ger\u00e7ekle\u015ftirilen MYK toplant\u0131s\u0131 devam etti\u011fi s\u0131rada g\u00fcndeme dair a\u00e7\u0131klamalarda bulundu.<\/p>\n\n\n\n<p>Toplant\u0131da siyasi de\u011ferlendirmelerin yap\u0131ld\u0131\u011f\u0131n\u0131 ve d\u0131\u015f politikadaki geli\u015fmelerin yak\u0131ndan takip edildi\u011fini aktaran \u00c7elik, &#8220;Gerek Rusya-Ukrayna Sava\u015f\u0131, gerek Gazze ve di\u011fer kriz alanlar\u0131 konusunda \u00fclkelerin aras\u0131ndaki ittifaklar \u00e7atlarken NATO ile ilgili tart\u0131\u015fmalar oluyor. Avrupa Birli\u011fi (AB) kendi i\u00e7erisinde pek \u00e7ok tart\u0131\u015fma ya\u015f\u0131yor. AB, bir b\u00fct\u00fcn olarak bu krizlerde hareket edemiyor. AB Komisyon Ba\u015fkan\u0131 Von Der Leyen\u2019in \u00e7ok talihsiz bir a\u00e7\u0131klamas\u0131 oldu. T\u00fcrkiye\u2019nin de i\u00e7inde oldu\u011fu baz\u0131 \u00fclkeleri zikrederek, bunlar\u0131n Avrupa\u2019ya n\u00fcfuz etmesinin engellenmesi gerekti\u011fini ifade etti. Avrupa b\u00fct\u00fcnle\u015fmesinin bu \u015fekilde sa\u011flanmas\u0131 gerekti\u011fini ifade etti. Bu, AB\u2019nin \u015fu anda niye bu halde oldu\u011funu g\u00f6steren temel bir a\u00e7\u0131klama. T\u00fcrkiye gibi AB\u2019ye aday bir \u00fclkeyi kar\u015f\u0131t konumda de\u011ferlendirmek, g\u00f6\u00e7 ve g\u00fcvenlik konusunda kap\u0131m\u0131z\u0131 \u00e7alanlar\u0131n kafas\u0131n\u0131n arkas\u0131ndakini g\u00f6stermesi bak\u0131m\u0131ndan \u00e7ok \u00f6nemli. Bu bir s\u0131r de\u011fildi ama gerek fas\u0131llar\u0131n m\u00fczakere edilmesine d\u00f6n\u00fck fanatik uygulamalar, gerek di\u011fer konulardaki ilerlemelere d\u00f6n\u00fck t\u0131kanmalar asl\u0131nda her zaman bir ayd\u0131nlanma Avrupas\u0131 yakla\u015f\u0131m\u0131n\u0131 de\u011fil, bir Hristiyan kul\u00fcb\u00fc Avrupa\u2019s\u0131n\u0131 g\u00f6steriyordu. Biz de bu konuda uyar\u0131lar\u0131m\u0131z yap\u0131yorduk. Bunun sonu\u00e7lar\u0131yla sadece T\u00fcrkiye-AB ili\u015fkileri kar\u015f\u0131 kar\u015f\u0131ya gelmiyor. AB, kendi \u00e7eli\u015fkilerinin do\u011furdu\u011fu sonu\u00e7lar\u0131 Rusya-Ukrayna Sava\u015f\u0131\u2019nda ya\u015f\u0131yor. Gazze konusundaki savrulmalar\u0131n\u0131 g\u00f6r\u00fcyoruz. \u0130ran sava\u015f\u0131 konusundaki etkisizliklerini g\u00f6r\u00fcyoruz. Burada Von Der Leyen\u2019e sorulmas\u0131 gereken soru \u015fu; bir Avrupa Komisyonu Ba\u015fkan\u0131 olarak bir aday \u00fclkeye d\u00f6n\u00fck bu \u00e7ifte standard\u0131n\u0131z\u0131n ideolojik temelleri nedir? \u0130kinci olarak da her zaman s\u00f6ylenir; AB bir ekonomik g\u00fc\u00e7 oldu ama hi\u00e7bir zaman bir siyasi g\u00fc\u00e7 olamad\u0131. Bug\u00fcn NATO meselesinde de g\u00f6r\u00fcld\u00fc\u011f\u00fc gibi kendi g\u00fcvenli\u011fini bile kendisi sa\u011flayamayan bir birlik durumunda. B\u00fct\u00fcn bunlar tart\u0131\u015f\u0131l\u0131rken Von Der Leyen\u2019in aday \u00fclke olan T\u00fcrkiye\u2019nin etkisini engellemeye d\u00f6n\u00fck bir tutum i\u00e7erisine girmesi AB\u2019nin bug\u00fcn neden bu halde oldu\u011funu iyi g\u00f6steren bir durum&#8221; diye konu\u015ftu.<\/p>\n\n\n\n<p><strong>&#8220;AB, T\u00fcrkiye\u2019yi bu kadar g\u00fc\u00e7l\u00fc g\u00f6r\u00fcyorsa o zaman do\u011frusu bu aday \u00fclke ile i\u015f birli\u011fi yapmakt\u0131r&#8221;<\/strong><\/p>\n\n\n\n<p>&#8220;Madem T\u00fcrkiye, b\u00fct\u00fcn Balkanlar\u0131 ve Avrupa\u2019y\u0131 domine edecek kadar b\u00fcy\u00fck bir g\u00fc\u00e7, normal bir siyasi ak\u0131l T\u00fcrkiye ile i\u015f birli\u011fi yapmay\u0131 gerektirir&#8221; diye konu\u015fan \u00c7elik, s\u00f6zlerine \u015f\u00f6yle devam etti:<\/p>\n\n\n\n<p>&#8220;Von Der Leyen, asl\u0131nda s\u00f6ylediklerinin altyaz\u0131s\u0131nda itiraf ediyor. Bu itiraf\u0131yla da asl\u0131nda bir t\u00fcr b\u00fcy\u00fcyen ve ilkelere dayanan bir Avrupa de\u011fil, k\u00fc\u00e7\u00fclen ve kendi b\u00fcrokrasisine g\u00f6m\u00fclm\u00fc\u015f bir Avrupa\u2019y\u0131 s\u00f6yl\u00fcyor. Ama, zikretti\u011fi di\u011fer \u00fclkelerden farkl\u0131 olarak T\u00fcrkiye, AB\u2019ye bir aday \u00fclke. Onu, bu kadar g\u00fc\u00e7l\u00fc g\u00f6r\u00fcyorsan\u0131z o zaman do\u011frusu bu aday \u00fclke ile i\u015f birli\u011fi yapmakt\u0131r. Bu vizyondan \u00e7ok uzaklar ama bu vizyona ula\u015fmalar\u0131n\u0131 temenni ediyoruz.&#8221;<\/p>\n\n\n\n<p><strong>&#8220;Papa\u2019n\u0131n sava\u015f kar\u015f\u0131t\u0131 ifadelerinin son derece dikkat \u00e7ekici oldu\u011funu belirtmek istiyorum&#8221;<\/strong><\/p>\n\n\n\n<p>\u0130srail Ba\u015fbakan\u0131 Netanyahu ve h\u00fck\u00fcmetinin uygulad\u0131\u011f\u0131 fanatizmin sadece M\u00fcsl\u00fcmanlarla s\u0131n\u0131rl\u0131 olmad\u0131\u011f\u0131n\u0131, insanl\u0131\u011f\u0131n t\u00fcm unsurlar\u0131na kar\u015f\u0131 bunu ger\u00e7ekle\u015ftirdi\u011fini hat\u0131rlatan \u00c7elik, &#8220;L\u00fcbnan\u2019da \u0130srail askerinin bir Hazreti \u0130sa\u2019ya ait bir heykeli par\u00e7alamas\u0131ndaki nefret do\u011fal olarak Hristiyan aleminin tepkisini \u00e7ekti. Burada \u015funu g\u00f6rmek gerekiyor; tamamen ideolojik bir motivasyonla, fanatik bir dini yakla\u015f\u0131mla hareket eden bir yap\u0131 ile kar\u015f\u0131 kar\u015f\u0131yay\u0131z. Bunlar\u0131n, M\u00fcsl\u00fcman ve Hristiyanlar\u0131n de\u011ferlerine hi\u00e7bir sayg\u0131lar\u0131 yok. O y\u00fczden biz insanl\u0131k ittifak\u0131 diyoruz, insanl\u0131k ittifak\u0131n\u0131n topyekun bu fanatizmi durdurmas\u0131 gerekti\u011finden bahsediyor. Bu arada Papa\u2019n\u0131n sava\u015f kar\u015f\u0131t\u0131 ifadelerinin son derece dikkat \u00e7ekici oldu\u011funu belirtmek istiyorum&#8221; de\u011ferlendirmesinde bulundu.<\/p>\n\n\n\n<p><strong>&#8220;(ABD-\u0130srail-\u0130ran) Kesinlikle tekrar sava\u015fa d\u00f6n\u00fclmemelidir&#8221;<\/strong><\/p>\n\n\n\n<p>\u0130ran\u2019a y\u00f6nelik ger\u00e7ekle\u015ftirilen sald\u0131r\u0131lar\u0131n ard\u0131ndan ortaya \u00e7\u0131kan tablonun yak\u0131ndan takip edildi\u011fini dile getiren \u00c7elik, &#8220;Ate\u015fkes sa\u011fland\u0131 ama \u0130slamabad\u2019daki m\u00fczakereler istenilen \u015fekilde hen\u00fcz ilerlemiyor. Biz \u0130slamabad\u2019daki m\u00fczakerelerin sa\u011fl\u0131kl\u0131 bir \u015fekilde ilerlemesi ve ate\u015fkesin kal\u0131c\u0131 bar\u0131\u015fa d\u00f6n\u00fc\u015fmesi gerekti\u011fini ifade ediyoruz. Kesinlikle tekrar sava\u015fa d\u00f6n\u00fclmemelidir, bu sava\u015f haks\u0131z ve hukuksuzdur. Hi\u00e7bir \u015fekilde daha b\u00fcy\u00fck insani trajedilere yol a\u00e7\u0131lmamal\u0131d\u0131r. Uluslararas\u0131 toplum da ate\u015fkesin tamamen bar\u0131\u015fa d\u00f6n\u00fc\u015fmesine g\u00fc\u00e7l\u00fc bir destek vermelidir. Burada zenginle\u015ftirilmi\u015f uranyum meselesi, H\u00fcrm\u00fcz Bo\u011faz\u0131, \u0130ran\u2019\u0131n talep etti\u011fi tazminatlar, g\u00fcvenlik garantileri olmak \u00fczere pek \u00e7ok konu var. T\u00fcm bunlar masada \u00e7\u00f6z\u00fclebilir konulard\u0131r. \u0130slamabad\u2019daki m\u00fczakerelerin devam etmesi, tekrar sava\u015fa d\u00f6n\u00fc\u015fmemesi, ate\u015fkesin kal\u0131c\u0131 bar\u0131\u015fa d\u00f6n\u00fc\u015fmesi i\u00e7in uluslararas\u0131 toplumun tam bir destek vermesi gerekmektedir&#8221; ifadelerini kulland\u0131.<\/p>\n\n\n\n<p>\u0130srail\u2019in L\u00fcbnan\u2019a sald\u0131rarak ve ba\u015fka b\u00f6lgelerde kriz \u00e7\u0131kartarak Gazze\u2019yi unutturmaya \u00e7al\u0131\u015ft\u0131\u011f\u0131na de\u011finen \u00c7elik, &#8220;Gazze\u2019de ikinci a\u015famaya ge\u00e7ilmesi gerekirdi ama \u0130srail, ilk a\u015famadaki y\u00fck\u00fcml\u00fcl\u00fcklerin hi\u00e7birini yerine getirmiyor. \u0130lk a\u015famay\u0131 da tahrip etmek i\u00e7in elinden geleni yap\u0131yor. Bu \u00e7er\u00e7evede tek tarafl\u0131 birtak\u0131m dayatmalarda ve \u015fartlarda bulunuyor. \u0130srail\u2019in Gazze\u2019de suikastlara ve kad\u0131n, \u00e7ocuk dahil olmak \u00fczere insan \u00f6ld\u00fcrmeye bir son vermesi laz\u0131m. Bu ilk a\u015faman\u0131n en az\u0131ndan var olmas\u0131 i\u00e7in gereken en temel insani zemin. Yine ilk a\u015fama i\u00e7in mutab\u0131k kal\u0131nm\u0131\u015f olan yard\u0131mlar\u0131n Gazze\u2019ye tam olarak ula\u015fmas\u0131 gibi ilkelerin yerine gelmesi laz\u0131m ama \u0130srail bunlardan da uzak duruyor. O y\u00fczden ikinci a\u015famaya ge\u00e7ilmesini engelleyen g\u00fc\u00e7 \u0130srail\u2019dir. Yine Bat\u0131 \u015eeria\u2019ya sald\u0131rmaya devam ediyor ve oray\u0131 Gazzele\u015ftirmek i\u00e7in yo\u011fun bir \u00e7aba sarf ediyor. Bunun da muhakkak surette \u00f6nlenmesi gerekiyor&#8221; dedi.<\/p>\n\n\n\n<p>Ayr\u0131ca \u00c7elik, d\u0131\u015f politika g\u00fcndeminde Cumhurba\u015fkan\u0131 Recep Tayyip Erdo\u011fan\u2019\u0131n mesaisinin en yo\u011fun bir \u015fekilde bar\u0131\u015f\u0131n sa\u011flanmas\u0131 ve diplomasi masalar\u0131n\u0131n g\u00fc\u00e7lendirilmesi ekseninde devam etti\u011fini de s\u00f6zlerine ekledi. \u00c7elik, a\u00e7\u0131klamalar\u0131n\u0131n ard\u0131ndan bas\u0131n mensuplar\u0131n\u0131n sorular\u0131n\u0131 cevaplad\u0131.<\/p>\n\n\n\n<p><strong>&#8220;Fransa ile NATO i\u00e7erisinde m\u00fcttefiklik ili\u015fkimiz varken T\u00fcrkiye\u2019yi kar\u015f\u0131s\u0131na alan s\u00f6ylemler \u00fcretilmesi son derece yanl\u0131\u015ft\u0131r&#8221;<\/strong><\/p>\n\n\n\n<p>Bir gazeteci taraf\u0131ndan Fransa Cumhurba\u015fkan\u0131 Emmanuel Macron\u2019un T\u00fcrkiye kar\u015f\u0131t\u0131 a\u00e7\u0131klamalar\u0131 sorulmas\u0131 \u00fczerine \u00c7elik, &#8220;Fransa\u2019n\u0131n a\u00e7\u0131klamalar\u0131n\u0131n yak\u0131ndan takip ediyoruz, do\u011frusu rasyonel bir zemine oturmuyor. Fransa ile NATO i\u00e7erisinde m\u00fcttefiklik ili\u015fkimiz varken ima yollu olsa bile ba\u015fka NATO m\u00fcttefikleri ile ittifak kurdu\u011funu ifade ederken T\u00fcrkiye\u2019yi kar\u015f\u0131s\u0131na alan s\u00f6ylemler \u00fcretmesi son derece yanl\u0131\u015ft\u0131r. \u00c7ok yak\u0131n zamanda Say\u0131n Macron, \u2018NATO\u2019nun beyin \u00f6l\u00fcm\u00fc ger\u00e7ekle\u015fti\u2019 demi\u015fti. Daha sonra bu g\u00f6r\u00fc\u015f\u00fcnden geri ad\u0131m att\u0131. Bug\u00fcn asl\u0131nda Fransa\u2019n\u0131n, T\u00fcrkiye\u2019ye kar\u015f\u0131 birtak\u0131m a\u015f\u0131r\u0131 s\u00f6ylemler kullanmada gereksiz bir c\u00f6mertlik ve c\u00fcretk\u00e2rl\u0131k i\u00e7erisinde oldu\u011funu g\u00f6r\u00fcyoruz. Fransa\u2019n\u0131n Akdeniz\u2019deki istikrars\u0131zl\u0131kla, Rusya-Ukrayna aras\u0131ndaki sava\u015f\u0131n bir an evvel sona erdirilmesi ile ilgilenmesi gerekir. Suriye\u2019de birtak\u0131m farkl\u0131 gruplar\u0131 desteklemek yerine Suriye\u2019nin istikrar\u0131na katk\u0131 sa\u011flayacak bir siyasi te\u015fvik i\u00e7erisinde olmas\u0131 gerekir. Yine Fransa\u2019n\u0131n, ABD ve \u0130srail\u2019in \u0130ran\u2019a sald\u0131r\u0131s\u0131 kar\u015f\u0131s\u0131nda daha net konu\u015fmas\u0131 gerekir ama bunun yerine ne zaman bir tart\u0131\u015fma \u00e7\u0131ksa Rum Kesimi\u2019nin etraf\u0131nda bir bayrak g\u00f6stermekten ve gemi g\u00f6ndermekten bahsediyor. Ayr\u0131ca Yunanistan\u2019la ittifak kurmaktan bahsediyor. Burada \u015funu sormak gerekir; bu tip tav\u0131rlar\u0131n Fransa\u2019ya, Yunanistan\u2019a, Akdeniz\u2019in g\u00fcvenli\u011fine, NATO m\u00fcttefikli\u011fine ne katk\u0131s\u0131 var? B\u00fct\u00fcn bu sorular\u0131n cevab\u0131 olumsuzdur. Yunanistan a\u00e7\u0131s\u0131ndan ise g\u00fcn\u00fcn sonunda herkes gidiyor biz ba\u015f ba\u015fa kal\u0131yoruz. Dolay\u0131s\u0131yla Yunanistan\u2019\u0131n T\u00fcrkiye ile sorunlar\u0131n\u0131 masada \u00e7\u00f6zme imkan\u0131 varken, s\u00fcrekli olarak ba\u015fta \u0130srail olmak \u00fczere birtak\u0131m ittifaklar pe\u015finde ko\u015fup T\u00fcrkiye kar\u015f\u0131tl\u0131\u011f\u0131 s\u00f6ylemini y\u00fckseltip bundan elde edece\u011fi nedir? Biz, \u2018Yunanistan\u2019a \u00fc\u00e7\u00fcnc\u00fc \u00fclkeler araya girmesin, T\u00fcrkiye ve Yunanistan berrak, net bir \u015fekilde m\u00fczakereler yoluyla kendi sorunlar\u0131n\u0131 \u00e7\u00f6zebilecek kapasiteyi \u00fcretsin\u2019 diyoruz. Ama, onun yerine s\u00fcrekli olarak bu tip yan yollara ba\u015fvuruyorlar. Otobandan ayr\u0131lmamak laz\u0131m, otobandan ayr\u0131l\u0131nca \u00e7o\u011fu kez \u015farampole d\u00fc\u015f\u00fcld\u00fc\u011f\u00fc g\u00f6r\u00fclm\u00fc\u015ft\u00fcr. Tekrar ayn\u0131 hatay\u0131 yapmaya gerek yok. Rum Kesimi\u2019nin \u0130srail ile kurdu\u011fu ittifak utan\u00e7 verici bir ittifakt\u0131r. Bu kadar katliam ger\u00e7ekle\u015ftirmi\u015f bir Siyonist \u015febeke ile yan yana durmak onlar\u0131n bilece\u011fi bir i\u015ftir. Bug\u00fcn T\u00fcrkiye ile ili\u015fkilerde yanl\u0131\u015f yerde durduklar\u0131 gibi uluslararas\u0131 sorunlarda da tarihin do\u011fru taraf\u0131nda durmuyorlar. Fransa\u2019dan Akdeniz\u2019e kadar olan t\u00fcm bu b\u00f6lgede de\u011ferlendirmelerin ve att\u0131\u011f\u0131 ad\u0131mlar\u0131n ne kadar yanl\u0131\u015f oldu\u011fu son birka\u00e7 y\u0131ld\u0131r \u00fcst \u00fcste g\u00f6r\u00fcl\u00fcyor. Fransa\u2019n\u0131n bunlardan vazge\u00e7mesinde, T\u00fcrkiye ile olan m\u00fcttefiklik ili\u015fkisini ger\u00e7ek\u00e7i bir zeminde ve do\u011fru bir yakla\u015f\u0131mla ele almas\u0131 herkesin faydas\u0131nad\u0131r&#8221; cevab\u0131n\u0131 verdi.<\/p>\n\n\n\n<p><strong>&#8220;Alevi canlar\u0131m\u0131z\u0131 inciten ifadeden biz de inciniriz&#8221;<\/strong><\/p>\n\n\n\n<p>Eski CHP Genel Ba\u015fkan\u0131 Kemal K\u0131l\u0131\u00e7daro\u011flu\u2019na y\u00f6nelik kullan\u0131lan ifadelerle ilgili soru \u00fczerine Parti S\u00f6zc\u00fcs\u00fc \u00c7elik, &#8220;Biz, CHP ya da ba\u015fka partiler ile k\u00f6\u015fe yazarlar\u0131 hakk\u0131ndaki bu tart\u0131\u015fmalar bizi ilgilendiren tart\u0131\u015fmalar de\u011fil. Ama, kullan\u0131lan o ifade b\u00fct\u00fcn Alevi canlar\u0131m\u0131z\u0131 inciten bir ifadedir. Alevi canlar\u0131m\u0131z\u0131 inciten ifadeden biz de inciniriz. Bunu kendimize yap\u0131lm\u0131\u015f sayar\u0131z. O ifade; bir nefret s\u00f6ylemidir. O ifade; do\u011frudan bir nefret s\u00f6ylemi olarak kodlanmal\u0131d\u0131r ve t\u00fcm\u00fcyle reddedilmelidir. Alevi canlar\u0131m\u0131za d\u00f6n\u00fck bu \u015fekilde \u00e7irkin ifadeler kullan\u0131lmas\u0131n\u0131 en g\u00fc\u00e7l\u00fc \u015fekilde lanetliyoruz ve reddediyoruz&#8221; a\u00e7\u0131klamas\u0131nda bulundu.<\/p>\n\n\n\n<p>Kaynak: \u0130HA<\/p>\n","protected":false},"excerpt":{"rendered":"<p>AK Parti S\u00f6zc\u00fcs\u00fc \u00d6mer \u00c7elik, &#8220;Avrupa Birli\u011fi (AB) kendi i\u00e7erisinde pek \u00e7ok tart\u0131\u015fma ya\u015f\u0131yor. AB, bir b\u00fct\u00fcn olarak bu krizlerde hareket edemiyor&#8221; dedi. AK Parti S\u00f6zc\u00fcs\u00fc \u00c7elik, Cumhurba\u015fkan\u0131 ve AK Parti Genel Ba\u015fkan\u0131 Recep Tayyip Erdo\u011fan ba\u015fkanl\u0131\u011f\u0131nda AK Parti Genel Merkezinde ger\u00e7ekle\u015ftirilen MYK toplant\u0131s\u0131 devam etti\u011fi s\u0131rada g\u00fcndeme dair a\u00e7\u0131klamalarda bulundu. Toplant\u0131da siyasi de\u011ferlendirmelerin yap\u0131ld\u0131\u011f\u0131n\u0131 [&hellip;]<\/p>\n","protected":false},"author":1,"featured_media":11747,"comment_status":"open","ping_status":"open","sticky":false,"template":"","format":"standard","meta":{"footnotes":""},"categories":[11],"tags":[562,2300,1483,620,4983],"class_list":["post-11746","post","type-post","status-publish","format-standard","has-post-thumbnail","hentry","category-manset","tag-ak-parti","tag-avrupa-birligi","tag-omer-celik","tag-recep-tayyip-erdogan","tag-rusya-ukrayna-savasi"],"_links":{"self":[{"href":"https:\/\/www.trabzonmanset.com\/index.php\/wp-json\/wp\/v2\/posts\/11746","targetHints":{"allow":["GET"]}}],"collection":[{"href":"https:\/\/www.trabzonmanset.com\/index.php\/wp-json\/wp\/v2\/posts"}],"about":[{"href":"https:\/\/www.trabzonmanset.com\/index.php\/wp-json\/wp\/v2\/types\/post"}],"author":[{"embeddable":true,"href":"https:\/\/www.trabzonmanset.com\/index.php\/wp-json\/wp\/v2\/users\/1"}],"replies":[{"embeddable":true,"href":"https:\/\/www.trabzonmanset.com\/index.php\/wp-json\/wp\/v2\/comments?post=11746"}],"version-history":[{"count":1,"href":"https:\/\/www.trabzonmanset.com\/index.php\/wp-json\/wp\/v2\/posts\/11746\/revisions"}],"predecessor-version":[{"id":11748,"href":"https:\/\/www.trabzonmanset.com\/index.php\/wp-json\/wp\/v2\/posts\/11746\/revisions\/11748"}],"wp:featuredmedia":[{"embeddable":true,"href":"https:\/\/www.trabzonmanset.com\/index.php\/wp-json\/wp\/v2\/media\/11747"}],"wp:attachment":[{"href":"https:\/\/www.trabzonmanset.com\/index.php\/wp-json\/wp\/v2\/media?parent=11746"}],"wp:term":[{"taxonomy":"category","embeddable":true,"href":"https:\/\/www.trabzonmanset.com\/index.php\/wp-json\/wp\/v2\/categories?post=11746"},{"taxonomy":"post_tag","embeddable":true,"href":"https:\/\/www.trabzonmanset.com\/index.php\/wp-json\/wp\/v2\/tags?post=11746"}],"curies":[{"name":"wp","href":"https:\/\/api.w.org\/{rel}","templated":true}]}}