{"id":11740,"date":"2026-04-28T14:50:00","date_gmt":"2026-04-28T11:50:00","guid":{"rendered":"https:\/\/www.trabzonmanset.com\/?p=11740"},"modified":"2026-04-28T20:49:22","modified_gmt":"2026-04-28T17:49:22","slug":"fenerbahceden-kovulan-tedescodan-ilk-sozler","status":"publish","type":"post","link":"https:\/\/www.trabzonmanset.com\/index.php\/2026\/04\/28\/fenerbahceden-kovulan-tedescodan-ilk-sozler\/","title":{"rendered":"Fenerbah\u00e7e&#8217;den kovulan Tedesco&#8217;dan ilk s\u00f6zler"},"content":{"rendered":"\n<p>Fenerbah\u00e7e\u2019den ayr\u0131lan Tedesco, \u201cDaha yeni s\u00f6zle\u015fme konu\u015fuyorduk, bu noktaya gelmesi \u00e7ok \u00fcz\u00fcc\u00fc\u201d diyerek ayr\u0131l\u0131\u011f\u0131n kendisi i\u00e7in beklenmedik oldu\u011funu ifade etti.<\/p>\n\n\n\n<p>Fenerbah\u00e7e\u2019de g\u00f6revine son verilen Domenico Tedesco, ayr\u0131l\u0131k sonras\u0131 ilk kez konu\u015ftu. Alman <strong>haber<\/strong> ajans\u0131 DPA\u2019ya a\u00e7\u0131klamalarda bulunan \u0130talyan teknik adam, ya\u015fanan s\u00fcreci de\u011ferlendirdi.<\/p>\n\n\n\n<h3 class=\"wp-block-heading\">\u201cDAHA YEN\u0130 S\u00d6ZLE\u015eME KONU\u015eUYORDUK\u201d<\/h3>\n\n\n\n<p>Tedesco, ayr\u0131l\u0131\u011f\u0131n beklenmedik oldu\u011funu vurgulayarak, \u201cDaha yeni s\u00f6zle\u015fme uzatma konusunda g\u00f6r\u00fc\u015f\u00fcyorduk. \u015eimdi ise ligde ald\u0131\u011f\u0131m\u0131z ikinci yenilginin ard\u0131ndan yollar\u0131m\u0131z\u0131 ay\u0131rd\u0131k\u201d ifadelerini kulland\u0131.<\/p>\n\n\n\n<h3 class=\"wp-block-heading\">\u201cFUTBOL \u00c7OK HIZLI DE\u011e\u0130\u015e\u0130YOR\u201d<\/h3>\n\n\n\n<p>Deneyimli teknik adam, futbol d\u00fcnyas\u0131ndaki h\u0131zl\u0131 de\u011fi\u015fime dikkat \u00e7ekerek, \u201cBu, futbolun ne kadar h\u0131zl\u0131 de\u011fi\u015fen bir <strong>spor<\/strong> haline geldi\u011fini bir kez daha g\u00f6steriyor\u201d dedi.<\/p>\n\n\n\n<h3 class=\"wp-block-heading\">\u201cS\u00dcRD\u00dcR\u00dcLEB\u0130L\u0130R YAPI HEDEFLED\u0130K\u201d<\/h3>\n\n\n\n<p>G\u00f6reve ba\u015flad\u0131\u011f\u0131nda uzun vadeli bir plan kurduklar\u0131n\u0131 belirten Tedesco, \u201cBen ba\u015flad\u0131\u011f\u0131mda hedefimiz birlikte s\u00fcrd\u00fcr\u00fclebilir bir yap\u0131 olu\u015fturmakt\u0131. \u0130\u015fleri ge\u00e7mi\u015fte al\u0131\u015f\u0131lageldi\u011finden biraz farkl\u0131 bir \u015fekilde ele almak istedik\u201d \u015feklinde konu\u015ftu.<\/p>\n\n\n\n<h3 class=\"wp-block-heading\">\u201cBU NOKTAYA GELMES\u0130 \u00dcZ\u00dcC\u00dc\u201d<\/h3>\n\n\n\n<p>Ayr\u0131l\u0131k s\u00fcrecine dair duygular\u0131n\u0131 da payla\u015fan Tedesco, \u201c\u0130\u015flerin bu noktaya gelmesini \u00e7ok \u00fcz\u00fcc\u00fc buluyorum\u201d s\u00f6zleriyle ya\u015fad\u0131\u011f\u0131 hayal k\u0131r\u0131kl\u0131\u011f\u0131n\u0131 dile getirdi.<\/p>\n\n\n\n<p><\/p>\n","protected":false},"excerpt":{"rendered":"<p>Fenerbah\u00e7e\u2019den ayr\u0131lan Tedesco, \u201cDaha yeni s\u00f6zle\u015fme konu\u015fuyorduk, bu noktaya gelmesi \u00e7ok \u00fcz\u00fcc\u00fc\u201d diyerek ayr\u0131l\u0131\u011f\u0131n kendisi i\u00e7in beklenmedik oldu\u011funu ifade etti. Fenerbah\u00e7e\u2019de g\u00f6revine son verilen Domenico Tedesco, ayr\u0131l\u0131k sonras\u0131 ilk kez konu\u015ftu. Alman haber ajans\u0131 DPA\u2019ya a\u00e7\u0131klamalarda bulunan \u0130talyan teknik adam, ya\u015fanan s\u00fcreci de\u011ferlendirdi. \u201cDAHA YEN\u0130 S\u00d6ZLE\u015eME KONU\u015eUYORDUK\u201d Tedesco, ayr\u0131l\u0131\u011f\u0131n beklenmedik oldu\u011funu vurgulayarak, \u201cDaha yeni s\u00f6zle\u015fme [&hellip;]<\/p>\n","protected":false},"author":1,"featured_media":11741,"comment_status":"open","ping_status":"open","sticky":false,"template":"","format":"standard","meta":{"footnotes":""},"categories":[14],"tags":[4981,2955,533,1714],"class_list":["post-11740","post","type-post","status-publish","format-standard","has-post-thumbnail","hentry","category-spor","tag-domenico-tedesco","tag-dpa","tag-fenerbahce","tag-tedesco"],"_links":{"self":[{"href":"https:\/\/www.trabzonmanset.com\/index.php\/wp-json\/wp\/v2\/posts\/11740","targetHints":{"allow":["GET"]}}],"collection":[{"href":"https:\/\/www.trabzonmanset.com\/index.php\/wp-json\/wp\/v2\/posts"}],"about":[{"href":"https:\/\/www.trabzonmanset.com\/index.php\/wp-json\/wp\/v2\/types\/post"}],"author":[{"embeddable":true,"href":"https:\/\/www.trabzonmanset.com\/index.php\/wp-json\/wp\/v2\/users\/1"}],"replies":[{"embeddable":true,"href":"https:\/\/www.trabzonmanset.com\/index.php\/wp-json\/wp\/v2\/comments?post=11740"}],"version-history":[{"count":1,"href":"https:\/\/www.trabzonmanset.com\/index.php\/wp-json\/wp\/v2\/posts\/11740\/revisions"}],"predecessor-version":[{"id":11742,"href":"https:\/\/www.trabzonmanset.com\/index.php\/wp-json\/wp\/v2\/posts\/11740\/revisions\/11742"}],"wp:featuredmedia":[{"embeddable":true,"href":"https:\/\/www.trabzonmanset.com\/index.php\/wp-json\/wp\/v2\/media\/11741"}],"wp:attachment":[{"href":"https:\/\/www.trabzonmanset.com\/index.php\/wp-json\/wp\/v2\/media?parent=11740"}],"wp:term":[{"taxonomy":"category","embeddable":true,"href":"https:\/\/www.trabzonmanset.com\/index.php\/wp-json\/wp\/v2\/categories?post=11740"},{"taxonomy":"post_tag","embeddable":true,"href":"https:\/\/www.trabzonmanset.com\/index.php\/wp-json\/wp\/v2\/tags?post=11740"}],"curies":[{"name":"wp","href":"https:\/\/api.w.org\/{rel}","templated":true}]}}