{"id":11737,"date":"2026-04-28T19:22:00","date_gmt":"2026-04-28T16:22:00","guid":{"rendered":"https:\/\/www.trabzonmanset.com\/?p=11737"},"modified":"2026-04-28T20:43:23","modified_gmt":"2026-04-28T17:43:23","slug":"adem-soytekinden-mahkemeye-damga-vuran-itiraf-rusvet-baskanim-rusvet","status":"publish","type":"post","link":"https:\/\/www.trabzonmanset.com\/index.php\/2026\/04\/28\/adem-soytekinden-mahkemeye-damga-vuran-itiraf-rusvet-baskanim-rusvet\/","title":{"rendered":"Adem Soytekin&#8217;den mahkemeye damga vuran itiraf: R\u00fc\u015fvet ba\u015fkan\u0131m r\u00fc\u015fvet"},"content":{"rendered":"\n<p>&#8220;Ekrem \u0130mamo\u011flu \u00c7\u0131kar Ama\u00e7l\u0131 Su\u00e7 \u00d6rg\u00fct\u00fc&#8221; davas\u0131n\u0131n ilk duru\u015fmas\u0131na, etkin pi\u015fmanl\u0131k kapsam\u0131nda ifade veren Adem Soytekin&#8217;in itiraf\u0131 damga vurdu. Mahkeme ba\u015fkan\u0131n\u0131n &#8220;Ali Kurt&#8217;a 1 bu\u00e7uk milyon dolar g\u00f6nderildi demi\u015fsin ayr\u0131nt\u0131s\u0131 nedir?&#8221; sorusuna Soytekin, &#8220;R\u00fc\u015fvet ba\u015fkan\u0131m r\u00fc\u015fvet. Ali Kurt \u015fahs\u0131na \u00e7al\u0131\u015f\u0131r&#8221; yan\u0131t\u0131n\u0131 verdi.<\/p>\n\n\n\n<ul class=\"wp-block-list\">\n<li>Adem Soytekin, mahkemede m\u00fcteahhitlerden al\u0131nan paralar\u0131n r\u00fc\u015fvet oldu\u011funu itiraf etti.<\/li>\n\n\n\n<li>Soytekin, Ali Kurt&#8217;a 1,5 milyon dolar g\u00f6nderildi\u011fini ve bunun r\u00fc\u015fvet oldu\u011funu s\u00f6yledi.<\/li>\n\n\n\n<li>Soytekin, Ekrem \u0130mamo\u011flu&#8217;nun operasyon \u00f6ncesi kendisini uyard\u0131\u011f\u0131n\u0131 ancak dinlemedi\u011fini belirtti.<\/li>\n<\/ul>\n\n\n\n<p>\u2018Ekrem \u0130mamo\u011flu \u00c7\u0131kar Ama\u00e7l\u0131 Su\u00e7 \u00d6rg\u00fct\u00fc&#8217; davas\u0131n\u0131n ilk duru\u015fmas\u0131n\u0131n 28. oturumu, \u0130stanbul 40. A\u011f\u0131r Ceza Mahkemesi&#8217;nce Marmara Ceza \u0130nfaz Kurumlar\u0131 Yerle\u015fkesi&#8217;nde bulunan duru\u015fma salonunda g\u00f6r\u00fclmeye devam edildi. Duru\u015fmada, soru\u015fturma a\u015famas\u0131nda etkin pi\u015fmanl\u0131k kapsam\u0131nda ifade veren Adem Soytekin&#8217;in \u00e7apraz sorgusu yap\u0131ld\u0131.<\/p>\n\n\n\n<h3 class=\"wp-block-heading\">&#8220;BUNLARIN HEPS\u0130 R\u00dc\u015eVETM\u0130\u015e&#8221;<\/h3>\n\n\n\n<p>Mahkeme ba\u015fkan\u0131n\u0131n &#8220;\u0130fadenizde sizin yapt\u0131\u011f\u0131n\u0131z 2 okul, 4 tane mahalle muhtarl\u0131k binas\u0131, \u00e7evre d\u00fczenlemesi, Beylikd\u00fcz\u00fc pazar yeri, Beylikd\u00fcz\u00fc taksi dura\u011f\u0131, kapal\u0131 otopark\u0131, bir\u00e7ok ortak proje saym\u0131\u015fs\u0131n\u0131z. En son Hatay deprem b\u00f6lgesi ge\u00e7ici ya\u015fam alan\u0131 i\u00e7in 310 ba\u011f\u0131ms\u0131z b\u00f6l\u00fcm demi\u015fsiniz. Ondan sonra ifadeniz \u015f\u00f6yle devam ediyor \u2018Bahsetmi\u015f oldu\u011fum i\u015flerin tamam\u0131n\u0131n \u00fccreti, m\u00fcteahhitlerden al\u0131nan r\u00fc\u015fvetler ile taraf\u0131ma \u00f6denmi\u015ftir&#8217; \u015feklinde beyan\u0131n\u0131z var. Bu beyan do\u011fru mu?&#8221; sorusuna san\u0131k Soytekin, &#8220;Bu r\u00fc\u015fvet midir irtikap m\u0131d\u0131r ya da ba\u015fka bir \u015fey midir, tan\u0131m\u0131n\u0131 tam olarak bilemedi\u011fim i\u00e7in evet. Yani m\u00fcteahhitlerin de s\u00f6ylediklerine bakarsan\u0131z bu r\u00fc\u015fvet. \u00c7\u00fcnk\u00fc zaten bu m\u00fcteahhitlerin konu\u015fmalar\u0131yla ve bas\u0131na yans\u0131yan bilgilerle \u00e7\u0131k\u0131yor. Ben ilk etapta, ifade \u00f6ncesinde b\u00f6yle bilmiyordum fakat bunlar\u0131n hepsi r\u00fc\u015fvetmi\u015f. \u0130ddialar\u0131n kendi sahipleri b\u00f6yle s\u00f6yl\u00fcyor&#8221; yan\u0131t\u0131n\u0131 verdi.<\/p>\n\n\n\n<p>Ba\u015fkan\u0131n &#8220;Kele\u015fler ile arandaki husumetin kayna\u011f\u0131 nedir?&#8221; sorusuna san\u0131k Soytekin, &#8220;2017 y\u0131l\u0131nda bunlar\u0131n bir \u00fcyesi ile silahl\u0131 boyuta varan bir olay ya\u015fand\u0131 benim aramda. Husumet olu\u015ftu. Bana kar\u015f\u0131 onlardan biri silah \u00e7ekti ate\u015f etti falan&#8221; yan\u0131t\u0131n\u0131 verdi.<\/p>\n\n\n\n<h3 class=\"wp-block-heading\">&#8220;R\u00dc\u015eVET BA\u015eKANIM R\u00dc\u015eVET&#8221;<\/h3>\n\n\n\n<p>Mahkeme ba\u015fkan\u0131n\u0131n &#8220;Ali Kurt&#8217;a 1 bu\u00e7uk milyon dolar g\u00f6nderildi demi\u015fsin ayr\u0131nt\u0131s\u0131 nedir?&#8221; sorusuna san\u0131k Soytekin&#8217;in cevap vermekte zorluk ya\u015famas\u0131 \u00fczerine mahkeme ba\u015fkan\u0131, &#8220;Diyalogda sorun ya\u015f\u0131yoruz seninle&#8221; dedi. San\u0131k yan\u0131t olarak, &#8220;R\u00fc\u015fvet ba\u015fkan\u0131m r\u00fc\u015fvet. Ali Kurt \u015fahs\u0131na \u00e7al\u0131\u015f\u0131r&#8221; yan\u0131t\u0131n\u0131 verdi.<\/p>\n\n\n\n<h3 class=\"wp-block-heading\">&#8220;KE\u015eKE \u0130MAMO\u011eLU&#8217;NU D\u0130NLESEYD\u0130M&#8221;<\/h3>\n\n\n\n<p>Cumhuriyet savc\u0131s\u0131n\u0131n &#8220;Bu operasyon s\u00fcrecine ili\u015fkin gizli toplant\u0131 iddias\u0131 var. Siz \u2018Mehmet Pehlivan taraf\u0131ndan sistemdeki t\u00fcm akt\u00f6rler uyar\u0131ld\u0131\u011f\u0131 i\u00e7in para bulunamam\u0131\u015ft\u0131r. Operasyon \u00f6ncesi Ekrem \u0130mamo\u011flu bana tedbirini ald\u0131n m\u0131? Operasyon yap\u0131lacak sen de listedesin dedi&#8217; \u015feklinde beyan\u0131n\u0131z var do\u011fru mu ?&#8221; \u015feklinde soru sordu. San\u0131k Soytekin, &#8220;Do\u011fru. Ekrem Bey \u2018haz\u0131rl\u0131kl\u0131 ol&#8217; dedi. Ke\u015fke dinleseydim \u015firketlerime el konuldu. Mehmet Pehlivan da oradayd\u0131. Bunlar\u0131n hepsi konu\u015fulan \u015feyler&#8221; yan\u0131t\u0131n\u0131 verdi.<\/p>\n\n\n\n<p>Operasyon \u00f6ncesi bir k\u0131s\u0131m san\u0131klar\u0131n yurt d\u0131\u015f\u0131na \u00e7\u0131kar\u0131lmak istendi\u011fi iddias\u0131 sorulan san\u0131k Soytekin &#8220;Toplant\u0131da \u2018gitmek istersen seni de g\u00f6nderebiliriz&#8217; gibi konu\u015fuldu. Ben direkt \u2018benim her \u015feyim burada \u00e7\u0131kmam&#8217; dedim&#8221; yan\u0131t\u0131n\u0131 verdi. Savc\u0131n\u0131n &#8220;\u0130l binas\u0131 sat\u0131n al\u0131m meselesi var. Para kuleleri olay\u0131. Bu paralar\u0131n CHP&#8217;li belediyelerden bir \u015fekilde topland\u0131\u011f\u0131 ve ba\u011f\u0131\u015f olmad\u0131\u011f\u0131, Turan Ta\u015fk\u0131n \u00d6zer&#8217;in yapmad\u0131\u011f\u0131n\u0131z ba\u011f\u0131\u015f\u0131n makbuzunu istedi\u011fi y\u00f6n\u00fcnde beyan\u0131n\u0131z var, do\u011fru mu?&#8221; sorusuna san\u0131k Soytekin &#8220;Aynen do\u011fru&#8221; yan\u0131t\u0131n\u0131 verdi.<\/p>\n\n\n\n<p>Mahkeme ba\u015fkan\u0131n\u0131n &#8220;Sistem kelimesi kullan\u0131l\u0131yor muydu?&#8221; sorusuna san\u0131k, &#8220;Sistem kullan\u0131l\u0131yordu&#8221; dedi. Savc\u0131 ise, &#8220;Hasan \u0130mamo\u011flu&#8217;na Westside projesinden 3 daire verildi\u011fine y\u00f6nelik duyumum oldu demi\u015fsiniz kimden duydunuz?&#8221; sorusunu sordu. San\u0131k, &#8220;Sat\u0131\u015f ofisindeki m\u00fcd\u00fcrle konu\u015ftu\u011fumu hat\u0131rl\u0131yorum&#8221; yan\u0131t\u0131n\u0131 verdi. \u00d6te yandan Soytekin&#8217;in \u00e7apraz sorgusu devam ederken tutuklu Ekrem \u0130mamo\u011flu&#8217;nun konu\u015fmas\u0131 \u00fczerine mahkeme ba\u015fkan\u0131 &#8220;Ekrem Bey bu \u015fekilde m\u00fcdahale etmiyoruz&#8221; dedi.<\/p>\n\n\n\n<h3 class=\"wp-block-heading\">\u0130MAMO\u011eLU: ADEM SOYTEK\u0130N S\u0130Z KOLAY GELS\u0130N<\/h3>\n\n\n\n<p>Ard\u0131ndan r\u00fc\u015fvet ve yolsuzluk sebebiyle tutuklanan san\u0131k Ekrem \u0130mamo\u011flu s\u00f6z alarak, &#8220;Adem Soytekin size kolay gelsin ne diyeyim. 2008&#8217;den itibaren firmam ile ticaret yapt\u0131n\u0131z. Benimle yap\u0131lan her ticarette kuru\u015funa kadar hassas bir adam oldum. Benimle bir kuru\u015funu bile almad\u0131\u011f\u0131n\u0131z bir ticaret yapt\u0131n\u0131z m\u0131?&#8221; sorusunu sordu. San\u0131k Soytekin, &#8220;Hay\u0131r olmad\u0131&#8221; yan\u0131t\u0131n\u0131 verdi. \u0130mamo\u011flu ard\u0131ndan, &#8220;Ben burada zorlan\u0131yorum baz\u0131 \u015feyleri tan\u0131mlamakta. 19 Mart-23 Mart aras\u0131nda \u00e7ok s\u0131k\u0131nt\u0131l\u0131 bir 5 g\u00fcn ya\u015fad\u0131k. Kolay bir 5 g\u00fcn de\u011fildi. \u00c7a\u011flayan Adliyesi&#8217;nde ad\u0131n\u0131 sonradan \u00f6\u011frendi\u011fim savc\u0131 Cahit Cihat Sar\u0131 i\u00e7eri girdi\u011fimizde feryat figan bir bant kayd\u0131ndan ve ses kayd\u0131ndan bahsetti. K\u00fcf\u00fcrl\u00fc konu\u015ftu. Bu savc\u0131 bu k\u00fcf\u00fcrl\u00fc konu\u015fmay\u0131 yapt\u0131ktan sonra ben \u2018kime s\u00f6yl\u00fcyor?&#8217; dedim. Adem Bey&#8217;e s\u00f6yl\u00fcyor dediler. \u0130smi ge\u00e7en savc\u0131 size de sinkafl\u0131, k\u00fcf\u00fcrl\u00fc konu\u015ftu mu? Size bu bant kayd\u0131ndan bahsetti mi?&#8221; sorusuna san\u0131k Adem Soytekin, &#8220;Sinkafl\u0131 derken? Ben her gitti\u011fimde savc\u0131 bey bana yemek \u0131smarlad\u0131. Bana bir tapeden bahsetmedi&#8221; yan\u0131t\u0131n\u0131 verdi.<\/p>\n","protected":false},"excerpt":{"rendered":"<p>&#8220;Ekrem \u0130mamo\u011flu \u00c7\u0131kar Ama\u00e7l\u0131 Su\u00e7 \u00d6rg\u00fct\u00fc&#8221; davas\u0131n\u0131n ilk duru\u015fmas\u0131na, etkin pi\u015fmanl\u0131k kapsam\u0131nda ifade veren Adem Soytekin&#8217;in itiraf\u0131 damga vurdu. Mahkeme ba\u015fkan\u0131n\u0131n &#8220;Ali Kurt&#8217;a 1 bu\u00e7uk milyon dolar g\u00f6nderildi demi\u015fsin ayr\u0131nt\u0131s\u0131 nedir?&#8221; sorusuna Soytekin, &#8220;R\u00fc\u015fvet ba\u015fkan\u0131m r\u00fc\u015fvet. Ali Kurt \u015fahs\u0131na \u00e7al\u0131\u015f\u0131r&#8221; yan\u0131t\u0131n\u0131 verdi. \u2018Ekrem \u0130mamo\u011flu \u00c7\u0131kar Ama\u00e7l\u0131 Su\u00e7 \u00d6rg\u00fct\u00fc&#8217; davas\u0131n\u0131n ilk duru\u015fmas\u0131n\u0131n 28. oturumu, \u0130stanbul 40. [&hellip;]<\/p>\n","protected":false},"author":1,"featured_media":11738,"comment_status":"open","ping_status":"open","sticky":false,"template":"","format":"standard","meta":{"footnotes":""},"categories":[1],"tags":[4980,1794,4679,4516],"class_list":["post-11737","post","type-post","status-publish","format-standard","has-post-thumbnail","hentry","category-gundem","tag-ali-kurt","tag-ekrem-imamoglu","tag-rusvet","tag-suc-orgutu-2"],"_links":{"self":[{"href":"https:\/\/www.trabzonmanset.com\/index.php\/wp-json\/wp\/v2\/posts\/11737","targetHints":{"allow":["GET"]}}],"collection":[{"href":"https:\/\/www.trabzonmanset.com\/index.php\/wp-json\/wp\/v2\/posts"}],"about":[{"href":"https:\/\/www.trabzonmanset.com\/index.php\/wp-json\/wp\/v2\/types\/post"}],"author":[{"embeddable":true,"href":"https:\/\/www.trabzonmanset.com\/index.php\/wp-json\/wp\/v2\/users\/1"}],"replies":[{"embeddable":true,"href":"https:\/\/www.trabzonmanset.com\/index.php\/wp-json\/wp\/v2\/comments?post=11737"}],"version-history":[{"count":1,"href":"https:\/\/www.trabzonmanset.com\/index.php\/wp-json\/wp\/v2\/posts\/11737\/revisions"}],"predecessor-version":[{"id":11739,"href":"https:\/\/www.trabzonmanset.com\/index.php\/wp-json\/wp\/v2\/posts\/11737\/revisions\/11739"}],"wp:featuredmedia":[{"embeddable":true,"href":"https:\/\/www.trabzonmanset.com\/index.php\/wp-json\/wp\/v2\/media\/11738"}],"wp:attachment":[{"href":"https:\/\/www.trabzonmanset.com\/index.php\/wp-json\/wp\/v2\/media?parent=11737"}],"wp:term":[{"taxonomy":"category","embeddable":true,"href":"https:\/\/www.trabzonmanset.com\/index.php\/wp-json\/wp\/v2\/categories?post=11737"},{"taxonomy":"post_tag","embeddable":true,"href":"https:\/\/www.trabzonmanset.com\/index.php\/wp-json\/wp\/v2\/tags?post=11737"}],"curies":[{"name":"wp","href":"https:\/\/api.w.org\/{rel}","templated":true}]}}