{"id":11712,"date":"2026-04-27T11:05:00","date_gmt":"2026-04-27T08:05:00","guid":{"rendered":"https:\/\/www.trabzonmanset.com\/?p=11712"},"modified":"2026-04-27T20:06:42","modified_gmt":"2026-04-27T17:06:42","slug":"murat-ovucten-oglu-ve-gelinine-rest-ben-bunu-hak-etmedim","status":"publish","type":"post","link":"https:\/\/www.trabzonmanset.com\/index.php\/2026\/04\/27\/murat-ovucten-oglu-ve-gelinine-rest-ben-bunu-hak-etmedim\/","title":{"rendered":"Murat \u00d6v\u00fc\u00e7&#8217;ten o\u011flu ve gelinine rest: Ben bunu hak etmedim"},"content":{"rendered":"\n<p>Ge\u00e7ti\u011fimiz g\u00fcnlerde cezaevinden tahliye olan Murat \u00d6v\u00fc\u00e7, kat\u0131ld\u0131\u011f\u0131 programda o\u011flu ve geliniyle ya\u015fad\u0131\u011f\u0131 k\u0131rg\u0131nl\u0131\u011f\u0131 g\u00f6zya\u015flar\u0131 i\u00e7inde anlatarak, sundu\u011fu imkanlar\u0131n kar\u015f\u0131l\u0131k bulmad\u0131\u011f\u0131n\u0131 ve art\u0131k g\u00f6r\u00fc\u015fmediklerini s\u00f6yledi.<\/p>\n\n\n\n<p>Sosyal medya fenomeni ve \u015fark\u0131c\u0131 Murat \u00d6v\u00fc\u00e7, kat\u0131ld\u0131\u011f\u0131 programda o\u011flu Burakcan ile ya\u015fad\u0131\u011f\u0131 k\u0131rg\u0131nl\u0131\u011f\u0131 g\u00f6zya\u015flar\u0131 i\u00e7inde anlatt\u0131.<\/p>\n\n\n\n<h3 class=\"wp-block-heading\">\u201cS\u0130Z NE HAKLA BEN\u0130M SERVET\u0130M\u0130 Y\u0130YORSUNUZ?\u201d<\/h3>\n\n\n\n<p>Sinem Y\u0131ld\u0131z\u2019\u0131n YouTube program\u0131na konuk olan \u00d6v\u00fc\u00e7, o\u011flu ve geliniyle g\u00f6r\u00fc\u015fmedi\u011fini belirterek sert ifadeler kulland\u0131. \u201cEn b\u00fcy\u00fck \u00fcz\u00fcnt\u00fcm evlad\u0131m\u201d diyen \u00d6v\u00fc\u00e7, \u201cSiz ne hakla benim servetimi yiyorsunuz? Kimse evlad\u0131n\u0131 k\u00f6t\u00fclemek istemez ama benim Burakcan\u2019a sundu\u011fum imkanlar\u0131 hi\u00e7 kimse hi\u00e7 kimseye sunamaz\u201d dedi.<\/p>\n\n\n\n<figure class=\"wp-block-image\"><img decoding=\"async\" src=\"https:\/\/foto.haberler.com\/haber\/2026\/04\/27\/murat-ovucten-oglu-ve-gelinine-35030e69af-2600_1_m.jpg\" alt=\"\"\/><\/figure>\n\n\n\n<h3 class=\"wp-block-heading\">\u201cTUVALET TEM\u0130ZLED\u0130M, ONU EKS\u0130K BIRAKMADIM\u201d<\/h3>\n\n\n\n<p>Ge\u00e7mi\u015fte ya\u015fad\u0131\u011f\u0131 zorluklara da de\u011finen \u00d6v\u00fc\u00e7, \u201cBen yeri geldi evlere temizli\u011fe gittim, tuvalet temizledim. Kazand\u0131\u011f\u0131m parayla ona en son model telefonlar\u0131 ald\u0131m, kimselerden eksik kalmas\u0131n diye u\u011fra\u015ft\u0131m. Ama sundu\u011fum imkanlar maalesef iyi de\u011ferlendirilmedi\u201d ifadelerini kulland\u0131.<\/p>\n\n\n\n<p><img loading=\"lazy\" decoding=\"async\" width=\"300\" height=\"200\" src=\"https:\/\/foto.haberler.com\/haber\/2026\/04\/27\/murat-ovucten-oglu-ve-gelinine-35030e69af-9437_2_m.jpg\" alt=\"Murat \u00d6v\u00fc\u00e7, d\u00fc\u011f\u00fcnde gelinine kilolarca alt\u0131n takm\u0131\u015ft\u0131\u00a0\"><\/p>\n\n\n\n<p>Murat \u00d6v\u00fc\u00e7, d\u00fc\u011f\u00fcnde gelinine kilolarca alt\u0131n takm\u0131\u015ft\u0131\u00a0<\/p>\n\n\n\n<h3 class=\"wp-block-heading\">\u201cBEN BUNU HAK ETMED\u0130M\u201d<\/h3>\n\n\n\n<p>O\u011flu ve geliniyle g\u00f6r\u00fc\u015fmeme karar\u0131 ald\u0131\u011f\u0131n\u0131 s\u00f6yleyen \u00d6v\u00fc\u00e7, \u201cHi\u00e7 kimse evlad\u0131n\u0131 k\u00f6t\u00fclemek istemez ama ben bunu hak etmedim. Allah selamet versin, ben art\u0131k bu y\u00fck\u00fc ta\u015f\u0131yam\u0131yorum\u201d dedi.<\/p>\n\n\n\n<h3 class=\"wp-block-heading\">\u201cVETO ETT\u0130M, G\u00d6R\u00dc\u015eM\u00dcYORUM\u201d<\/h3>\n\n\n\n<p>\u00d6v\u00fc\u00e7, daha \u00f6nce de cezaevi sonras\u0131 ya\u015fad\u0131\u011f\u0131 s\u00fcrece de\u011finerek, \u201c\u00c7ok s\u0131rt\u0131mdan darbeler yedim, \u00e7ok yaln\u0131z b\u0131rak\u0131ld\u0131m. Burakcan ve gelinimi veto ettim, g\u00f6r\u00fc\u015fm\u00fcyorum\u201d s\u00f6zleriyle ailesiyle ba\u011flar\u0131n\u0131 kopard\u0131\u011f\u0131n\u0131 ifade etti.<\/p>\n\n\n\n<p><\/p>\n","protected":false},"excerpt":{"rendered":"<p>Ge\u00e7ti\u011fimiz g\u00fcnlerde cezaevinden tahliye olan Murat \u00d6v\u00fc\u00e7, kat\u0131ld\u0131\u011f\u0131 programda o\u011flu ve geliniyle ya\u015fad\u0131\u011f\u0131 k\u0131rg\u0131nl\u0131\u011f\u0131 g\u00f6zya\u015flar\u0131 i\u00e7inde anlatarak, sundu\u011fu imkanlar\u0131n kar\u015f\u0131l\u0131k bulmad\u0131\u011f\u0131n\u0131 ve art\u0131k g\u00f6r\u00fc\u015fmediklerini s\u00f6yledi. Sosyal medya fenomeni ve \u015fark\u0131c\u0131 Murat \u00d6v\u00fc\u00e7, kat\u0131ld\u0131\u011f\u0131 programda o\u011flu Burakcan ile ya\u015fad\u0131\u011f\u0131 k\u0131rg\u0131nl\u0131\u011f\u0131 g\u00f6zya\u015flar\u0131 i\u00e7inde anlatt\u0131. \u201cS\u0130Z NE HAKLA BEN\u0130M SERVET\u0130M\u0130 Y\u0130YORSUNUZ?\u201d Sinem Y\u0131ld\u0131z\u2019\u0131n YouTube program\u0131na konuk olan \u00d6v\u00fc\u00e7, [&hellip;]<\/p>\n","protected":false},"author":1,"featured_media":11713,"comment_status":"open","ping_status":"open","sticky":false,"template":"","format":"standard","meta":{"footnotes":""},"categories":[1405],"tags":[4970,3943],"class_list":["post-11712","post","type-post","status-publish","format-standard","has-post-thumbnail","hentry","category-magazin","tag-burakcan","tag-murat-ovuc"],"_links":{"self":[{"href":"https:\/\/www.trabzonmanset.com\/index.php\/wp-json\/wp\/v2\/posts\/11712","targetHints":{"allow":["GET"]}}],"collection":[{"href":"https:\/\/www.trabzonmanset.com\/index.php\/wp-json\/wp\/v2\/posts"}],"about":[{"href":"https:\/\/www.trabzonmanset.com\/index.php\/wp-json\/wp\/v2\/types\/post"}],"author":[{"embeddable":true,"href":"https:\/\/www.trabzonmanset.com\/index.php\/wp-json\/wp\/v2\/users\/1"}],"replies":[{"embeddable":true,"href":"https:\/\/www.trabzonmanset.com\/index.php\/wp-json\/wp\/v2\/comments?post=11712"}],"version-history":[{"count":1,"href":"https:\/\/www.trabzonmanset.com\/index.php\/wp-json\/wp\/v2\/posts\/11712\/revisions"}],"predecessor-version":[{"id":11714,"href":"https:\/\/www.trabzonmanset.com\/index.php\/wp-json\/wp\/v2\/posts\/11712\/revisions\/11714"}],"wp:featuredmedia":[{"embeddable":true,"href":"https:\/\/www.trabzonmanset.com\/index.php\/wp-json\/wp\/v2\/media\/11713"}],"wp:attachment":[{"href":"https:\/\/www.trabzonmanset.com\/index.php\/wp-json\/wp\/v2\/media?parent=11712"}],"wp:term":[{"taxonomy":"category","embeddable":true,"href":"https:\/\/www.trabzonmanset.com\/index.php\/wp-json\/wp\/v2\/categories?post=11712"},{"taxonomy":"post_tag","embeddable":true,"href":"https:\/\/www.trabzonmanset.com\/index.php\/wp-json\/wp\/v2\/tags?post=11712"}],"curies":[{"name":"wp","href":"https:\/\/api.w.org\/{rel}","templated":true}]}}