{"id":11709,"date":"2026-04-27T18:25:00","date_gmt":"2026-04-27T15:25:00","guid":{"rendered":"https:\/\/www.trabzonmanset.com\/?p=11709"},"modified":"2026-04-27T20:02:02","modified_gmt":"2026-04-27T17:02:02","slug":"seda-sayan-selena-gomezin-kocasini-diline-doladi","status":"publish","type":"post","link":"https:\/\/www.trabzonmanset.com\/index.php\/2026\/04\/27\/seda-sayan-selena-gomezin-kocasini-diline-doladi\/","title":{"rendered":"Seda Sayan, Selena Gomez&#8217;in kocas\u0131n\u0131 diline dolad\u0131"},"content":{"rendered":"\n<p>D\u00fcnyaca \u00fcnl\u00fc \u015fark\u0131c\u0131 Selena Gomez\u2019in e\u015fi Benny Blanco\u2019nun kirli ayaklar\u0131n\u0131 \u00f6pt\u00fc\u011f\u00fc g\u00f6r\u00fcnt\u00fcler, sosyal medyada yaratt\u0131\u011f\u0131 b\u00fcy\u00fck yank\u0131n\u0131n ard\u0131ndan T\u00fcrk magazin d\u00fcnyas\u0131n\u0131n &#8220;titizlik&#8221; sembol\u00fc Seda Sayan\u2019\u0131n radar\u0131na tak\u0131ld\u0131. Sayan, kat\u0131ld\u0131\u011f\u0131 bir televizyon program\u0131nda Blanco\u2019nun hijyen al\u0131\u015fkanl\u0131klar\u0131na dair sert ve bir o kadar da mizahi bir dille ele\u015ftirilerde bulundu. Kad\u0131rgal\u0131 &#8220;Ay k\u0131z, ben onu evlere barklara sokmam. \u0130\u011fren\u00e7!&#8221; s\u00f6zleriyle tepkisini dile getirdi.<\/p>\n\n\n\n<p>D\u00fcnyaca \u00fcnl\u00fc \u015fark\u0131c\u0131 Selena Gomez &#8216;in e\u015fi Benny Blanco&#8217;nun, kirli ayaklar\u0131n\u0131 \u00f6pt\u00fc\u011f\u00fc anlar sosyal \u00fcnl\u00fc \u015fark\u0131c\u0131 Seda Sayan&#8217;\u0131n radar\u0131na girdi. Titizli\u011fi ile tan\u0131nan Sayan, sosyal medyada b\u00fcy\u00fck yank\u0131 uyand\u0131ran g\u00f6r\u00fcnt\u00fcleri izleyince midesi buland\u0131. Sayan &#8220;Ben onu eve almam&#8221; diyerek g\u00fcld\u00fcren bir tepki verdi.&nbsp;&nbsp;<\/p>\n\n\n\n<h3 class=\"wp-block-heading\">G\u00d6R\u00dcNT\u00dcLER TEPK\u0130 \u00c7EKM\u0130\u015eT\u0130<\/h3>\n\n\n\n<p>Daha \u00f6nce yay\u0131lan g\u00f6r\u00fcnt\u00fclerde Selena Gomez\u2019in, Benny Blanco\u2019nun kirli oldu\u011fu g\u00f6r\u00fclen ayaklar\u0131n\u0131 \u00f6pmesi izleyenleri \u015fa\u015fk\u0131na \u00e7evirmi\u015fti. K\u0131sa s\u00fcrede viral olan o anlar, sosyal medyada yo\u011fun ele\u015ftiri alm\u0131\u015ft\u0131.<\/p>\n\n\n\n<figure class=\"wp-block-image\"><img decoding=\"async\" src=\"https:\/\/foto.haberler.com\/haber\/2026\/04\/27\/seda-sayan-selena-gomezin-koca-3dc25fb7f0-6379_1_m.jpg\" alt=\"\"\/><\/figure>\n\n\n\n<h3 class=\"wp-block-heading\">SEDA SAYAN\u2019IN M\u0130DES\u0130 BULANDI<\/h3>\n\n\n\n<p>Bir televizyon program\u0131nda s\u00f6z konusu g\u00f6r\u00fcnt\u00fcleri izleyen Seda Sayan, g\u00f6rd\u00fckleri kar\u015f\u0131s\u0131nda midesinin buland\u0131\u011f\u0131n\u0131 ifade etti. Y\u00fcz\u00fcn\u00fc ek\u015fiten sanat\u00e7\u0131, tepkisini a\u00e7\u0131k s\u00f6zlerle dile getirdi.<\/p>\n\n\n\n<h3 class=\"wp-block-heading\">\u201cAYNI \u0130\u00c7 \u00c7AMA\u015eIRINI G\u00dcNLERCE G\u0130Y\u0130YOR\u201d<\/h3>\n\n\n\n<p>Programda konu\u015fan Sayan, Blanco hakk\u0131nda ortaya at\u0131lan iddialara da de\u011finerek, \u201cAyn\u0131 i\u00e7 \u00e7ama\u015f\u0131r\u0131n\u0131 g\u00fcnlerce giydi\u011fini s\u00f6yl\u00fcyorlar\u201d diyerek \u015fa\u015fk\u0131nl\u0131\u011f\u0131n\u0131 dile getirdi. Bu s\u00f6zler st\u00fcdyoda da dikkat \u00e7ekti.<\/p>\n\n\n\n<h3 class=\"wp-block-heading\">\u201cBEN ONU EVE ALMAM\u201d<\/h3>\n\n\n\n<p>Sayan, tepkisini daha da sertle\u015ftirerek, \u201cBen onu eve almam\u201d ifadelerini kulland\u0131. \u00dcnl\u00fc sanat\u00e7\u0131n\u0131n bu \u00e7\u0131k\u0131\u015f\u0131 k\u0131sa s\u00fcrede sosyal medyada g\u00fcndem olurken, bir\u00e7ok kullan\u0131c\u0131dan destek mesaj\u0131 geldi.<\/p>\n\n\n\n<p>Titizli\u011fi ile bilinen&nbsp; Kad\u0131rgal\u0131, &#8220;Selena Gomez\u2019in kocas\u0131 var. Benny Blanco. Benny Blanco\u2019nun biraz pis bir g\u00f6r\u00fcn\u00fcm\u00fc var.&nbsp;Programlarda falan aya\u011f\u0131 b\u00f6yle pis\u2026 Pis. G\u00f6rd\u00fcm. Pis.&nbsp;Selena Gomez diyor ki i\u00e7 \u00e7ama\u015f\u0131r\u0131n\u0131 yedi g\u00fcnde bir de\u011fi\u015ftirir ama ben seviyorum onu.&nbsp;&nbsp;Ay t\u00f6vbe ya Rabbim. Ay k\u0131z ben onu evlere barklara sokmam, sokmam.&nbsp;Pis, pis. \u0130\u011fren\u00e7.&nbsp;Yedi g\u00fcn o donla ayn\u0131 don.&nbsp;Ben adam\u0131 da tutar\u0131m ensesinden be.\u201d s\u00f6zleriyle dobral\u0131\u011f\u0131n\u0131 yine konu\u015fturdu.&nbsp;&nbsp;<\/p>\n\n\n\n<p><\/p>\n","protected":false},"excerpt":{"rendered":"<p>D\u00fcnyaca \u00fcnl\u00fc \u015fark\u0131c\u0131 Selena Gomez\u2019in e\u015fi Benny Blanco\u2019nun kirli ayaklar\u0131n\u0131 \u00f6pt\u00fc\u011f\u00fc g\u00f6r\u00fcnt\u00fcler, sosyal medyada yaratt\u0131\u011f\u0131 b\u00fcy\u00fck yank\u0131n\u0131n ard\u0131ndan T\u00fcrk magazin d\u00fcnyas\u0131n\u0131n &#8220;titizlik&#8221; sembol\u00fc Seda Sayan\u2019\u0131n radar\u0131na tak\u0131ld\u0131. Sayan, kat\u0131ld\u0131\u011f\u0131 bir televizyon program\u0131nda Blanco\u2019nun hijyen al\u0131\u015fkanl\u0131klar\u0131na dair sert ve bir o kadar da mizahi bir dille ele\u015ftirilerde bulundu. Kad\u0131rgal\u0131 &#8220;Ay k\u0131z, ben onu evlere barklara sokmam. [&hellip;]<\/p>\n","protected":false},"author":1,"featured_media":11710,"comment_status":"open","ping_status":"open","sticky":false,"template":"","format":"standard","meta":{"footnotes":""},"categories":[1405],"tags":[4967,4969,4968,4966,461],"class_list":["post-11709","post","type-post","status-publish","format-standard","has-post-thumbnail","hentry","category-magazin","tag-benny-blanco","tag-blanco","tag-seda-sayan","tag-selena-gomez","tag-sosyal-medya"],"_links":{"self":[{"href":"https:\/\/www.trabzonmanset.com\/index.php\/wp-json\/wp\/v2\/posts\/11709","targetHints":{"allow":["GET"]}}],"collection":[{"href":"https:\/\/www.trabzonmanset.com\/index.php\/wp-json\/wp\/v2\/posts"}],"about":[{"href":"https:\/\/www.trabzonmanset.com\/index.php\/wp-json\/wp\/v2\/types\/post"}],"author":[{"embeddable":true,"href":"https:\/\/www.trabzonmanset.com\/index.php\/wp-json\/wp\/v2\/users\/1"}],"replies":[{"embeddable":true,"href":"https:\/\/www.trabzonmanset.com\/index.php\/wp-json\/wp\/v2\/comments?post=11709"}],"version-history":[{"count":1,"href":"https:\/\/www.trabzonmanset.com\/index.php\/wp-json\/wp\/v2\/posts\/11709\/revisions"}],"predecessor-version":[{"id":11711,"href":"https:\/\/www.trabzonmanset.com\/index.php\/wp-json\/wp\/v2\/posts\/11709\/revisions\/11711"}],"wp:featuredmedia":[{"embeddable":true,"href":"https:\/\/www.trabzonmanset.com\/index.php\/wp-json\/wp\/v2\/media\/11710"}],"wp:attachment":[{"href":"https:\/\/www.trabzonmanset.com\/index.php\/wp-json\/wp\/v2\/media?parent=11709"}],"wp:term":[{"taxonomy":"category","embeddable":true,"href":"https:\/\/www.trabzonmanset.com\/index.php\/wp-json\/wp\/v2\/categories?post=11709"},{"taxonomy":"post_tag","embeddable":true,"href":"https:\/\/www.trabzonmanset.com\/index.php\/wp-json\/wp\/v2\/tags?post=11709"}],"curies":[{"name":"wp","href":"https:\/\/api.w.org\/{rel}","templated":true}]}}