{"id":11706,"date":"2026-04-27T18:00:00","date_gmt":"2026-04-27T15:00:00","guid":{"rendered":"https:\/\/www.trabzonmanset.com\/?p=11706"},"modified":"2026-04-27T19:57:42","modified_gmt":"2026-04-27T16:57:42","slug":"cips-devinde-maaslar-110-bin-tlye-cikti","status":"publish","type":"post","link":"https:\/\/www.trabzonmanset.com\/index.php\/2026\/04\/27\/cips-devinde-maaslar-110-bin-tlye-cikti\/","title":{"rendered":"Cips devinde maa\u015flar 110 bin TL\u2019ye \u00e7\u0131kt\u0131"},"content":{"rendered":"\n<p>Kocaeli Kartepe ba\u015fta olmak \u00fczere T\u00fcrkiye\u2019nin farkl\u0131 noktalar\u0131nda \u00fcretim yapan d\u00fcnyaca \u00fcnl\u00fc cips devinin toplu i\u015f s\u00f6zle\u015fmesi g\u00f6r\u00fc\u015fmeleri sonu\u00e7land\u0131. Firmada \u00e7al\u0131\u015fanlar\u0131n maa\u015f\u0131na ilk 6 ay i\u00e7in y\u00fczde 26 zam yap\u0131ld\u0131. B\u00f6ylece maa\u015flar ortalama 110 bin liraya, sosyal haklar ise 170 bin TL&#8217;ye y\u00fckseltildi.<\/p>\n\n\n\n<p>T\u00fcrkiye\u2019de g\u0131da sekt\u00f6r\u00fcnde \u00e7ok konu\u015fulan bir toplu i\u015f s\u00f6zle\u015fmesi sonu\u00e7land\u0131. Cips devi Frito-Lay b\u00fcnyesinde \u00e7al\u0131\u015fan i\u015f\u00e7ilerin maa\u015flar\u0131 ve sosyal haklar\u0131 ciddi oranda art\u0131r\u0131ld\u0131.<\/p>\n\n\n\n<p>Bug\u00fcn <strong>Kocaeli<\/strong>&#8216;nin haberine g\u00f6re; Kocaeli Kartepe ba\u015fta olmak \u00fczere Tarsus ve Manisa\u2019daki fabrikalar\u0131 kapsayan s\u00f6zle\u015fmeyle i\u015f\u00e7ilerin maa\u015flar\u0131na ilk 6 ay i\u00e7in y\u00fczde 26 zam yap\u0131ld\u0131. Bu art\u0131\u015fla birlikte ortalama ayl\u0131k \u00fccret 110 bin TL seviyesine y\u00fckseldi.<\/p>\n\n\n\n<h3 class=\"wp-block-heading\">SOSYAL HAKLARDA B\u00dcY\u00dcK ARTI\u015e<\/h3>\n\n\n\n<p>Yeni d\u00fczenlemeyle birlikte i\u015f\u00e7ilerin y\u0131ll\u0131k sosyal paket tutar\u0131 da \u00f6nemli \u00f6l\u00e7\u00fcde art\u0131r\u0131ld\u0131. Sosyal haklar toplamda 170 bin TL\u2019ye \u00e7\u0131kar\u0131larak \u00e7al\u0131\u015fanlar\u0131n yan gelirleri g\u00fc\u00e7lendirildi.<\/p>\n\n\n\n<p>S\u00f6zle\u015fmenin devam eden d\u00f6nemlerinde maa\u015f art\u0131\u015flar\u0131n\u0131n enflasyona endeksli olmas\u0131 kararla\u015ft\u0131r\u0131ld\u0131. \u0130kinci, \u00fc\u00e7\u00fcnc\u00fc ve d\u00f6rd\u00fcnc\u00fc 6 ayl\u0131k dilimlerde yap\u0131lacak zamlar, T\u00dcFE oran\u0131na ek 4 puan ilavesiyle hesaplanacak.<\/p>\n\n\n\n<h3 class=\"wp-block-heading\">VERG\u0130 Y\u00dcK\u00dc AZALTILDI<\/h3>\n\n\n\n<p>\u0130\u015f\u00e7ilerin en b\u00fcy\u00fck gider kalemlerinden biri olan vergi dilimi konusunda da \u00f6nemli bir kazan\u0131m elde edildi. Yap\u0131lan anla\u015fmayla y\u00fczde 8\u2019lik vergi indirimi sa\u011fland\u0131. B\u00f6ylece \u00e7al\u0131\u015fanlar\u0131n net maa\u015flar\u0131n\u0131n vergi kesintilerinden daha az etkilenmesi hedefleniyor.<\/p>\n\n\n\n<h3 class=\"wp-block-heading\">900 \u0130\u015e\u00c7\u0130Y\u0130 KAPSIYOR<\/h3>\n\n\n\n<p>Tek G\u0131da-\u0130\u015f Sendikas\u0131 ile i\u015fveren aras\u0131nda var\u0131lan anla\u015fma, toplam 900 i\u015f\u00e7iyi kaps\u0131yor. Kartepe, Tarsus ve Manisa\u2019daki \u00fcretim tesislerinde \u00e7al\u0131\u015fan i\u015f\u00e7iler i\u00e7in yeni d\u00f6nem daha y\u00fcksek gelir ve daha g\u00fc\u00e7l\u00fc sosyal haklarla ba\u015flad\u0131.<\/p>\n\n\n\n<p><\/p>\n","protected":false},"excerpt":{"rendered":"<p>Kocaeli Kartepe ba\u015fta olmak \u00fczere T\u00fcrkiye\u2019nin farkl\u0131 noktalar\u0131nda \u00fcretim yapan d\u00fcnyaca \u00fcnl\u00fc cips devinin toplu i\u015f s\u00f6zle\u015fmesi g\u00f6r\u00fc\u015fmeleri sonu\u00e7land\u0131. Firmada \u00e7al\u0131\u015fanlar\u0131n maa\u015f\u0131na ilk 6 ay i\u00e7in y\u00fczde 26 zam yap\u0131ld\u0131. B\u00f6ylece maa\u015flar ortalama 110 bin liraya, sosyal haklar ise 170 bin TL&#8217;ye y\u00fckseltildi. T\u00fcrkiye\u2019de g\u0131da sekt\u00f6r\u00fcnde \u00e7ok konu\u015fulan bir toplu i\u015f s\u00f6zle\u015fmesi sonu\u00e7land\u0131. Cips devi [&hellip;]<\/p>\n","protected":false},"author":1,"featured_media":11707,"comment_status":"open","ping_status":"open","sticky":false,"template":"","format":"standard","meta":{"footnotes":""},"categories":[7],"tags":[4963,4964,4962,1795,4965],"class_list":["post-11706","post","type-post","status-publish","format-standard","has-post-thumbnail","hentry","category-ekonomi","tag-cips","tag-frito-lay","tag-kocaeli-kartepe","tag-manisa","tag-tarsus"],"_links":{"self":[{"href":"https:\/\/www.trabzonmanset.com\/index.php\/wp-json\/wp\/v2\/posts\/11706","targetHints":{"allow":["GET"]}}],"collection":[{"href":"https:\/\/www.trabzonmanset.com\/index.php\/wp-json\/wp\/v2\/posts"}],"about":[{"href":"https:\/\/www.trabzonmanset.com\/index.php\/wp-json\/wp\/v2\/types\/post"}],"author":[{"embeddable":true,"href":"https:\/\/www.trabzonmanset.com\/index.php\/wp-json\/wp\/v2\/users\/1"}],"replies":[{"embeddable":true,"href":"https:\/\/www.trabzonmanset.com\/index.php\/wp-json\/wp\/v2\/comments?post=11706"}],"version-history":[{"count":1,"href":"https:\/\/www.trabzonmanset.com\/index.php\/wp-json\/wp\/v2\/posts\/11706\/revisions"}],"predecessor-version":[{"id":11708,"href":"https:\/\/www.trabzonmanset.com\/index.php\/wp-json\/wp\/v2\/posts\/11706\/revisions\/11708"}],"wp:featuredmedia":[{"embeddable":true,"href":"https:\/\/www.trabzonmanset.com\/index.php\/wp-json\/wp\/v2\/media\/11707"}],"wp:attachment":[{"href":"https:\/\/www.trabzonmanset.com\/index.php\/wp-json\/wp\/v2\/media?parent=11706"}],"wp:term":[{"taxonomy":"category","embeddable":true,"href":"https:\/\/www.trabzonmanset.com\/index.php\/wp-json\/wp\/v2\/categories?post=11706"},{"taxonomy":"post_tag","embeddable":true,"href":"https:\/\/www.trabzonmanset.com\/index.php\/wp-json\/wp\/v2\/tags?post=11706"}],"curies":[{"name":"wp","href":"https:\/\/api.w.org\/{rel}","templated":true}]}}