{"id":11703,"date":"2026-04-27T19:10:00","date_gmt":"2026-04-27T16:10:00","guid":{"rendered":"https:\/\/www.trabzonmanset.com\/?p=11703"},"modified":"2026-04-27T19:52:06","modified_gmt":"2026-04-27T16:52:06","slug":"memur-ve-saglik-calisanlarina-banka-kredisi-olmadan-ev-edinme-imkani-geliyor","status":"publish","type":"post","link":"https:\/\/www.trabzonmanset.com\/index.php\/2026\/04\/27\/memur-ve-saglik-calisanlarina-banka-kredisi-olmadan-ev-edinme-imkani-geliyor\/","title":{"rendered":"Memur ve sa\u011fl\u0131k \u00e7al\u0131\u015fanlar\u0131na banka kredisi olmadan ev edinme imkan\u0131 geliyor"},"content":{"rendered":"\n<p>Memur ve sa\u011fl\u0131k \u00e7al\u0131\u015fanlar\u0131n\u0131n ev ve ara\u00e7 gibi temel ihtiya\u00e7lar\u0131na faizsiz ve banka kredisiz ula\u015fabilmesi amac\u0131yla HEK\u0130MSEN taraf\u0131ndan ortak yat\u0131r\u0131ma dayal\u0131 yeni bir iktisadi sistem hayata ge\u00e7iriliyor. Toplu al\u0131mlar ve hazine ihaleleriyle maliyetlerin d\u00fc\u015f\u00fcr\u00fclmesinin hedeflendi\u011fi sistemden t\u00fcm memurlar yararlanabilecek.<\/p>\n\n\n\n<p>Hekim ve Di\u011fer Sa\u011fl\u0131k \u00c7al\u0131\u015fanlar\u0131 Kamu Sa\u011fl\u0131k ve Sosyal Hizmetler Sendikas\u0131 (HEK\u0130MSEN) taraf\u0131ndan planlanan bu yap\u0131yla, \u00fcyeler bireysel gelirleriyle ula\u015fmakta zorland\u0131klar\u0131 ev ve ara\u00e7 gibi temel ihtiya\u00e7lara daha kolay eri\u015febilecek.<\/p>\n\n\n\n<h3 class=\"wp-block-heading\">BANKA KRED\u0130LER\u0130NE BA\u011eIMLI OLMAYAN ALTERNAT\u0130F F\u0130NANS MODEL\u0130<\/h3>\n\n\n\n<p>Bu kapsamda ortak yat\u0131r\u0131m modeli olu\u015fturulmas\u0131, toplu filo al\u0131mlar\u0131 yap\u0131lmas\u0131 ve maliyetlerin d\u00fc\u015f\u00fcr\u00fclmesi i\u00e7in \u00e7e\u015fitli ekonomik projelerin hayata ge\u00e7irilmesi hedefleniyor. Sistem i\u00e7inde hazine arazileri ve kamu ihaleleri gibi alanlarda ortak giri\u015fimlerle yat\u0131r\u0131mlar yap\u0131larak, elde edilecek kazan\u00e7 ise \u00fcyeler aras\u0131nda payla\u015ft\u0131r\u0131lacak.<\/p>\n\n\n\n<p>Ayr\u0131ca bu yap\u0131n\u0131n banka kredilerine ba\u011f\u0131ml\u0131 olmayan alternatif finans modeli olarak kurgulan\u0131rken, b\u00f6ylece y\u00fcksek faiz ve maliyet bask\u0131s\u0131 olmadan daha eri\u015filebilir ekonomik imkanlar sunulacak. Yap\u0131n\u0131n geni\u015fletilerek konfederasyon \u00e7at\u0131s\u0131 alt\u0131nda daha b\u00fcy\u00fck bir ekonomik organizasyona d\u00f6n\u00fc\u015ft\u00fcr\u00fclmesi de planlar aras\u0131nda yer al\u0131yor.<\/p>\n\n\n\n<p>HEK\u0130MSEN Genel Ba\u015fkan\u0131 Uzm. Dr. Adil Kurban, bu s\u00fcre\u00e7te s\u00f6z konusu iktisadi yap\u0131 i\u00e7in ba\u015fvurular\u0131n al\u0131nmaya ba\u015flad\u0131\u011f\u0131n\u0131 ve yo\u011fun talep olu\u015ftu\u011funu da a\u00e7\u0131klad\u0131.<\/p>\n\n\n\n<h3 class=\"wp-block-heading\">&#8220;\u0130NSANLAR MAA\u015eLARIYLA EV VE ARA\u00c7 SAH\u0130B\u0130 OLAMIYOR&#8221;<\/h3>\n\n\n\n<p>Konuyu detayland\u0131ran HEK\u0130MSEN Genel Ba\u015fkan\u0131 Uzm. Dr. Adil Kurban, &#8220;Memur kesiminin devletten al\u0131nan maa\u015flar\u0131n\u0131n bir haddi var. S\u00f6zle\u015fmeli olarak \u00e7al\u0131\u015fm\u0131yorsan\u0131z bununla ilgili \u00e7ok b\u00fcy\u00fck kazan\u00e7 elde edemezsiniz. S\u00f6zle\u015fmeli de olsan\u0131z yine bunu salt maa\u015f\u0131n\u0131zla yapam\u0131yorsunuz. \u00d6rne\u011fin emeklili\u011fi gelmi\u015f ama emekli olamayan meslekta\u015flar\u0131m var. T\u00fcrkiye&#8217;de hekimlerin ortalama \u00f6mr\u00fc 60 ya\u015f civar\u0131nda. Hekimler topluma g\u00f6re bilimsel olarak daha erken \u00f6l\u00fcyor. Bir\u00e7ok meslekta\u015f\u0131m\u0131z\u0131n evi yok, ikinci el arabas\u0131 var, o da 10-15 ya\u015f\u0131nda. \u0130nsanlar maa\u015flar\u0131yla ev ve ara\u00e7 sahibi olam\u0131yor. Bir ev almak istedi\u011finizde, in\u015faat\u0131 bitmi\u015f \u015fekilde ald\u0131\u011f\u0131n\u0131zda neredeyse maliyetinin iki kat\u0131na al\u0131yorsunuz. Arsadan girseniz bile ucuza alam\u0131yorsunuz&#8221; dedi.<\/p>\n\n\n\n<p><img loading=\"lazy\" decoding=\"async\" width=\"300\" height=\"200\" src=\"https:\/\/foto.haberler.com\/haber\/2026\/04\/27\/banka-kredisi-olmadan-mulk-edi-19784203-2726_1_m.jpg\" alt=\"Adil Kurban\"><\/p>\n\n\n\n<p>Adil Kurban<\/p>\n\n\n\n<h3 class=\"wp-block-heading\">&#8220;NEREDE KAZAN\u00c7 SA\u011eLAYACAK B\u0130R ALAN VARSA ORTAK OLACA\u011eIZ&#8221;<\/h3>\n\n\n\n<p>Kurban, daha \u00f6nce kurduklar\u0131 motorlu ta\u015f\u0131tlar \u015firketi arac\u0131l\u0131\u011f\u0131yla filo al\u0131mlar\u0131 yaparak \u00fcyelere uygun fiyatl\u0131 ara\u00e7 temin ettiklerini hat\u0131rlatarak, \u015funlar\u0131 kaydetti: \u201cFilo al\u0131mlar\u0131 yaparak \u00fcyelerimize ara\u00e7 temin ettik. Bunu \u00e7ok uygun fiyatlara yapt\u0131k ve ciddi indirimler sa\u011flad\u0131k. Bu s\u00fcre\u00e7te hem i\u015f birli\u011fi yapt\u0131\u011f\u0131m\u0131z \u015firketler kazand\u0131 hem de \u00fcyelerimiz kazand\u0131. Bundan sonraki s\u00fcre\u00e7te iktisadi yap\u0131m\u0131zla ilgili toplant\u0131 yapt\u0131k. Bug\u00fcn itibar\u0131yla iktisadi yap\u0131m\u0131z kuruluyor. Bundan sonraki s\u00fcre\u00e7te hazine arazisi ihalelerine girerek \u00fcyelerimizle birlikte projeler yapaca\u011f\u0131z. Kongre merkezli otel yat\u0131r\u0131mlar\u0131 da planl\u0131yoruz. Yani nerede kazan\u00e7 sa\u011flayacak bir alan varsa HEK\u0130MSEN camias\u0131 olarak orada olaca\u011f\u0131z, ortak olaca\u011f\u0131z.&#8221;<\/p>\n\n\n\n<h3 class=\"wp-block-heading\">&#8220;\u00dcYELER\u0130M\u0130Z BANKA KRED\u0130S\u0130 KULLANMADAN EV VE ARA\u00c7 SAH\u0130B\u0130 OLACAK&#8221;<\/h3>\n\n\n\n<p><a href=\"https:\/\/www.haberler.com\/banka\/\"><strong>Banka<\/strong><\/a> kredilerindeki y\u00fcksek kar ve faiz oranlar\u0131na i\u015faret eden Kurban, insanlar\u0131 bor\u00e7land\u0131rmadan \u00e7\u00f6z\u00fcm \u00fcretmeyi ama\u00e7lad\u0131klar\u0131n\u0131 vurgulad\u0131. Kurban, &#8220;\u015eu anda bu yap\u0131m\u0131za ciddi bir talep var. Amac\u0131m\u0131z temiz ticaret yapmakt\u0131r. Nerede ak\u0131lc\u0131 yat\u0131r\u0131m varsa oraya girece\u011fiz ve \u00fcyelerimiz banka kredisi kullanmadan ev ve ara\u00e7 sahibi olacak. Bu \u00e7ok \u00f6nemli \u00e7\u00fcnk\u00fc insanlar\u0131 bor\u00e7land\u0131rmadan \u00e7\u00f6z\u00fcm \u00fcretmek istiyoruz. Bankalar\u0131n uygulad\u0131\u011f\u0131 kar oranlar\u0131 y\u00fcksek ama mevcut ekonomik \u015fartlarda bu sistem b\u00f6yle i\u015fliyor. Biz ise \u015funu s\u00f6yl\u00fcyoruz; birlik olursak al\u0131m g\u00fcc\u00fcm\u00fcz artar. Alt alta yaz\u0131ld\u0131\u011f\u0131m\u0131zda birey olarak k\u00fc\u00e7\u00fck kal\u0131r\u0131z ama yan yana geldi\u011fimizde binler oluruz&#8221; ifadelerini kulland\u0131.<\/p>\n\n\n\n<h3 class=\"wp-block-heading\">&#8220;KONFEDERASYONUMUZ \u00dcYES\u0130 SEND\u0130KALAR VE \u00dcYELER\u0130M\u0130Z B\u00dcT\u00dcN BU FAYDALARDAN \u0130ST\u0130FADE EDECEK&#8221;<\/h3>\n\n\n\n<p>Sisteme sadece hekimlerin de\u011fil, t\u00fcm memurlar\u0131n dahil edilebilece\u011fini ve ilerleyen s\u00fcre\u00e7te borsaya a\u00e7\u0131larak hisse senedi sat\u0131\u015f\u0131 da yapmay\u0131 planlad\u0131klar\u0131n\u0131 aktaran Kurban, &#8220;Bizimle beraber olan herkes kazan\u00e7 sa\u011flayacak. Bizim \u015fahsi beklentimiz yok. Biz sadece hak aram\u0131yoruz. Ayn\u0131 zamanda \u00e7\u00f6z\u00fcm \u00fcretmeye \u00e7al\u0131\u015f\u0131yoruz. Bug\u00fcne kadar hangi sendika yasa tasla\u011f\u0131 haz\u0131rlam\u0131\u015f? Biz iki y\u0131l boyunca onca engelleme giri\u015fimi i\u00e7inde y\u00fczlerce toplant\u0131 yapt\u0131k, haz\u0131rlad\u0131\u011f\u0131m\u0131z kanun tasar\u0131s\u0131na t\u00fcm uzmanlar &#8216;M\u00fckemmel olmu\u015f&#8217; dediler. Basit bir \u00e7al\u0131\u015ftay \u00fcr\u00fcn\u00fc de\u011fildir ve emin olun ba\u015fka \u00fclkelerde bu \u00e7al\u0131\u015fmay\u0131 kullanacaklard\u0131r. Bili\u015fimde de lider sendikay\u0131z. Cep aplikasyonumuzun hala bir \u00f6rne\u011fi yok. Hadem adl\u0131 acil t\u0131p program\u0131m\u0131z\u0131n ilk versiyonu yay\u0131nland\u0131. Yak\u0131nda bunun d\u0131\u015f\u0131nda Tus s\u0131nav\u0131na haz\u0131rl\u0131k, canl\u0131 forum gibi b\u00f6l\u00fcmler eklenecek. Bu proje ayn\u0131 zamanda bir milli projedir. Hukukta da lider yap\u0131y\u0131z. Avukatlar\u0131m\u0131zla da gurur duyuyoruz. Konfederasyonumuz \u00fcyesi sendikalar ve \u00fcyelerimiz b\u00fct\u00fcn bu faydalardan istifade edecek. Amac\u0131m\u0131z sadece bir sendikal yap\u0131 de\u011fil, ayn\u0131 zamanda \u00fcyelerimizin ekonomik anlamda da g\u00fc\u00e7lenmesini sa\u011flayacak daha kapsay\u0131c\u0131 bir sistem kurmakt\u0131r&#8221; diye konu\u015ftu.&nbsp;<\/p>\n\n\n\n<p>Kaynak: \u0130hlas Haber Ajans\u0131<\/p>\n\n\n\n<p><\/p>\n","protected":false},"excerpt":{"rendered":"<p>Memur ve sa\u011fl\u0131k \u00e7al\u0131\u015fanlar\u0131n\u0131n ev ve ara\u00e7 gibi temel ihtiya\u00e7lar\u0131na faizsiz ve banka kredisiz ula\u015fabilmesi amac\u0131yla HEK\u0130MSEN taraf\u0131ndan ortak yat\u0131r\u0131ma dayal\u0131 yeni bir iktisadi sistem hayata ge\u00e7iriliyor. Toplu al\u0131mlar ve hazine ihaleleriyle maliyetlerin d\u00fc\u015f\u00fcr\u00fclmesinin hedeflendi\u011fi sistemden t\u00fcm memurlar yararlanabilecek. Hekim ve Di\u011fer Sa\u011fl\u0131k \u00c7al\u0131\u015fanlar\u0131 Kamu Sa\u011fl\u0131k ve Sosyal Hizmetler Sendikas\u0131 (HEK\u0130MSEN) taraf\u0131ndan planlanan bu yap\u0131yla, [&hellip;]<\/p>\n","protected":false},"author":1,"featured_media":11704,"comment_status":"open","ping_status":"open","sticky":false,"template":"","format":"standard","meta":{"footnotes":""},"categories":[7],"tags":[4960,4959,4958,4961],"class_list":["post-11703","post","type-post","status-publish","format-standard","has-post-thumbnail","hentry","category-ekonomi","tag-adil-kurban","tag-banka-kredisi","tag-hekimsen","tag-memur"],"_links":{"self":[{"href":"https:\/\/www.trabzonmanset.com\/index.php\/wp-json\/wp\/v2\/posts\/11703","targetHints":{"allow":["GET"]}}],"collection":[{"href":"https:\/\/www.trabzonmanset.com\/index.php\/wp-json\/wp\/v2\/posts"}],"about":[{"href":"https:\/\/www.trabzonmanset.com\/index.php\/wp-json\/wp\/v2\/types\/post"}],"author":[{"embeddable":true,"href":"https:\/\/www.trabzonmanset.com\/index.php\/wp-json\/wp\/v2\/users\/1"}],"replies":[{"embeddable":true,"href":"https:\/\/www.trabzonmanset.com\/index.php\/wp-json\/wp\/v2\/comments?post=11703"}],"version-history":[{"count":1,"href":"https:\/\/www.trabzonmanset.com\/index.php\/wp-json\/wp\/v2\/posts\/11703\/revisions"}],"predecessor-version":[{"id":11705,"href":"https:\/\/www.trabzonmanset.com\/index.php\/wp-json\/wp\/v2\/posts\/11703\/revisions\/11705"}],"wp:featuredmedia":[{"embeddable":true,"href":"https:\/\/www.trabzonmanset.com\/index.php\/wp-json\/wp\/v2\/media\/11704"}],"wp:attachment":[{"href":"https:\/\/www.trabzonmanset.com\/index.php\/wp-json\/wp\/v2\/media?parent=11703"}],"wp:term":[{"taxonomy":"category","embeddable":true,"href":"https:\/\/www.trabzonmanset.com\/index.php\/wp-json\/wp\/v2\/categories?post=11703"},{"taxonomy":"post_tag","embeddable":true,"href":"https:\/\/www.trabzonmanset.com\/index.php\/wp-json\/wp\/v2\/tags?post=11703"}],"curies":[{"name":"wp","href":"https:\/\/api.w.org\/{rel}","templated":true}]}}