{"id":11700,"date":"2026-04-27T19:10:00","date_gmt":"2026-04-27T16:10:00","guid":{"rendered":"https:\/\/www.trabzonmanset.com\/?p=11700"},"modified":"2026-04-27T19:47:26","modified_gmt":"2026-04-27T16:47:26","slug":"ayas-kaymakami-eligulden-chp-milletvekiline-tepki-cekecek-yanit","status":"publish","type":"post","link":"https:\/\/www.trabzonmanset.com\/index.php\/2026\/04\/27\/ayas-kaymakami-eligulden-chp-milletvekiline-tepki-cekecek-yanit\/","title":{"rendered":"Aya\u015f Kaymakam\u0131 Elig\u00fcl&#8217;den CHP milletvekiline tepki \u00e7ekecek yan\u0131t"},"content":{"rendered":"\n<p>Ankara&#8217;da 23 Nisan kutlamalar\u0131nda belediye bas\u0131n sorumlusunun t\u00f6ren alan\u0131na al\u0131nmad\u0131\u011f\u0131 iddias\u0131n\u0131n ard\u0131ndan yapt\u0131\u011f\u0131 payla\u015f\u0131m nedeniyle valili\u011fin soru\u015fturma ba\u015flatt\u0131\u011f\u0131 Aya\u015f Kaymakam\u0131 Muharrem Elig\u00fcl bu sefer yeni bir payla\u015f\u0131mla tepki \u00e7ekti. Elig\u00fcl, kendisini ele\u015ftiren CHP Ankara Milletvekili Umut Akdo\u011fan&#8217;a sosyal medyada &#8220;Kes lan&#8221; diyerek yan\u0131t verdi.<\/p>\n\n\n\n<p>Ankara <strong>Aya\u015f<\/strong>&#8216;ta 23 Nisan kutlamalar\u0131 s\u0131ras\u0131nda ya\u015fanan protokol kriziyle g\u00fcndeme gelen Kaymakam <strong>Muharrem Elig\u00fcl<\/strong>, kendisini ele\u015ftiren CHP Ankara Milletvekili Umut Akdo\u011fan\u2019a verdi\u011fi yan\u0131tla yeni bir tart\u0131\u015fman\u0131n fitilini ate\u015fledi.<\/p>\n\n\n\n<h3 class=\"wp-block-heading\">&#8220;KES LAN&#8221;<\/h3>\n\n\n\n<p>Milletvekilinin sosyal medya \u00fczerindeki ele\u015ftirilerine sert bir dille kar\u015f\u0131l\u0131k veren Elig\u00fcl, Akdo\u011fan\u2019a y\u00f6nelik &#8220;Kes lan&#8221; ifadesini kulland\u0131. Elig\u00fcl, tepkilerin oda\u011f\u0131 haline geldi.<\/p>\n\n\n\n<figure class=\"wp-block-image\"><img decoding=\"async\" src=\"https:\/\/foto.haberler.com\/haber\/2026\/04\/27\/ayas-kaymakami-eligulden-mille-19785711-5753_1_m.jpg\" alt=\"\"\/><\/figure>\n\n\n\n<p>Ankara Aya\u015f\u2019ta 23 Nisan kutlamalar\u0131nda belediye bas\u0131n sorumlusunun Kaymakaml\u0131k taraf\u0131ndan t\u00f6ren alan\u0131na al\u0131nmad\u0131\u011f\u0131 iddias\u0131 \u00fczerine Kaymakam Muharrem Elig\u00fcl hem T\u00fcrk\u00e7e hem de Arap\u00e7a olarak &#8220;Bismillahirrahmanirrahim&#8221; diyerek ba\u015flad\u0131\u011f\u0131 bir mesaj yay\u0131mlam\u0131\u015ft\u0131. Elig\u00fcl, mesaj\u0131 k\u0131sa s\u00fcre sonra silmi\u015fti.<\/p>\n\n\n\n<h3 class=\"wp-block-heading\">&#8220;ALLAH&#8217;IM BEN NE G\u00dcNAH ETT\u0130M DE&#8230;&#8221;<\/h3>\n\n\n\n<p>Elig\u00fcl, sildi\u011fi payla\u015f\u0131mda &#8220;Hz. Peygamberimizin m\u00fcjdesine nail olmu\u015f atam\u0131z Fatih Sultan Mehmet Han\u2019\u0131n t\u00fcrbesine edepsizlikle girip sandukas\u0131n\u0131 tekmelemek de ruh k\u00f6k\u00fc d\u0131\u015far\u0131da olanlar\u0131n t\u0131ynet ve cibilliyetinde vard\u0131r. Karanl\u0131k \u00e7evrelerin \u015fahs\u0131ma sald\u0131rmas\u0131 da elhamd\u00fclillah do\u011fru yolda oldu\u011fumun g\u00f6stergesidir. Aksi halde Allah\u0131m ben ne g\u00fcnah ettim de bunlar bana muhabbet besliyor diye \u00fcz\u00fcl\u00fcrd\u00fcm. Y\u00fcce Allah\u2019\u0131n rahmet ve selameti \u00fczerinize olsun&#8221; ifadelerini kullanm\u0131\u015ft\u0131.<\/p>\n\n\n\n<h3 class=\"wp-block-heading\">VAL\u0130L\u0130K: GEREKL\u0130 \u0130NCELEME BA\u015eLATILDI<\/h3>\n\n\n\n<p>Ankara Valili\u011fi, Aya\u015f Kaymakaml\u0131\u011f\u0131&#8217;n\u0131n payla\u015f\u0131m\u0131 hakk\u0131nda inceleme ba\u015flatm\u0131\u015ft\u0131. Valilikten yap\u0131lan a\u00e7\u0131klamada \u015fu ifadelere yer verilmi\u015fti: &#8220;Aya\u015f il\u00e7emizde 23 Nisan kutlama programlar\u0131 kapsam\u0131nda ya\u015fanan bir konuya dair Kaymakaml\u0131\u011f\u0131n sosyal medya arac\u0131l\u0131\u011f\u0131yla yapm\u0131\u015f oldu\u011fu a\u00e7\u0131klama ile ilgili olarak Valili\u011fimizce gerekli inceleme ba\u015flat\u0131lm\u0131\u015ft\u0131r. Kamuoyuna sayg\u0131yla duyurulur.&#8221;<\/p>\n\n\n\n<p><\/p>\n","protected":false},"excerpt":{"rendered":"<p>Ankara&#8217;da 23 Nisan kutlamalar\u0131nda belediye bas\u0131n sorumlusunun t\u00f6ren alan\u0131na al\u0131nmad\u0131\u011f\u0131 iddias\u0131n\u0131n ard\u0131ndan yapt\u0131\u011f\u0131 payla\u015f\u0131m nedeniyle valili\u011fin soru\u015fturma ba\u015flatt\u0131\u011f\u0131 Aya\u015f Kaymakam\u0131 Muharrem Elig\u00fcl bu sefer yeni bir payla\u015f\u0131mla tepki \u00e7ekti. Elig\u00fcl, kendisini ele\u015ftiren CHP Ankara Milletvekili Umut Akdo\u011fan&#8217;a sosyal medyada &#8220;Kes lan&#8221; diyerek yan\u0131t verdi. Ankara Aya\u015f&#8216;ta 23 Nisan kutlamalar\u0131 s\u0131ras\u0131nda ya\u015fanan protokol kriziyle g\u00fcndeme gelen [&hellip;]<\/p>\n","protected":false},"author":1,"featured_media":11701,"comment_status":"open","ping_status":"open","sticky":false,"template":"","format":"standard","meta":{"footnotes":""},"categories":[1],"tags":[4904,230,4955,283,4956,4957],"class_list":["post-11700","post","type-post","status-publish","format-standard","has-post-thumbnail","hentry","category-gundem","tag-23-nisan","tag-ankara","tag-ayas-kaymakami","tag-chp","tag-muharrem-eligul","tag-umut-akdogan"],"_links":{"self":[{"href":"https:\/\/www.trabzonmanset.com\/index.php\/wp-json\/wp\/v2\/posts\/11700","targetHints":{"allow":["GET"]}}],"collection":[{"href":"https:\/\/www.trabzonmanset.com\/index.php\/wp-json\/wp\/v2\/posts"}],"about":[{"href":"https:\/\/www.trabzonmanset.com\/index.php\/wp-json\/wp\/v2\/types\/post"}],"author":[{"embeddable":true,"href":"https:\/\/www.trabzonmanset.com\/index.php\/wp-json\/wp\/v2\/users\/1"}],"replies":[{"embeddable":true,"href":"https:\/\/www.trabzonmanset.com\/index.php\/wp-json\/wp\/v2\/comments?post=11700"}],"version-history":[{"count":1,"href":"https:\/\/www.trabzonmanset.com\/index.php\/wp-json\/wp\/v2\/posts\/11700\/revisions"}],"predecessor-version":[{"id":11702,"href":"https:\/\/www.trabzonmanset.com\/index.php\/wp-json\/wp\/v2\/posts\/11700\/revisions\/11702"}],"wp:featuredmedia":[{"embeddable":true,"href":"https:\/\/www.trabzonmanset.com\/index.php\/wp-json\/wp\/v2\/media\/11701"}],"wp:attachment":[{"href":"https:\/\/www.trabzonmanset.com\/index.php\/wp-json\/wp\/v2\/media?parent=11700"}],"wp:term":[{"taxonomy":"category","embeddable":true,"href":"https:\/\/www.trabzonmanset.com\/index.php\/wp-json\/wp\/v2\/categories?post=11700"},{"taxonomy":"post_tag","embeddable":true,"href":"https:\/\/www.trabzonmanset.com\/index.php\/wp-json\/wp\/v2\/tags?post=11700"}],"curies":[{"name":"wp","href":"https:\/\/api.w.org\/{rel}","templated":true}]}}