{"id":11697,"date":"2026-04-27T18:25:00","date_gmt":"2026-04-27T15:25:00","guid":{"rendered":"https:\/\/www.trabzonmanset.com\/?p=11697"},"modified":"2026-04-27T19:43:33","modified_gmt":"2026-04-27T16:43:33","slug":"pakistan-afganistani-topcu-atislariyla-vurmaya-basladi","status":"publish","type":"post","link":"https:\/\/www.trabzonmanset.com\/index.php\/2026\/04\/27\/pakistan-afganistani-topcu-atislariyla-vurmaya-basladi\/","title":{"rendered":"Pakistan, Afganistan&#8217;\u0131 top\u00e7u at\u0131\u015flar\u0131yla vurmaya ba\u015flad\u0131"},"content":{"rendered":"\n<p>Kom\u015fu \u00fclkeler Pakistan ile Afganistan aras\u0131ndaki \u00e7at\u0131\u015fmalar yeniden alevlendi. Pakistan, Afganistan&#8217;\u0131n Kunar b\u00f6lgesine top\u00e7u ve roket at\u0131\u015flar\u0131 ger\u00e7ekle\u015ftirmeye ba\u015flad\u0131. Sald\u0131r\u0131larda sivillerin hedef al\u0131nd\u0131\u011f\u0131 iddia edildi.<\/p>\n\n\n\n<p><strong>Pakistan<\/strong> ordusu, Afganistan\u2019\u0131n s\u0131n\u0131r b\u00f6lgesinde yer alan Kunar vilayetine y\u00f6nelik top\u00e7u ve roket sald\u0131r\u0131lar\u0131 ba\u015flatt\u0131. B\u00f6lgedeki yerel kaynaklar, sald\u0131r\u0131lar\u0131n son g\u00fcnlerde yo\u011funla\u015ft\u0131\u011f\u0131n\u0131 ve Pakistan taraf\u0131n\u0131n s\u0131n\u0131r \u00f6tesindeki militan s\u0131\u011f\u0131naklar\u0131n\u0131 hedef ald\u0131\u011f\u0131n\u0131 iddia etti.<\/p>\n\n\n\n<h3 class=\"wp-block-heading\">&#8220;S\u0130V\u0130L HALK HEDEF ALINIYOR&#8221; \u0130DD\u0130ASI<\/h3>\n\n\n\n<p>Ancak Afganistan y\u00f6netiminden yap\u0131lan a\u00e7\u0131klamalarda, f\u0131rlat\u0131lan roketlerin do\u011frudan yerle\u015fim yerlerine isabet etti\u011fi ve sivil halk\u0131n can g\u00fcvenli\u011finin tehlikede oldu\u011fu vurguland\u0131.&nbsp;\u0130ki \u00fclke aras\u0131ndaki gerilim, kar\u015f\u0131l\u0131kl\u0131 su\u00e7lamalar ve s\u0131n\u0131r g\u00fcvenli\u011fi tart\u0131\u015fmalar\u0131yla t\u0131rmanmaya devam ederken; uluslararas\u0131 g\u00f6zlemciler, artan \u015fiddetin b\u00f6lgedeki insani krizi derinle\u015ftirmesinden endi\u015fe ediyor. Taraflar aras\u0131ndaki diplomatik kanallar\u0131n ise \u015fu an i\u00e7in t\u0131kanma noktas\u0131na geldi\u011fi ifade ediliyor.<\/p>\n\n\n\n<h3 class=\"wp-block-heading\">PAK\u0130STAN-AFGAN\u0130STAN GER\u0130L\u0130M\u0130<\/h3>\n\n\n\n<p>Pakistan ve Afganistan aras\u0131ndaki gerilim, \u00f6zellikle 2025 ve 2026 y\u0131llar\u0131nda askeri \u00e7at\u0131\u015fmalar\u0131n ya\u015fand\u0131\u011f\u0131 bir &#8220;a\u00e7\u0131k sava\u015f&#8221; a\u015famas\u0131na ula\u015ft\u0131. Gerginli\u011fin temel nedeni, Pakistan&#8217;\u0131n kendi topraklar\u0131nda sald\u0131r\u0131lar d\u00fczenleyen Tehrik-i Taliban Pakistan (TTP) militanlar\u0131n\u0131n Afganistan taraf\u0131ndan bar\u0131nd\u0131r\u0131ld\u0131\u011f\u0131na ve desteklendi\u011fine dair su\u00e7lamalar\u0131 oldu.<\/p>\n\n\n\n<p>Pakistan bu tehdidi bertaraf etmek amac\u0131yla 2024 ve 2025 y\u0131llar\u0131nda Afganistan topraklar\u0131na hava operasyonlar\u0131 d\u00fczenlerken, Taliban y\u00f6netimi egemenlik haklar\u0131n\u0131n ihlal edildi\u011fini savunarak kar\u015f\u0131l\u0131k vermi\u015f; bu durum s\u0131n\u0131r b\u00f6lgelerinde yo\u011fun \u00e7at\u0131\u015fmalara ve sivil kay\u0131plara yol a\u00e7m\u0131\u015ft\u0131r.<\/p>\n\n\n\n<p>Krizin derinle\u015fmesinde g\u00fcvenlik sorunlar\u0131n\u0131n yan\u0131 s\u0131ra, tarihsel bir uyu\u015fmazl\u0131k olan ve Afganistan taraf\u0131ndan resmi olarak tan\u0131nmayan Durand Hatt\u0131 s\u0131n\u0131r meselesi ile Pakistan&#8217;daki milyonlarca Afgan m\u00fcltecinin zorla geri g\u00f6nderilmesi karar\u0131 da etkili oldu.<\/p>\n\n\n\n<p>Pakistan&#8217;\u0131n s\u0131n\u0131rlar\u0131 kapatarak uygulad\u0131\u011f\u0131 ekonomik bask\u0131lar ve Afganistan&#8217;\u0131n Hindistan ile yak\u0131nla\u015fmas\u0131, iki \u00fclke aras\u0131ndaki g\u00fcven bunal\u0131m\u0131n\u0131 daha da t\u0131rmand\u0131rd\u0131.&nbsp;<\/p>\n\n\n\n<p><\/p>\n","protected":false},"excerpt":{"rendered":"<p>Kom\u015fu \u00fclkeler Pakistan ile Afganistan aras\u0131ndaki \u00e7at\u0131\u015fmalar yeniden alevlendi. Pakistan, Afganistan&#8217;\u0131n Kunar b\u00f6lgesine top\u00e7u ve roket at\u0131\u015flar\u0131 ger\u00e7ekle\u015ftirmeye ba\u015flad\u0131. Sald\u0131r\u0131larda sivillerin hedef al\u0131nd\u0131\u011f\u0131 iddia edildi. Pakistan ordusu, Afganistan\u2019\u0131n s\u0131n\u0131r b\u00f6lgesinde yer alan Kunar vilayetine y\u00f6nelik top\u00e7u ve roket sald\u0131r\u0131lar\u0131 ba\u015flatt\u0131. B\u00f6lgedeki yerel kaynaklar, sald\u0131r\u0131lar\u0131n son g\u00fcnlerde yo\u011funla\u015ft\u0131\u011f\u0131n\u0131 ve Pakistan taraf\u0131n\u0131n s\u0131n\u0131r \u00f6tesindeki militan s\u0131\u011f\u0131naklar\u0131n\u0131 hedef [&hellip;]<\/p>\n","protected":false},"author":1,"featured_media":11698,"comment_status":"open","ping_status":"open","sticky":false,"template":"","format":"standard","meta":{"footnotes":""},"categories":[127],"tags":[801,4954,180],"class_list":["post-11697","post","type-post","status-publish","format-standard","has-post-thumbnail","hentry","category-dunya","tag-afganistan","tag-kunar-bolgesi","tag-pakistan"],"_links":{"self":[{"href":"https:\/\/www.trabzonmanset.com\/index.php\/wp-json\/wp\/v2\/posts\/11697","targetHints":{"allow":["GET"]}}],"collection":[{"href":"https:\/\/www.trabzonmanset.com\/index.php\/wp-json\/wp\/v2\/posts"}],"about":[{"href":"https:\/\/www.trabzonmanset.com\/index.php\/wp-json\/wp\/v2\/types\/post"}],"author":[{"embeddable":true,"href":"https:\/\/www.trabzonmanset.com\/index.php\/wp-json\/wp\/v2\/users\/1"}],"replies":[{"embeddable":true,"href":"https:\/\/www.trabzonmanset.com\/index.php\/wp-json\/wp\/v2\/comments?post=11697"}],"version-history":[{"count":1,"href":"https:\/\/www.trabzonmanset.com\/index.php\/wp-json\/wp\/v2\/posts\/11697\/revisions"}],"predecessor-version":[{"id":11699,"href":"https:\/\/www.trabzonmanset.com\/index.php\/wp-json\/wp\/v2\/posts\/11697\/revisions\/11699"}],"wp:featuredmedia":[{"embeddable":true,"href":"https:\/\/www.trabzonmanset.com\/index.php\/wp-json\/wp\/v2\/media\/11698"}],"wp:attachment":[{"href":"https:\/\/www.trabzonmanset.com\/index.php\/wp-json\/wp\/v2\/media?parent=11697"}],"wp:term":[{"taxonomy":"category","embeddable":true,"href":"https:\/\/www.trabzonmanset.com\/index.php\/wp-json\/wp\/v2\/categories?post=11697"},{"taxonomy":"post_tag","embeddable":true,"href":"https:\/\/www.trabzonmanset.com\/index.php\/wp-json\/wp\/v2\/tags?post=11697"}],"curies":[{"name":"wp","href":"https:\/\/api.w.org\/{rel}","templated":true}]}}