{"id":11690,"date":"2026-04-27T16:55:00","date_gmt":"2026-04-27T13:55:00","guid":{"rendered":"https:\/\/www.trabzonmanset.com\/?p=11690"},"modified":"2026-04-27T17:16:30","modified_gmt":"2026-04-27T14:16:30","slug":"otel-odasinda-sir-olum-kamera-detayi-kafa-karistirdi","status":"publish","type":"post","link":"https:\/\/www.trabzonmanset.com\/index.php\/2026\/04\/27\/otel-odasinda-sir-olum-kamera-detayi-kafa-karistirdi\/","title":{"rendered":"Otel odas\u0131nda s\u0131r \u00f6l\u00fcm! Kamera detay\u0131 kafa kar\u0131\u015ft\u0131rd\u0131"},"content":{"rendered":"\n<p>\u0130stanbul Fatih\u2019te otel odas\u0131nda \u00f6l\u00fc bulunan Ba\u015fak Schlosser\u2019\u0131n \u00f6l\u00fcm\u00fc \u015f\u00fcpheli olarak de\u011ferlendirilirken, kay\u0131p kamera kay\u0131tlar\u0131 ve \u00f6l\u00fcm\u00fcnden \u00f6nce yard\u0131m istemesi olay\u0131n ayd\u0131nlat\u0131lmas\u0131na y\u00f6nelik soru\u015fturmay\u0131 derinle\u015ftirdi.<\/p>\n\n\n\n<ul class=\"wp-block-list\">\n<li>Almanya&#8217;dan T\u00fcrkiye&#8217;ye tatile gelen Ba\u015fak Schlosser, \u0130stanbul Fatih&#8217;teki otel odas\u0131nda as\u0131l\u0131 halde \u00f6l\u00fc bulundu.<\/li>\n\n\n\n<li>Otel g\u00fcvenlik kameralar\u0131nda yakla\u015f\u0131k 9 saatlik kay\u0131t bulunamad\u0131, kay\u0131t cihaz\u0131na el konuldu.<\/li>\n\n\n\n<li>Schlosser, \u00f6l\u00fcm\u00fcnden iki g\u00fcn \u00f6nce bir i\u015f yerine s\u0131\u011f\u0131narak &#8216;Beni ka\u00e7\u0131rmaya \u00e7al\u0131\u015f\u0131yorlar&#8217; diyerek polisi aram\u0131\u015ft\u0131.<\/li>\n<\/ul>\n\n\n\n<p>Almanya\u2019dan T\u00fcrkiye\u2019ye tatile gelen Ba\u015fak Schlosser, \u0130stanbul Fatih\u2019te kald\u0131\u011f\u0131 otel odas\u0131nda \u00f6l\u00fc bulundu. Olayla ilgili ba\u015flat\u0131lan soru\u015fturmada dikkat \u00e7eken detaylar ortaya \u00e7\u0131kt\u0131.<\/p>\n\n\n\n<h3 class=\"wp-block-heading\">ODASINDA ASILI HALDE BULUNDU<\/h3>\n\n\n\n<p>Kumkap\u0131\u2019da bir otelde konaklayan gen\u00e7 kad\u0131ndan bir s\u00fcre <a href=\"https:\/\/www.haberler.com\/\"><strong>haber<\/strong><\/a> alamayan g\u00f6revliler odaya girdi. Schlosser, odada as\u0131l\u0131 halde bulundu. Adli tabip, \u00f6l\u00fcm\u00fc \u015f\u00fcpheli olarak de\u011ferlendirdi.<\/p>\n\n\n\n<h3 class=\"wp-block-heading\">ERKEK ARKADA\u015eIYLA OTELE GELD\u0130<\/h3>\n\n\n\n<p>Habert\u00fcrk&#8217;te yer alan habere g\u00f6re; Schlosser, otele yerle\u015ftikten bir g\u00fcn sonra d\u0131\u015far\u0131da vakit ge\u00e7irdi ve bir erkek arkada\u015f\u0131yla birlikte otele d\u00f6nd\u00fc. Bir s\u00fcre odada kalan \u015fah\u0131s daha sonra otelden ayr\u0131ld\u0131. Gen\u00e7 kad\u0131n\u0131n ertesi g\u00fcn \u00f6l\u00fc bulunmas\u0131 soru\u015fturman\u0131n seyrini de\u011fi\u015ftirdi.<\/p>\n\n\n\n<figure class=\"wp-block-image\"><img decoding=\"async\" src=\"https:\/\/foto.haberler.com\/haber\/2026\/04\/27\/alman-turist-otel-odasinda-olu-5a0d8cba40-2492_1_m.jpg\" alt=\"\"\/><\/figure>\n\n\n\n<h3 class=\"wp-block-heading\">9 SAATL\u0130K KAMERA KAYDI YOK<\/h3>\n\n\n\n<p>Soru\u015fturma kapsam\u0131nda otelin g\u00fcvenlik kameralar\u0131 incelendi ancak yakla\u015f\u0131k 9 saatlik g\u00f6r\u00fcnt\u00fcye ula\u015f\u0131lamad\u0131. Kay\u0131t cihaz\u0131na el konulurken, g\u00f6r\u00fcnt\u00fclerin silinmi\u015f olabilece\u011fi de\u011ferlendiriliyor.<\/p>\n\n\n\n<h3 class=\"wp-block-heading\">\u00d6L\u00dcMDEN \u00d6NCE YARDIM \u0130STEM\u0130\u015e<\/h3>\n\n\n\n<p>Gen\u00e7 kad\u0131n\u0131n \u00f6l\u00fcm\u00fcnden iki g\u00fcn \u00f6nce bir i\u015f yerine s\u0131\u011f\u0131narak yard\u0131m istedi\u011fi ortaya \u00e7\u0131kt\u0131. \u0130\u015f yeri sahibi, Schlosser\u2019\u0131n \u201cBeni ka\u00e7\u0131rmaya \u00e7al\u0131\u015f\u0131yorlar\u201d diyerek telefonda polisle g\u00f6r\u00fc\u015ft\u00fc\u011f\u00fcn\u00fc ifade etti.<\/p>\n\n\n\n<h3 class=\"wp-block-heading\">5 \u015e\u00dcPHEL\u0130 G\u00d6ZALTINA ALINDI<\/h3>\n\n\n\n<p>Polis ekipleri, otel sahibi, \u00e7al\u0131\u015fanlar ve gen\u00e7 kad\u0131nla son g\u00f6r\u00fclen bir ki\u015fiyi g\u00f6zalt\u0131na ald\u0131. \u015e\u00fcphelilerden DNA \u00f6rnekleri al\u0131n\u0131rken, ifadelerinin ard\u0131ndan serbest b\u0131rak\u0131ld\u0131klar\u0131 \u00f6\u011frenildi.<\/p>\n\n\n\n<h3 class=\"wp-block-heading\">SORU\u015eTURMA S\u00dcR\u00dcYOR<\/h3>\n\n\n\n<p>Olay\u0131n intihar m\u0131 yoksa cinayet mi oldu\u011fu ara\u015ft\u0131r\u0131l\u0131rken, soru\u015fturma \u00e7ok y\u00f6nl\u00fc olarak devam ediyor.<\/p>\n\n\n\n<p><\/p>\n","protected":false},"excerpt":{"rendered":"<p>\u0130stanbul Fatih\u2019te otel odas\u0131nda \u00f6l\u00fc bulunan Ba\u015fak Schlosser\u2019\u0131n \u00f6l\u00fcm\u00fc \u015f\u00fcpheli olarak de\u011ferlendirilirken, kay\u0131p kamera kay\u0131tlar\u0131 ve \u00f6l\u00fcm\u00fcnden \u00f6nce yard\u0131m istemesi olay\u0131n ayd\u0131nlat\u0131lmas\u0131na y\u00f6nelik soru\u015fturmay\u0131 derinle\u015ftirdi. Almanya\u2019dan T\u00fcrkiye\u2019ye tatile gelen Ba\u015fak Schlosser, \u0130stanbul Fatih\u2019te kald\u0131\u011f\u0131 otel odas\u0131nda \u00f6l\u00fc bulundu. Olayla ilgili ba\u015flat\u0131lan soru\u015fturmada dikkat \u00e7eken detaylar ortaya \u00e7\u0131kt\u0131. ODASINDA ASILI HALDE BULUNDU Kumkap\u0131\u2019da bir otelde konaklayan [&hellip;]<\/p>\n","protected":false},"author":1,"featured_media":11691,"comment_status":"open","ping_status":"open","sticky":false,"template":"","format":"standard","meta":{"footnotes":""},"categories":[1371,1],"tags":[1422,4951,4952,4950],"class_list":["post-11690","post","type-post","status-publish","format-standard","has-post-thumbnail","hentry","category-asayis","category-gundem","tag-almanya","tag-basak-schlosser","tag-istanbul-fatih","tag-otel"],"_links":{"self":[{"href":"https:\/\/www.trabzonmanset.com\/index.php\/wp-json\/wp\/v2\/posts\/11690","targetHints":{"allow":["GET"]}}],"collection":[{"href":"https:\/\/www.trabzonmanset.com\/index.php\/wp-json\/wp\/v2\/posts"}],"about":[{"href":"https:\/\/www.trabzonmanset.com\/index.php\/wp-json\/wp\/v2\/types\/post"}],"author":[{"embeddable":true,"href":"https:\/\/www.trabzonmanset.com\/index.php\/wp-json\/wp\/v2\/users\/1"}],"replies":[{"embeddable":true,"href":"https:\/\/www.trabzonmanset.com\/index.php\/wp-json\/wp\/v2\/comments?post=11690"}],"version-history":[{"count":1,"href":"https:\/\/www.trabzonmanset.com\/index.php\/wp-json\/wp\/v2\/posts\/11690\/revisions"}],"predecessor-version":[{"id":11692,"href":"https:\/\/www.trabzonmanset.com\/index.php\/wp-json\/wp\/v2\/posts\/11690\/revisions\/11692"}],"wp:featuredmedia":[{"embeddable":true,"href":"https:\/\/www.trabzonmanset.com\/index.php\/wp-json\/wp\/v2\/media\/11691"}],"wp:attachment":[{"href":"https:\/\/www.trabzonmanset.com\/index.php\/wp-json\/wp\/v2\/media?parent=11690"}],"wp:term":[{"taxonomy":"category","embeddable":true,"href":"https:\/\/www.trabzonmanset.com\/index.php\/wp-json\/wp\/v2\/categories?post=11690"},{"taxonomy":"post_tag","embeddable":true,"href":"https:\/\/www.trabzonmanset.com\/index.php\/wp-json\/wp\/v2\/tags?post=11690"}],"curies":[{"name":"wp","href":"https:\/\/api.w.org\/{rel}","templated":true}]}}