{"id":11684,"date":"2026-04-27T13:00:00","date_gmt":"2026-04-27T10:00:00","guid":{"rendered":"https:\/\/www.trabzonmanset.com\/?p=11684"},"modified":"2026-04-27T17:01:55","modified_gmt":"2026-04-27T14:01:55","slug":"turkiyenin-dev-otobus-firmasi-konkordato-ilan-etti","status":"publish","type":"post","link":"https:\/\/www.trabzonmanset.com\/index.php\/2026\/04\/27\/turkiyenin-dev-otobus-firmasi-konkordato-ilan-etti\/","title":{"rendered":"T\u00fcrkiye&#8217;nin dev otob\u00fcs firmas\u0131 konkordato ilan etti"},"content":{"rendered":"\n<p>Tekirda\u011f Asliye Ticaret Mahkemesi, Kale Otob\u00fcs Seyahat ve ba\u011flant\u0131l\u0131 \u015firketler i\u00e7in 3 ayl\u0131k ge\u00e7ici konkordato m\u00fchleti verdi. S\u00fcrecin takibi i\u00e7in \u00fc\u00e7 ki\u015filik komiser heyeti g\u00f6revlendirildi. Mahkeme ayr\u0131ca alacakl\u0131lara, karar\u0131n ilan\u0131ndan itibaren 7 g\u00fcn i\u00e7inde itiraz etme hakk\u0131 tan\u0131d\u0131. Bu s\u00fcrede konkordato \u015fartlar\u0131n\u0131n olu\u015fmad\u0131\u011f\u0131 ileri s\u00fcr\u00fclerek talebin reddi istenebilecek.<\/p>\n\n\n\n<p><strong>Tekirda\u011f<\/strong> Asliye Ticaret Mahkemesi, Kale Otob\u00fcs Seyahat ve ba\u011flant\u0131l\u0131 \u015firketler hakk\u0131nda 3 ayl\u0131k ge\u00e7ici konkordato m\u00fchleti verilmesine karar verdi.<\/p>\n\n\n\n<p>Mahkemenin karar\u0131 kapsam\u0131nda Kale Seyahat\u2019in yan\u0131 s\u0131ra Cemal Alir\u0131za \u00c7elebi, Bayraktar Saray Petrolc\u00fcl\u00fck, \u00c7elebiler Turizm Otomotiv, Grandtur Turizm ve Kale Express Seyahat \u015firketleri de ge\u00e7ici konkordato s\u00fcrecine dahil edildi.<\/p>\n\n\n\n<h3 class=\"wp-block-heading\">KOM\u0130SER HEYET\u0130 G\u00d6REVLEND\u0130R\u0130LD\u0130<\/h3>\n\n\n\n<p>Konkordato s\u00fcrecinin ba\u015far\u0131ya ula\u015f\u0131p ula\u015famayaca\u011f\u0131n\u0131n de\u011ferlendirilmesi amac\u0131yla, alacakl\u0131 say\u0131s\u0131 ve bor\u00e7 miktar\u0131 dikkate al\u0131narak \u00d6zkan Y\u0131lmaz, Koray \u00c7evik ve Aylin Karaka\u015f konkordato komiseri olarak g\u00f6revlendirildi.<\/p>\n\n\n\n<h3 class=\"wp-block-heading\">ALACAKLILARA 7 G\u00dcNL\u00dcK \u0130T\u0130RAZ S\u00dcRES\u0130<\/h3>\n\n\n\n<p>Mahkeme, alacakl\u0131lara da \u00f6nemli bir uyar\u0131da bulundu. \u0130cra ve \u0130flas Kanunu\u2019nun 288\u2019inci maddesi uyar\u0131nca, ge\u00e7ici m\u00fchlet karar\u0131n\u0131n Ticaret Sicil Gazetesi ve Bas\u0131n \u0130lan Kurumu\u2019nda yay\u0131mlanmas\u0131n\u0131n ard\u0131ndan alacakl\u0131lar\u0131n 7 g\u00fcn i\u00e7inde mahkemeye ba\u015fvurarak konkordato talebine itiraz edebilece\u011fi belirtildi.<\/p>\n\n\n\n<p>Bu s\u00fcre\u00e7te alacakl\u0131lar\u0131n, konkordato verilmesini gerektiren \u015fartlar\u0131n bulunmad\u0131\u011f\u0131n\u0131 delilleriyle birlikte sunarak talebin reddini isteyebilece\u011fi ifade edildi.<\/p>\n\n\n\n<p><\/p>\n","protected":false},"excerpt":{"rendered":"<p>Tekirda\u011f Asliye Ticaret Mahkemesi, Kale Otob\u00fcs Seyahat ve ba\u011flant\u0131l\u0131 \u015firketler i\u00e7in 3 ayl\u0131k ge\u00e7ici konkordato m\u00fchleti verdi. S\u00fcrecin takibi i\u00e7in \u00fc\u00e7 ki\u015filik komiser heyeti g\u00f6revlendirildi. Mahkeme ayr\u0131ca alacakl\u0131lara, karar\u0131n ilan\u0131ndan itibaren 7 g\u00fcn i\u00e7inde itiraz etme hakk\u0131 tan\u0131d\u0131. Bu s\u00fcrede konkordato \u015fartlar\u0131n\u0131n olu\u015fmad\u0131\u011f\u0131 ileri s\u00fcr\u00fclerek talebin reddi istenebilecek. Tekirda\u011f Asliye Ticaret Mahkemesi, Kale Otob\u00fcs Seyahat [&hellip;]<\/p>\n","protected":false},"author":1,"featured_media":11685,"comment_status":"open","ping_status":"open","sticky":false,"template":"","format":"standard","meta":{"footnotes":""},"categories":[7],"tags":[4945,4946,4944,4947,4943,1933],"class_list":["post-11684","post","type-post","status-publish","format-standard","has-post-thumbnail","hentry","category-ekonomi","tag-bayraktar-saray-petrolculuk","tag-celebiler-turizm-otomotiv","tag-cemal-aliriza-celebi","tag-grandtur-turizm","tag-kale-otobus-seyahat","tag-tekirdag"],"_links":{"self":[{"href":"https:\/\/www.trabzonmanset.com\/index.php\/wp-json\/wp\/v2\/posts\/11684","targetHints":{"allow":["GET"]}}],"collection":[{"href":"https:\/\/www.trabzonmanset.com\/index.php\/wp-json\/wp\/v2\/posts"}],"about":[{"href":"https:\/\/www.trabzonmanset.com\/index.php\/wp-json\/wp\/v2\/types\/post"}],"author":[{"embeddable":true,"href":"https:\/\/www.trabzonmanset.com\/index.php\/wp-json\/wp\/v2\/users\/1"}],"replies":[{"embeddable":true,"href":"https:\/\/www.trabzonmanset.com\/index.php\/wp-json\/wp\/v2\/comments?post=11684"}],"version-history":[{"count":1,"href":"https:\/\/www.trabzonmanset.com\/index.php\/wp-json\/wp\/v2\/posts\/11684\/revisions"}],"predecessor-version":[{"id":11686,"href":"https:\/\/www.trabzonmanset.com\/index.php\/wp-json\/wp\/v2\/posts\/11684\/revisions\/11686"}],"wp:featuredmedia":[{"embeddable":true,"href":"https:\/\/www.trabzonmanset.com\/index.php\/wp-json\/wp\/v2\/media\/11685"}],"wp:attachment":[{"href":"https:\/\/www.trabzonmanset.com\/index.php\/wp-json\/wp\/v2\/media?parent=11684"}],"wp:term":[{"taxonomy":"category","embeddable":true,"href":"https:\/\/www.trabzonmanset.com\/index.php\/wp-json\/wp\/v2\/categories?post=11684"},{"taxonomy":"post_tag","embeddable":true,"href":"https:\/\/www.trabzonmanset.com\/index.php\/wp-json\/wp\/v2\/tags?post=11684"}],"curies":[{"name":"wp","href":"https:\/\/api.w.org\/{rel}","templated":true}]}}