{"id":11678,"date":"2026-04-27T15:25:00","date_gmt":"2026-04-27T12:25:00","guid":{"rendered":"https:\/\/www.trabzonmanset.com\/?p=11678"},"modified":"2026-04-27T16:45:28","modified_gmt":"2026-04-27T13:45:28","slug":"gulistan-doku-sorusturmasinda-sicak-gelismeler-il-emniyet-muduru-ifade-veriyor-2-supheli-adliyeye-sevk-edildi","status":"publish","type":"post","link":"https:\/\/www.trabzonmanset.com\/index.php\/2026\/04\/27\/gulistan-doku-sorusturmasinda-sicak-gelismeler-il-emniyet-muduru-ifade-veriyor-2-supheli-adliyeye-sevk-edildi\/","title":{"rendered":"G\u00fclistan Doku soru\u015fturmas\u0131nda s\u0131cak geli\u015fmeler: \u0130l emniyet m\u00fcd\u00fcr\u00fc ifade veriyor, 2 \u015f\u00fcpheli adliyeye sevk edildi"},"content":{"rendered":"\n<p>G\u00fclistan Doku&#8217;nun hastane kay\u0131tlar\u0131n\u0131n silindi\u011fi iddialar\u0131yla ilgili g\u00f6zalt\u0131na al\u0131nan Tunceli Devlet Hastanesi bilgi i\u015flem g\u00f6revlileri Bur\u00e7in Yerlikaya ve Y\u00fccel Erdem, adliyeye sevk edildi. Doku soru\u015fturmas\u0131nda tutuklanan eski Tunceli Valisi Tuncay Sonel hakk\u0131nda y\u00fcr\u00fct\u00fclen soru\u015fturma kapsam\u0131nda eski Tunceli Emniyet M\u00fcd\u00fcr\u00fc Y\u0131lmaz Delen de sabah saatlerinde ifadeye \u00e7a\u011f\u0131r\u0131ld\u0131.<\/p>\n\n\n\n<p><strong>G\u00fclistan Doku<\/strong> ile ilgili soru\u015fturma kapsam\u0131nda g\u00f6zalt\u0131na al\u0131nan Tunceli Devlet Hastanesi bilgi i\u015flem g\u00f6revlileri Bur\u00e7in Yerlikaya ve Y\u00fccel Erdem jandarmada yap\u0131lan i\u015flemlerin ard\u0131ndan adliyeye sevk edildi.<\/p>\n\n\n\n<p>Tunceli&#8217;de 5 Ocak 2020&#8217;den bu yana kay\u0131p olan Munzur \u00dcniversitesi \u00c7ocuk Geli\u015fim B\u00f6l\u00fcm\u00fc 2. s\u0131n\u0131f \u00f6\u011frencisi G\u00fclistan Doku soru\u015fturmas\u0131 kapsam\u0131nda g\u00f6zalt\u0131na al\u0131nan 15 \u015f\u00fcpheliden 12&#8217;si tutuklan\u0131rken 3&#8217;\u00fcne ise adli kontrol karar\u0131 verilmi\u015fti. ABD&#8217;de bulunan firari \u015f\u00fcpheli Umut Alta\u015f hakk\u0131nda da Interpol nezdinde k\u0131rm\u0131z\u0131 b\u00fclten \u00e7\u0131kar\u0131lm\u0131\u015ft\u0131.<\/p>\n\n\n\n<figure class=\"wp-block-image\"><img decoding=\"async\" src=\"https:\/\/foto.haberler.com\/haber\/2026\/04\/27\/gulistan-doku-sorusturmasinda-19784612-4949_1_m.jpg\" alt=\"\"\/><\/figure>\n\n\n\n<h3 class=\"wp-block-heading\">HASTANE KAYITLARININ S\u0130L\u0130ND\u0130\u011e\u0130 \u0130DD\u0130ASI<\/h3>\n\n\n\n<p>Olayla ilgili Tunceli Cumhuriyet Savc\u0131l\u0131\u011f\u0131 taraf\u0131ndan \u00e7al\u0131\u015fmalar s\u00fcrerken, Doku&#8217;nun hastane kay\u0131tlar\u0131n\u0131n silindi\u011fi iddialar\u0131yla ilgili Tunceli Devlet Hastanesi bilgi i\u015flem g\u00f6revlileri Bur\u00e7in Yerlikaya ve Y\u00fccel Erdem hakk\u0131nda g\u00f6zalt\u0131, arama ve el koyma karar\u0131 verilmi\u015fti. G\u00f6zalt\u0131na al\u0131nan 2 \u015f\u00fcpheli, \u0130l Jandarma Komutanl\u0131\u011f\u0131nda tamamlanan ifadelerinin ard\u0131ndan bug\u00fcn adliyeye sevk edildi.<\/p>\n\n\n\n<p><img loading=\"lazy\" decoding=\"async\" width=\"300\" height=\"200\" src=\"https:\/\/foto.haberler.com\/haber\/2026\/04\/27\/gulistan-doku-sorusturmasinda-19784612-5984_1_m.jpg\" alt=\"Yalova Emniyet M\u00fcd\u00fcr\u00fc\u00a0Y\u0131lmaz Delen\"><\/p>\n\n\n\n<p>Yalova Emniyet M\u00fcd\u00fcr\u00fc\u00a0Y\u0131lmaz Delen<\/p>\n\n\n\n<h3 class=\"wp-block-heading\">\u0130L EMN\u0130YET M\u00dcD\u00dcR\u00dc \u0130FADEYE \u00c7A\u011eRILDI<\/h3>\n\n\n\n<p>\u00d6te yandan; Doku soru\u015fturmas\u0131nda tutuklanan eski Tunceli Valisi Tuncay Sonel hakk\u0131nda y\u00fcr\u00fct\u00fclen soru\u015fturma kapsam\u0131nda eski Tunceli Emniyet M\u00fcd\u00fcr\u00fc Y\u0131lmaz Delen, &#8216;tan\u0131k&#8217; s\u0131fat\u0131yla ifadeye \u00e7a\u011fr\u0131ld\u0131. \u015eu an Yalova Emniyet M\u00fcd\u00fcr\u00fc olan Delen&#8217;in, Erzurum&#8217;a geldi\u011fi ve adliyede ifade vermeye ba\u015flad\u0131\u011f\u0131 belirtildi.<\/p>\n\n\n\n<p><img loading=\"lazy\" decoding=\"async\" width=\"300\" height=\"200\" src=\"https:\/\/foto.haberler.com\/haber\/2026\/04\/27\/gulistan-doku-sorusturmasinda-19784612-8627_1_m.jpg\" alt=\"Eski Tunceli Valisi Tuncay Sonel soru\u015fturma kapsam\u0131nda tutuklanm\u0131\u015ft\u0131.\"><\/p>\n\n\n\n<p>Eski Tunceli Valisi Tuncay Sonel soru\u015fturma kapsam\u0131nda tutuklanm\u0131\u015ft\u0131.<\/p>\n\n\n\n<h3 class=\"wp-block-heading\">OLAYIN GE\u00c7M\u0130\u015e\u0130<\/h3>\n\n\n\n<p>Tunceli&#8217;de okuyan \u00fcniversite \u00f6\u011frencisi k\u0131zlar\u0131 G\u00fclistan Doku&#8217;dan (21) 5 Ocak 2020&#8217;den itibaren <a href=\"https:\/\/www.haberler.com\/\"><strong>haber<\/strong><\/a> alamayan ailesi, memleketleri Diyarbak\u0131r&#8217;dan Tunceli&#8217;ye gelerek 6 Ocak 2020&#8217;de emniyete kay\u0131p ba\u015fvurusunda bulunmu\u015f, ba\u015flat\u0131lan arama \u00e7al\u0131\u015fmalar\u0131ndan sonu\u00e7 elde edilememi\u015fti.<\/p>\n\n\n\n<p>Ula\u015f\u0131lan yeni bilgiler do\u011frultusunda Tunceli Cumhuriyet Ba\u015fsavc\u0131l\u0131\u011f\u0131nca &#8220;kasten \u00f6ld\u00fcrme&#8221;, &#8220;cinsel sald\u0131r\u0131&#8221;, &#8220;su\u00e7 delillerinin gizlenmesi-yok edilmesi&#8221;, &#8220;bili\u015fim sistemine hukuka ayk\u0131r\u0131 olarak girmek suretiyle verileri yok etme-bozma&#8221;, &#8220;ki\u015fiyi h\u00fcrriyetinden yoksun k\u0131lma&#8221;, &#8220;su\u00e7u bildirmeme&#8221; ve &#8220;su\u00e7luyu kay\u0131rma&#8221; su\u00e7lar\u0131ndan y\u00fcr\u00fct\u00fclen soru\u015fturma kapsam\u0131nda 15 \u015f\u00fcpheli g\u00f6zalt\u0131na al\u0131nm\u0131\u015ft\u0131.<\/p>\n\n\n\n<p>\u015e\u00fcphelilerden d\u00f6nemin Tunceli Valisi Tuncay Sonel, Tuncay Sonel&#8217;in o\u011flu Mustafa T\u00fcrkay Sonel, Doku&#8217;nun SIM kart\u0131ndaki verileri sildi\u011fi iddia edilen eski polis G\u00f6khan Ertok, hastane kay\u0131tlar\u0131n\u0131 sildi\u011fi iddia edilen d\u00f6nemin Tunceli Devlet Hastanesi Ba\u015fhekimi \u00c7a\u011fda\u015f \u00d6zdemir, eski Tunceli \u0130l \u00d6zel \u0130daresi \u00e7al\u0131\u015fan\u0131 Erdo\u011fan Elald\u0131, Celal Alta\u015f, Nur\u015fen Ar\u0131kan, Ferhat Hanedan G\u00fcven, Doku&#8217;nun erkek arkada\u015f\u0131 Zeinal Abakarov, annesi Cemile Y\u00fccer ve eski polis olan \u00fcvey babas\u0131 Engin Y\u00fccer ile Tuncay Sonel&#8217;in o d\u00f6nem koruma polisli\u011fini yapan \u015e\u00fckr\u00fc Ero\u011flu tutuklanm\u0131\u015f, U\u011furcan A. ile Munzur \u00dcniversitesinin g\u00fcvenlik kameralar\u0131ndan sorumlu Sava\u015f G. ve S\u00fcleyman \u00d6. haklar\u0131nda yurt d\u0131\u015f\u0131na \u00e7\u0131k\u0131\u015f yasa\u011f\u0131 karar\u0131 verilerek adli kontrol \u015fart\u0131yla serbest b\u0131rak\u0131lm\u0131\u015ft\u0131.<\/p>\n\n\n\n<p>Soru\u015fturma kapsam\u0131nda, yurt d\u0131\u015f\u0131nda oldu\u011fu tespit edilen firari \u015f\u00fcpheli Umut Alta\u015f i\u00e7in k\u0131rm\u0131z\u0131 b\u00fclten \u00e7\u0131kar\u0131lm\u0131\u015f, Tunceli Devlet Hastanesi&#8217;nin bilgi i\u015flem g\u00f6revlileri B.Y. ve Y.E. de g\u00f6zalt\u0131na al\u0131nm\u0131\u015ft\u0131.<\/p>\n\n\n\n<p>Kaynak: \u0130hlas Haber Ajans\u0131<\/p>\n\n\n\n<p><\/p>\n","protected":false},"excerpt":{"rendered":"<p>G\u00fclistan Doku&#8217;nun hastane kay\u0131tlar\u0131n\u0131n silindi\u011fi iddialar\u0131yla ilgili g\u00f6zalt\u0131na al\u0131nan Tunceli Devlet Hastanesi bilgi i\u015flem g\u00f6revlileri Bur\u00e7in Yerlikaya ve Y\u00fccel Erdem, adliyeye sevk edildi. Doku soru\u015fturmas\u0131nda tutuklanan eski Tunceli Valisi Tuncay Sonel hakk\u0131nda y\u00fcr\u00fct\u00fclen soru\u015fturma kapsam\u0131nda eski Tunceli Emniyet M\u00fcd\u00fcr\u00fc Y\u0131lmaz Delen de sabah saatlerinde ifadeye \u00e7a\u011f\u0131r\u0131ld\u0131. G\u00fclistan Doku ile ilgili soru\u015fturma kapsam\u0131nda g\u00f6zalt\u0131na al\u0131nan Tunceli [&hellip;]<\/p>\n","protected":false},"author":1,"featured_media":11679,"comment_status":"open","ping_status":"open","sticky":false,"template":"","format":"standard","meta":{"footnotes":""},"categories":[1371,1],"tags":[4938,4866,4867,2619,4939],"class_list":["post-11678","post","type-post","status-publish","format-standard","has-post-thumbnail","hentry","category-asayis","category-gundem","tag-burcin-yerlikaya","tag-gulistan-doku","tag-tuncay-sonel","tag-tunceli","tag-yucel-erdem"],"_links":{"self":[{"href":"https:\/\/www.trabzonmanset.com\/index.php\/wp-json\/wp\/v2\/posts\/11678","targetHints":{"allow":["GET"]}}],"collection":[{"href":"https:\/\/www.trabzonmanset.com\/index.php\/wp-json\/wp\/v2\/posts"}],"about":[{"href":"https:\/\/www.trabzonmanset.com\/index.php\/wp-json\/wp\/v2\/types\/post"}],"author":[{"embeddable":true,"href":"https:\/\/www.trabzonmanset.com\/index.php\/wp-json\/wp\/v2\/users\/1"}],"replies":[{"embeddable":true,"href":"https:\/\/www.trabzonmanset.com\/index.php\/wp-json\/wp\/v2\/comments?post=11678"}],"version-history":[{"count":1,"href":"https:\/\/www.trabzonmanset.com\/index.php\/wp-json\/wp\/v2\/posts\/11678\/revisions"}],"predecessor-version":[{"id":11680,"href":"https:\/\/www.trabzonmanset.com\/index.php\/wp-json\/wp\/v2\/posts\/11678\/revisions\/11680"}],"wp:featuredmedia":[{"embeddable":true,"href":"https:\/\/www.trabzonmanset.com\/index.php\/wp-json\/wp\/v2\/media\/11679"}],"wp:attachment":[{"href":"https:\/\/www.trabzonmanset.com\/index.php\/wp-json\/wp\/v2\/media?parent=11678"}],"wp:term":[{"taxonomy":"category","embeddable":true,"href":"https:\/\/www.trabzonmanset.com\/index.php\/wp-json\/wp\/v2\/categories?post=11678"},{"taxonomy":"post_tag","embeddable":true,"href":"https:\/\/www.trabzonmanset.com\/index.php\/wp-json\/wp\/v2\/tags?post=11678"}],"curies":[{"name":"wp","href":"https:\/\/api.w.org\/{rel}","templated":true}]}}