{"id":11672,"date":"2026-04-27T16:35:13","date_gmt":"2026-04-27T13:35:13","guid":{"rendered":"https:\/\/www.trabzonmanset.com\/?p=11672"},"modified":"2026-04-27T16:35:14","modified_gmt":"2026-04-27T13:35:14","slug":"malatyada-5-dakika-arayla-iki-deprem","status":"publish","type":"post","link":"https:\/\/www.trabzonmanset.com\/index.php\/2026\/04\/27\/malatyada-5-dakika-arayla-iki-deprem\/","title":{"rendered":"Malatya&#8217;da 5 dakika arayla iki deprem"},"content":{"rendered":"\n<p>Malatya&#8217;n\u0131n Battalgazi il\u00e7esinde be\u015f dakika i\u00e7inde 3.9 ve 4.4 b\u00fcy\u00fckl\u00fc\u011f\u00fcnde olmak \u00fczere iki ayr\u0131 deprem meydana geldi.<\/p>\n\n\n\n<p>Malatya iki depremle sars\u0131ld\u0131.&nbsp;Pe\u015f pe\u015fe meydana gelen depremler, saat 15.40 sular\u0131nda ger\u00e7ekle\u015fti.<\/p>\n\n\n\n<h3 class=\"wp-block-heading\">\u0130LK DEPREM\u0130N B\u00dcY\u00dcKL\u00dc\u011e\u00dc 3.9<\/h3>\n\n\n\n<p>Afet ve Acil Durum Y\u00f6netimi Ba\u015fkanl\u0131\u011f\u0131\u2019n\u0131n (AFAD) verilerine g\u00f6re ilk sars\u0131nt\u0131 saat 15.41\u2019de 3.9 b\u00fcy\u00fckl\u00fc\u011f\u00fcnde kaydedildi. Depremin yerin 13 kilometre derinli\u011finde ger\u00e7ekle\u015fti\u011fi bildirildi.<\/p>\n\n\n\n<figure class=\"wp-block-image\"><img decoding=\"async\" src=\"https:\/\/foto.haberler.com\/haber\/2026\/04\/27\/malatyada-5-dakika-arayla-iki-19785126-8353_1_m.jpg\" alt=\"\"\/><\/figure>\n\n\n\n<h3 class=\"wp-block-heading\">\u0130K\u0130NC\u0130 SARSINTI KORKUTTU<\/h3>\n\n\n\n<p>\u0130lk depremin ard\u0131ndan k\u0131sa s\u00fcre sonra ikinci bir sars\u0131nt\u0131 ya\u015fand\u0131. Merkez \u00fcss\u00fc Battalgazi olan depremin b\u00fcy\u00fckl\u00fc\u011f\u00fc 4.4 olarak \u00f6l\u00e7\u00fcl\u00fcrken, yerin 16,36 kilometre derinli\u011finde meydana geldi\u011fi a\u00e7\u0131kland\u0131.<\/p>\n\n\n\n<h3 class=\"wp-block-heading\">B\u0130NG\u00d6L VE MU\u015e&#8217;TA DA SARSINTILAR OLMU\u015eTU<\/h3>\n\n\n\n<p>\u00d6te yandan d\u00fcn (26 Nisan) Bing\u00f6l&#8217;\u00fcn Yedisu il\u00e7esinde 4.4 b\u00fcy\u00fckl\u00fc\u011f\u00fcnde, Mu\u015f&#8217;un Bulan\u0131k il\u00e7esi de 4,1&#8217;le salland\u0131.<\/p>\n\n\n\n<figure class=\"wp-block-image\"><img decoding=\"async\" src=\"https:\/\/foto.haberler.com\/haber\/2026\/04\/27\/malatyada-5-dakika-arayla-iki-19785126-5827_1_m.jpg\" alt=\"\"\/><\/figure>\n\n\n\n<p><\/p>\n\n\n\n<p><\/p>\n","protected":false},"excerpt":{"rendered":"<p>Malatya&#8217;n\u0131n Battalgazi il\u00e7esinde be\u015f dakika i\u00e7inde 3.9 ve 4.4 b\u00fcy\u00fckl\u00fc\u011f\u00fcnde olmak \u00fczere iki ayr\u0131 deprem meydana geldi. Malatya iki depremle sars\u0131ld\u0131.&nbsp;Pe\u015f pe\u015fe meydana gelen depremler, saat 15.40 sular\u0131nda ger\u00e7ekle\u015fti. \u0130LK DEPREM\u0130N B\u00dcY\u00dcKL\u00dc\u011e\u00dc 3.9 Afet ve Acil Durum Y\u00f6netimi Ba\u015fkanl\u0131\u011f\u0131\u2019n\u0131n (AFAD) verilerine g\u00f6re ilk sars\u0131nt\u0131 saat 15.41\u2019de 3.9 b\u00fcy\u00fckl\u00fc\u011f\u00fcnde kaydedildi. Depremin yerin 13 kilometre derinli\u011finde ger\u00e7ekle\u015fti\u011fi [&hellip;]<\/p>\n","protected":false},"author":1,"featured_media":11673,"comment_status":"open","ping_status":"open","sticky":false,"template":"","format":"standard","meta":{"footnotes":""},"categories":[1],"tags":[734,4936,862,3223],"class_list":["post-11672","post","type-post","status-publish","format-standard","has-post-thumbnail","hentry","category-gundem","tag-afad","tag-battalgazi","tag-deprem","tag-malatya"],"_links":{"self":[{"href":"https:\/\/www.trabzonmanset.com\/index.php\/wp-json\/wp\/v2\/posts\/11672","targetHints":{"allow":["GET"]}}],"collection":[{"href":"https:\/\/www.trabzonmanset.com\/index.php\/wp-json\/wp\/v2\/posts"}],"about":[{"href":"https:\/\/www.trabzonmanset.com\/index.php\/wp-json\/wp\/v2\/types\/post"}],"author":[{"embeddable":true,"href":"https:\/\/www.trabzonmanset.com\/index.php\/wp-json\/wp\/v2\/users\/1"}],"replies":[{"embeddable":true,"href":"https:\/\/www.trabzonmanset.com\/index.php\/wp-json\/wp\/v2\/comments?post=11672"}],"version-history":[{"count":1,"href":"https:\/\/www.trabzonmanset.com\/index.php\/wp-json\/wp\/v2\/posts\/11672\/revisions"}],"predecessor-version":[{"id":11674,"href":"https:\/\/www.trabzonmanset.com\/index.php\/wp-json\/wp\/v2\/posts\/11672\/revisions\/11674"}],"wp:featuredmedia":[{"embeddable":true,"href":"https:\/\/www.trabzonmanset.com\/index.php\/wp-json\/wp\/v2\/media\/11673"}],"wp:attachment":[{"href":"https:\/\/www.trabzonmanset.com\/index.php\/wp-json\/wp\/v2\/media?parent=11672"}],"wp:term":[{"taxonomy":"category","embeddable":true,"href":"https:\/\/www.trabzonmanset.com\/index.php\/wp-json\/wp\/v2\/categories?post=11672"},{"taxonomy":"post_tag","embeddable":true,"href":"https:\/\/www.trabzonmanset.com\/index.php\/wp-json\/wp\/v2\/tags?post=11672"}],"curies":[{"name":"wp","href":"https:\/\/api.w.org\/{rel}","templated":true}]}}