{"id":11167,"date":"2026-04-07T20:04:00","date_gmt":"2026-04-07T17:04:00","guid":{"rendered":"https:\/\/www.trabzonmanset.com\/?p=11167"},"modified":"2026-04-07T22:35:22","modified_gmt":"2026-04-07T19:35:22","slug":"229-kilometre-hizla-carparak-mevlut-ogretmenin-olumune-neden-olan-surucuye-21-yil-hapis-son-sozu-bu-oldu","status":"publish","type":"post","link":"https:\/\/www.trabzonmanset.com\/index.php\/2026\/04\/07\/229-kilometre-hizla-carparak-mevlut-ogretmenin-olumune-neden-olan-surucuye-21-yil-hapis-son-sozu-bu-oldu\/","title":{"rendered":"229 kilometre h\u0131zla \u00e7arparak Mevl\u00fct \u00f6\u011fretmenin \u00f6l\u00fcm\u00fcne neden olan s\u00fcr\u00fcc\u00fcye 21 y\u0131l hapis! Son s\u00f6z\u00fc bu oldu"},"content":{"rendered":"\n<p>Konya&#8217;da 229 kilometre h\u0131zla gitti\u011fi arac\u0131 ile k\u0131rm\u0131z\u0131 \u0131\u015f\u0131kta bekleyen otomobile \u00e7arparak \u00f6\u011fretmen Mevl\u00fct K\u00fclc\u00fc&#8217;n\u00fcn \u00f6l\u00fcm\u00fcne neden olan \u0130smail Anda\u00e7, 21 y\u0131l hapis cezas\u0131na \u00e7arpt\u0131r\u0131ld\u0131. Anda\u00e7, mahkemedeki son savunmas\u0131nda &#8220;Bilincim yerinde de\u011fildi. B\u00f6yle olaca\u011f\u0131n\u0131 bilsem frene basard\u0131m&#8221; dedi.<\/p>\n\n\n\n<p>Konya&#8217;da k\u0131rm\u0131z\u0131 \u0131\u015f\u0131kta bekleyen otomobile \u00e7arparak \u00f6\u011fretmen Mevl\u00fct K\u00fclc\u00fc&#8217;n\u00fcn (40) \u00f6l\u00fcm\u00fcne neden olan tutuklu san\u0131k \u0130smail Anda\u00e7 (41), 21 y\u0131l hapis cezas\u0131na \u00e7arpt\u0131r\u0131ld\u0131.&nbsp;<\/p>\n\n\n\n<p>Kaza, 3 Ekim 2025&#8217;te saat 13.30 s\u0131ralar\u0131nda Meram il\u00e7esi Antalya \u00c7evreyolu Caddesi&#8217;nde meydana geldi. Mehmet Akif \u0130nan Anadolu Lisesi&#8217;nde g\u00f6revli kimya \u00f6\u011fretmeni Mevl\u00fct K\u00fclc\u00fc&#8217;n\u00fcn cuma namaz\u0131na gitmek i\u00e7in yola \u00e7\u0131kt\u0131\u011f\u0131 otomobiline, k\u0131rm\u0131z\u0131 \u0131\u015f\u0131kta, \u0130smail Anda\u00e7&#8217;\u0131n kulland\u0131\u011f\u0131 otomobil arkadan \u00e7arpt\u0131. \u0130kiye b\u00f6l\u00fcnen otomobildeki K\u00fclc\u00fc hayat\u0131n\u0131 kaybetti, Anda\u00e7 yaraland\u0131. 2 \u00e7ocuk babas\u0131 Mevl\u00fct K\u00fclc\u00fc, Ilg\u0131n il\u00e7esinde topra\u011fa verildi. Anda\u00e7 ise tedavisinin ard\u0131ndan tutukland\u0131.<\/p>\n\n\n\n<h3 class=\"wp-block-heading\">229 K\u0130LOMETRE HIZLA \u00c7ARPTI\u011eI TESP\u0130T ED\u0130LD\u0130<\/h3>\n\n\n\n<p>\u0130smail Anda\u00e7&#8217;\u0131n kulland\u0131\u011f\u0131 otomobilin h\u0131z\u0131, fren izi olmamas\u0131 nedeniyle Konya Emniyet M\u00fcd\u00fcrl\u00fc\u011f\u00fc Trafik Denetleme \u015eubesi ekipleri taraf\u0131ndan kav\u015faktaki kamera kay\u0131tlar\u0131ndan tespit edildi. Ekipler, Anda\u00e7&#8217;\u0131n otomobilinin kamera a\u00e7\u0131s\u0131na girdi\u011fi andan, Mevl\u00fct K\u00fclc\u00fc&#8217;n\u00fcn arac\u0131na \u00e7arpt\u0131\u011f\u0131 ana kadar ki mesafenin 207 metre oldu\u011fu ve otomobilin bu mesafeyi 3,5 saniyede katetti\u011fini saptad\u0131. Bu veriler \u00fczerinden Anda\u00e7&#8217;\u0131n kulland\u0131\u011f\u0131 arac\u0131n h\u0131z\u0131n\u0131n 229 kilometre oldu\u011fu hesapland\u0131. Anda\u00e7&#8217;\u0131n kazadan hemen \u00f6nce 2 kez de k\u0131rm\u0131z\u0131 \u0131\u015f\u0131k ihlali yapt\u0131\u011f\u0131 belirlendi. Ayr\u0131ca Anda\u00e7&#8217;\u0131n kan ve idrar testinde, kannabinoid ad\u0131 verilen uyu\u015fturucu madde bulundu\u011fu tespit edildi.<\/p>\n\n\n\n<figure class=\"wp-block-image\"><img decoding=\"async\" src=\"https:\/\/foto.haberler.com\/haber\/2026\/04\/07\/229-kilometre-hizla-carparak-m-19725887-2782_1_m.jpg\" alt=\"\"\/><\/figure>\n\n\n\n<h3 class=\"wp-block-heading\">&#8220;B\u00d6YLE OLACA\u011eINI B\u0130LSEM FRENE BASARDIM&#8221;<\/h3>\n\n\n\n<p>Konya 3&#8217;\u00fcnc\u00fc A\u011f\u0131r Ceza Mahkemesi&#8217;nde yarg\u0131lanan \u0130smail Anda\u00e7, bug\u00fcn karar duru\u015fmas\u0131nda hakim kar\u015f\u0131s\u0131na \u00e7\u0131kt\u0131. Duru\u015fmaya kat\u0131lan Mevl\u00fct K\u00fclc\u00fc&#8217;n\u00fcn e\u015fi Ba\u015fak K\u00fclc\u00fc, \u015fikayet\u00e7i oldu\u011funu ve san\u0131\u011f\u0131n en a\u011f\u0131r cezay\u0131 almas\u0131n\u0131 talep etti\u011fini belirtti.<\/p>\n\n\n\n<p>\u0130smail Anda\u00e7 ise son savunmas\u0131nda, &#8220;Bilincim yerinde de\u011fildi. B\u00f6yle olaca\u011f\u0131n\u0131 bilsem frene basard\u0131m&#8221; dedi.&nbsp;Mahkeme heyeti, \u0130smail Anda\u00e7&#8217;\u0131, &#8216;Olas\u0131 kastla \u00f6ld\u00fcrme&#8217; su\u00e7undan 21 y\u0131l hapis cezas\u0131na \u00e7arpt\u0131rd\u0131.<\/p>\n\n\n\n<figure class=\"wp-block-image\"><img decoding=\"async\" src=\"https:\/\/foto.haberler.com\/haber\/2026\/04\/07\/229-kilometre-hizla-carparak-m-19725887-8237_2_m.jpg\" alt=\"\"\/><\/figure>\n\n\n\n<figure class=\"wp-block-image\"><img decoding=\"async\" src=\"https:\/\/foto.haberler.com\/haber\/2026\/04\/07\/229-kilometre-hizla-carparak-m-19725887-1106_3_m.jpg\" alt=\"\"\/><\/figure>\n\n\n\n<p>Kaynak: Demir\u00f6ren Haber Ajans\u0131<\/p>\n\n\n\n<p><\/p>\n","protected":false},"excerpt":{"rendered":"<p>Konya&#8217;da 229 kilometre h\u0131zla gitti\u011fi arac\u0131 ile k\u0131rm\u0131z\u0131 \u0131\u015f\u0131kta bekleyen otomobile \u00e7arparak \u00f6\u011fretmen Mevl\u00fct K\u00fclc\u00fc&#8217;n\u00fcn \u00f6l\u00fcm\u00fcne neden olan \u0130smail Anda\u00e7, 21 y\u0131l hapis cezas\u0131na \u00e7arpt\u0131r\u0131ld\u0131. Anda\u00e7, mahkemedeki son savunmas\u0131nda &#8220;Bilincim yerinde de\u011fildi. B\u00f6yle olaca\u011f\u0131n\u0131 bilsem frene basard\u0131m&#8221; dedi. Konya&#8217;da k\u0131rm\u0131z\u0131 \u0131\u015f\u0131kta bekleyen otomobile \u00e7arparak \u00f6\u011fretmen Mevl\u00fct K\u00fclc\u00fc&#8217;n\u00fcn (40) \u00f6l\u00fcm\u00fcne neden olan tutuklu san\u0131k \u0130smail Anda\u00e7 [&hellip;]<\/p>\n","protected":false},"author":1,"featured_media":11168,"comment_status":"open","ping_status":"open","sticky":false,"template":"","format":"standard","meta":{"footnotes":""},"categories":[1],"tags":[4785,2778,4784],"class_list":["post-11167","post","type-post","status-publish","format-standard","has-post-thumbnail","hentry","category-gundem","tag-ismail-andac","tag-konya-haber","tag-mevlut-kulcu"],"_links":{"self":[{"href":"https:\/\/www.trabzonmanset.com\/index.php\/wp-json\/wp\/v2\/posts\/11167","targetHints":{"allow":["GET"]}}],"collection":[{"href":"https:\/\/www.trabzonmanset.com\/index.php\/wp-json\/wp\/v2\/posts"}],"about":[{"href":"https:\/\/www.trabzonmanset.com\/index.php\/wp-json\/wp\/v2\/types\/post"}],"author":[{"embeddable":true,"href":"https:\/\/www.trabzonmanset.com\/index.php\/wp-json\/wp\/v2\/users\/1"}],"replies":[{"embeddable":true,"href":"https:\/\/www.trabzonmanset.com\/index.php\/wp-json\/wp\/v2\/comments?post=11167"}],"version-history":[{"count":1,"href":"https:\/\/www.trabzonmanset.com\/index.php\/wp-json\/wp\/v2\/posts\/11167\/revisions"}],"predecessor-version":[{"id":11169,"href":"https:\/\/www.trabzonmanset.com\/index.php\/wp-json\/wp\/v2\/posts\/11167\/revisions\/11169"}],"wp:featuredmedia":[{"embeddable":true,"href":"https:\/\/www.trabzonmanset.com\/index.php\/wp-json\/wp\/v2\/media\/11168"}],"wp:attachment":[{"href":"https:\/\/www.trabzonmanset.com\/index.php\/wp-json\/wp\/v2\/media?parent=11167"}],"wp:term":[{"taxonomy":"category","embeddable":true,"href":"https:\/\/www.trabzonmanset.com\/index.php\/wp-json\/wp\/v2\/categories?post=11167"},{"taxonomy":"post_tag","embeddable":true,"href":"https:\/\/www.trabzonmanset.com\/index.php\/wp-json\/wp\/v2\/tags?post=11167"}],"curies":[{"name":"wp","href":"https:\/\/api.w.org\/{rel}","templated":true}]}}