{"id":11157,"date":"2026-04-07T19:11:00","date_gmt":"2026-04-07T16:11:00","guid":{"rendered":"https:\/\/www.trabzonmanset.com\/?p=11157"},"modified":"2026-04-07T22:14:30","modified_gmt":"2026-04-07T19:14:30","slug":"besiktastan-trabzonsporu-cildirtacak-hamle","status":"publish","type":"post","link":"https:\/\/www.trabzonmanset.com\/index.php\/2026\/04\/07\/besiktastan-trabzonsporu-cildirtacak-hamle\/","title":{"rendered":"Be\u015fikta\u015f&#8217;tan Trabzonspor&#8217;u \u00e7\u0131ld\u0131rtacak hamle!"},"content":{"rendered":"\n<p>Be\u015fikta\u015f&#8217;\u0131n Manchester United&#8217;\u0131n Trabzonspor&#8217;da kiral\u0131k olarak forma giyen kalecisi Andre Onana ile ilgilendi\u011fi iddia edildi.<\/p>\n\n\n\n<p>Trabzonspor&#8217;da kiral\u0131k olarak forma giyen Kamerunlu file bek\u00e7isi Andre Onana, sezon sonu yeninde \u0130ngiliz ekibine geri d\u00f6nmek istiyor.&nbsp;<br><br>Manchester United ise s\u00f6zle\u015fmesinin bitmesine iki y\u0131l kalan ve haftal\u0131k 120 bin sterlin kazanan Onana&#8217;y\u0131 kadroda d\u00fc\u015f\u00fcnm\u00fcyor.&nbsp;<br><br><img decoding=\"async\" src=\"https:\/\/i12.haber7.net\/\/haber\/haber7\/photos\/2026\/15\/FiEJb_1775580713_0627.jpg\"><br><br><strong>Y\u00dcKSEK MAA\u015eLI YEDEK KALEC\u0130 \u0130STEM\u0130YORLAR<\/strong><br><br>\u0130ngiliz devinin maa\u015f giderlerini d\u00fc\u015f\u00fcrmek istedi\u011fi i\u00e7in Onana&#8217;y\u0131 tak\u0131mda d\u00fc\u015f\u00fcnmedi\u011fi belirtildi. Ge\u00e7en yaz 21 milyon Euro&#8217;ya transfer olan Senne Lammers ise teknik heyetin g\u00fcvenini kazanm\u0131\u015f durumda. Yeni sezonda da Manchester United&#8217;\u0131n birinci kalecisi Lammers olacak.<br><br>Manchester ekibi ise y\u00fcksek maa\u015fl\u0131 bir yedek kalecinin kadroda yer almas\u0131n\u0131n mant\u0131kl\u0131 olmad\u0131\u011f\u0131n\u0131 d\u00fc\u015f\u00fcnerek Onana&#8217;y\u0131 kal\u0131c\u0131 ya da kiral\u0131k olarak ba\u015fka bir tak\u0131ma g\u00f6ndermeyi planl\u0131yor.&nbsp;<br><br><img decoding=\"async\" src=\"https:\/\/i12.haber7.net\/\/haber\/haber7\/photos\/2026\/15\/zo5eo_1775580755_3998.jpg\"><br><br><strong>TRABZONSPOR VE BE\u015e\u0130KTA\u015e, ONANA&#8217;NIN PE\u015e\u0130NDE<\/strong><br><br>\u0130ngiliz bas\u0131n\u0131ndan Daily Mail&#8217;in haberine g\u00f6re Trabzonspor, Andre Onana&#8217;y\u0131 kadrosunda tutmak istiyor. Ayn\u0131 haberde bir ba\u015fka S\u00fcper Lig ekibi Be\u015fikta\u015f&#8217;\u0131n da Onana&#8217;ya ilgisi oldu\u011fu belirtildi.&nbsp;<br><br>Manchester United, Monaco ve Suudi Arabistan&#8217;dan baz\u0131 tak\u0131mlar\u0131n ilgi duydu\u011fu Andre Onana&#8217;dan 30 milyon sterlinlik bir bonservis geliri hedefliyor.&nbsp;<br><br><img decoding=\"async\" src=\"https:\/\/i12.haber7.net\/\/haber\/haber7\/photos\/2026\/15\/pag86_1775580770_9272.jpg\"><br><br><strong>ALTAY BAYINDIR TRANSFER\u0130 DAHA OLASI G\u00d6Z\u00dcK\u00dcYOR<\/strong><br><br>Yine ayn\u0131 haberde Manchester United&#8217;\u0131n ikinci kalecisi Altay Bay\u0131nd\u0131r&#8217;\u0131n da yaz transfer d\u00f6neminde tak\u0131mdan ayr\u0131lma ihtimalinin oldu\u011fu bilgisi yer ald\u0131.<br><br>\u0130ngiliz ekibi ocak ay\u0131nda transfer d\u00f6neminin bitmesine k\u0131sa bir s\u00fcre kald\u0131\u011f\u0131 i\u00e7in yedek kaleci bulman\u0131n zor oldu\u011fu gerek\u00e7esiyle Be\u015fikta\u015f&#8217;\u0131n teklifini reddetmi\u015fti. Haberde bu transferin yaz\u0131n daha olas\u0131 oldu\u011fu aktar\u0131ld\u0131.<br><br><img decoding=\"async\" src=\"https:\/\/i12.haber7.net\/\/haber\/haber7\/photos\/2026\/15\/BzC0Q_1775580794_8638.jpg\"><\/p>\n","protected":false},"excerpt":{"rendered":"<p>Be\u015fikta\u015f&#8217;\u0131n Manchester United&#8217;\u0131n Trabzonspor&#8217;da kiral\u0131k olarak forma giyen kalecisi Andre Onana ile ilgilendi\u011fi iddia edildi. Trabzonspor&#8217;da kiral\u0131k olarak forma giyen Kamerunlu file bek\u00e7isi Andre Onana, sezon sonu yeninde \u0130ngiliz ekibine geri d\u00f6nmek istiyor.&nbsp; Manchester United ise s\u00f6zle\u015fmesinin bitmesine iki y\u0131l kalan ve haftal\u0131k 120 bin sterlin kazanan Onana&#8217;y\u0131 kadroda d\u00fc\u015f\u00fcnm\u00fcyor.&nbsp; Y\u00dcKSEK MAA\u015eLI YEDEK KALEC\u0130 \u0130STEM\u0130YORLAR [&hellip;]<\/p>\n","protected":false},"author":1,"featured_media":11158,"comment_status":"open","ping_status":"open","sticky":false,"template":"","format":"standard","meta":{"footnotes":""},"categories":[14],"tags":[750,915,4780,448],"class_list":["post-11157","post","type-post","status-publish","format-standard","has-post-thumbnail","hentry","category-spor","tag-andre-onana","tag-besiktas","tag-manchester-united","tag-trabzonspor"],"_links":{"self":[{"href":"https:\/\/www.trabzonmanset.com\/index.php\/wp-json\/wp\/v2\/posts\/11157","targetHints":{"allow":["GET"]}}],"collection":[{"href":"https:\/\/www.trabzonmanset.com\/index.php\/wp-json\/wp\/v2\/posts"}],"about":[{"href":"https:\/\/www.trabzonmanset.com\/index.php\/wp-json\/wp\/v2\/types\/post"}],"author":[{"embeddable":true,"href":"https:\/\/www.trabzonmanset.com\/index.php\/wp-json\/wp\/v2\/users\/1"}],"replies":[{"embeddable":true,"href":"https:\/\/www.trabzonmanset.com\/index.php\/wp-json\/wp\/v2\/comments?post=11157"}],"version-history":[{"count":1,"href":"https:\/\/www.trabzonmanset.com\/index.php\/wp-json\/wp\/v2\/posts\/11157\/revisions"}],"predecessor-version":[{"id":11159,"href":"https:\/\/www.trabzonmanset.com\/index.php\/wp-json\/wp\/v2\/posts\/11157\/revisions\/11159"}],"wp:featuredmedia":[{"embeddable":true,"href":"https:\/\/www.trabzonmanset.com\/index.php\/wp-json\/wp\/v2\/media\/11158"}],"wp:attachment":[{"href":"https:\/\/www.trabzonmanset.com\/index.php\/wp-json\/wp\/v2\/media?parent=11157"}],"wp:term":[{"taxonomy":"category","embeddable":true,"href":"https:\/\/www.trabzonmanset.com\/index.php\/wp-json\/wp\/v2\/categories?post=11157"},{"taxonomy":"post_tag","embeddable":true,"href":"https:\/\/www.trabzonmanset.com\/index.php\/wp-json\/wp\/v2\/tags?post=11157"}],"curies":[{"name":"wp","href":"https:\/\/api.w.org\/{rel}","templated":true}]}}