{"id":11154,"date":"2026-04-07T19:04:00","date_gmt":"2026-04-07T16:04:00","guid":{"rendered":"https:\/\/www.trabzonmanset.com\/?p=11154"},"modified":"2026-04-07T22:07:50","modified_gmt":"2026-04-07T19:07:50","slug":"iran-bu-gece-yok-olacak-diyen-trumptan-yeni-aciklama","status":"publish","type":"post","link":"https:\/\/www.trabzonmanset.com\/index.php\/2026\/04\/07\/iran-bu-gece-yok-olacak-diyen-trumptan-yeni-aciklama\/","title":{"rendered":"&#8220;\u0130ran bu gece yok olacak&#8221; diyen Trump&#8217;tan yeni a\u00e7\u0131klama"},"content":{"rendered":"\n<p>&#8220;\u0130ran medeniyeti bu gece yok olacak&#8221; tehdidiyle t\u00fcm d\u00fcnyay\u0131 tedirgin bir bekleyi\u015fe sokan ABD Ba\u015fkan\u0131 Donald Trump&#8217;tan yeni a\u00e7\u0131klama geldi. Trump, &#8220;Bug\u00fcn m\u00fczakerelerde ilerleme olursa ve somut bir sonu\u00e7 \u00e7\u0131karsa, bu durum de\u011fi\u015febilir&#8221; ifadelerini kulland\u0131.<\/p>\n\n\n\n<ul class=\"wp-block-list\">\n<li>ABD Ba\u015fkan\u0131 Donald Trump, \u0130ran ile anla\u015fmaya var\u0131lmamas\u0131 durumunda T\u00fcrkiye saati ile 03.00 sonras\u0131nda \u0130ran&#8217;a yo\u011fun hava sald\u0131r\u0131lar\u0131 d\u00fczenlemeye haz\u0131r oldu\u011funu teyit etti.<\/li>\n\n\n\n<li>Trump, m\u00fczakerelerde ilerleme olursa ve somut bir sonu\u00e7 \u00e7\u0131karsa sald\u0131r\u0131 durumunun de\u011fi\u015febilece\u011fini belirtti.<\/li>\n\n\n\n<li>ABD Ba\u015fkan Yard\u0131mc\u0131s\u0131 James David Vance, \u0130ran&#8217;\u0131n H\u00fcrm\u00fcz Bo\u011faz\u0131&#8217;nda ekonomik ac\u0131 olu\u015fturmaya \u00e7al\u0131\u015ft\u0131\u011f\u0131n\u0131 ve ABD&#8217;nin daha fazla ac\u0131 verme kapasitesi oldu\u011funu s\u00f6yledi.<\/li>\n<\/ul>\n\n\n\n<p><strong>Abd Ba\u015fkan\u0131<\/strong> <strong>Donald Trump<\/strong>, \u0130ran ile herhangi bir anla\u015fmaya var\u0131lmamas\u0131 durumunda T\u00fcrkiye saati ile 03.00 sonras\u0131nda \u00fclkeye y\u00f6nelik yo\u011fun hava sald\u0131r\u0131lar\u0131 d\u00fczenlemeye y\u00f6nelik haz\u0131rl\u0131klar\u0131n\u0131 teyit ederken, &#8220;Bug\u00fcn m\u00fczakerelerde ilerleme olursa ve somut bir sonu\u00e7 \u00e7\u0131karsa, bu durum de\u011fi\u015febilir&#8221; dedi.<\/p>\n\n\n\n<h3 class=\"wp-block-heading\">TRUMP&#8217;TAN &#8220;\u0130RAN&#8217;I YOK EDECE\u011e\u0130Z&#8221; TEHD\u0130D\u0130<\/h3>\n\n\n\n<p>H\u00fcrm\u00fcz Bo\u011faz\u0131&#8217;n\u0131n a\u00e7\u0131lmas\u0131 konusunda \u0130ran&#8217;a s\u00fcre verip 5 Nisan&#8217;da, &#8220;Sal\u0131 g\u00fcn\u00fc ABD Do\u011fu Yakas\u0131 saatiyle 20.00\u2019ye kadar (T\u00fcrkiye saatiyle 8 Nisan \u00c7ar\u015famba 03.00)&#8221; a\u00e7\u0131klamas\u0131n\u0131 yapan ABD Ba\u015fkan\u0131 Donald Trump son a\u00e7\u0131klamas\u0131yla Orta Do\u011fu&#8217;yu alarma ge\u00e7irdi. S\u00fcrenin bitmesine saatler kala, &#8220;Bu gece koca bir medeniyet yok olacak ve bir daha asla geri getirilmeyecek. Bunun olmas\u0131n\u0131 istemiyorum ama muhtemelen olacak&#8221; dedi.<\/p>\n\n\n\n<p>Trump, ABD merkezli <strong>haber<\/strong> kanal\u0131 Fox News&#8217;e \u0130ran&#8217;a y\u00f6nelik gece saatlerinde d\u00fczenlenmesi beklenen sald\u0131r\u0131ya ili\u015fkin a\u00e7\u0131klama yapt\u0131. Fox News sunucusu Bret Baier ile telefon konu\u015fmas\u0131 ger\u00e7ekle\u015ftiren Trump, taraflar aras\u0131nda bir anla\u015fmaya var\u0131lmamas\u0131 durumunda ABD Do\u011fu Saati ile 20.00 (T\u00fcrkiye saati ile 03.00) sonras\u0131nda \u0130ran&#8217;a y\u00f6nelik d\u00fczenlenmesi beklenen yo\u011fun sald\u0131r\u0131lara y\u00f6nelik haz\u0131rl\u0131klar\u0131n\u0131 yeniden teyit etti.<\/p>\n\n\n\n<h3 class=\"wp-block-heading\">&#8220;BAH\u0130S OYNAMAYACA\u011eIM, 20.00 OLAYI GER\u00c7EKLE\u015eECEK&#8221;<\/h3>\n\n\n\n<p>Baier g\u00f6r\u00fc\u015fmeye ili\u015fkin a\u00e7\u0131klamas\u0131nda, Trump&#8217;a bu krizin bir anla\u015fma ve m\u00fczakere yoluyla sonu\u00e7lanmas\u0131na y\u00f6nelik beklentilerini sordu\u011funu ve ABD Ba\u015fkan\u0131&#8217;n\u0131n &#8220;Bahis oynamayaca\u011f\u0131m, ancak 20.00 olay\u0131 ger\u00e7ekle\u015fecek&#8221; \u015feklinde cevap verdi\u011fini aktard\u0131.<\/p>\n\n\n\n<h3 class=\"wp-block-heading\">&#8220;M\u00dcZAKERELERDE \u0130LERLEME OLURSA DURUM DE\u011e\u0130\u015eEB\u0130L\u0130R&#8221;<\/h3>\n\n\n\n<p>ABD Ba\u015fkan\u0131 Donald Trump taraflar aras\u0131nda herhangi bir anla\u015fmaya var\u0131lmamas\u0131 durumunda \u0130ran&#8217;a y\u00f6nelik sert sald\u0131r\u0131lar ger\u00e7ekle\u015ftirilece\u011finin alt\u0131n\u0131 \u00e7izerek, &#8220;E\u011fer bu noktaya gelecek olursak daha \u00f6nce hi\u00e7 g\u00f6rmedikleri \u015fekilde bir sald\u0131r\u0131yla kar\u015f\u0131la\u015facaklar. Bug\u00fcn m\u00fczakerelerde ilerleme olursa ve somut bir sonu\u00e7 \u00e7\u0131karsa, bu durum de\u011fi\u015febilir. Elimizdeki planlar do\u011frultusunda ilerleme kaydediyoruz&#8221; dedi.<\/p>\n\n\n\n<h3 class=\"wp-block-heading\">ABD BA\u015eKAN YARDIMCISI VANCE: TOP \u0130RANLILARIN SAHASINDA<\/h3>\n\n\n\n<p>ABD Ba\u015fkan Yard\u0131mc\u0131s\u0131 James David Vance de Macaristan&#8217;a ger\u00e7ekle\u015ftirdi\u011fi resmi ziyaret s\u0131ras\u0131nda Macaristan Ba\u015fbakan\u0131 Viktor Orban ile ger\u00e7ekle\u015ftirdi\u011fi ortak bas\u0131n toplant\u0131s\u0131nda \u0130ran ba\u015fl\u0131klar\u0131na de\u011finmi\u015fti. Vance, H\u00fcrm\u00fcz Bo\u011faz\u0131&#8217;na ili\u015fkin, \u0130ran&#8217;\u0131n askeri olarak yenilgiye u\u011frad\u0131\u011f\u0131 i\u00e7in d\u00fcnya \u00fczerinde m\u00fcmk\u00fcn olabildi\u011fince fazla ekonomik ac\u0131 olu\u015fturmaya \u00e7al\u0131\u015ft\u0131\u011f\u0131n\u0131 s\u00f6ylemi\u015fti. ABD Ba\u015fkan Yard\u0131mc\u0131s\u0131, &#8220;\u0130ranl\u0131lar belli \u00f6l\u00e7\u00fcde ac\u0131 vermek istiyorsa, ABD&#8217;nin onlara \u00e7ok ama \u00e7ok daha fazla ac\u0131 verme kapasitesi vard\u0131r. Ancak Ba\u015fkan bunu yapmak istemiyor. Ben de istemiyorum. Bu y\u00fczden agresif bir \u015fekilde m\u00fczakere ediyoruz. Ama nihayetinde top, \u0130ranl\u0131lar\u0131n sahas\u0131nda. \u0130ran hi\u00e7bir zaman m\u00fczakerelerde pek h\u0131zl\u0131 olan bir taraf olmad\u0131 ve hala da \u00f6yleler. Saat (ABD Do\u011fu Saati ile) 20.00&#8217;den \u00f6nce \u0130ran&#8217;\u0131n olumlu ya da olumsuz yan\u0131t verece\u011finden eminiz&#8221; ifadelerini kullanm\u0131\u015ft\u0131.<\/p>\n\n\n\n<p>Vance, &#8220;Umar\u0131m do\u011fru yan\u0131t\u0131 verirler, \u00e7\u00fcnk\u00fc biz ger\u00e7ekten petrol ve gaz\u0131n serbest bir \u015fekilde akt\u0131\u011f\u0131 bir d\u00fcnya istiyoruz. \u0130nsanlar\u0131n evlerini \u0131s\u0131tma ve so\u011futma giderlerini kar\u015f\u0131layabildi\u011fi bir d\u00fcnya. \u0130nsanlar\u0131n i\u015fe gidip gelmeyi kar\u015f\u0131layabildi\u011fi bir d\u00fcnya. \u0130ran, ekonomik ter\u00f6r eylemlerine giri\u015firse bu olmayacak&#8221; demi\u015fti.<\/p>\n\n\n\n<p>Kaynak: \u0130hlas Haber Ajans\u0131<\/p>\n\n\n\n<p><\/p>\n","protected":false},"excerpt":{"rendered":"<p>&#8220;\u0130ran medeniyeti bu gece yok olacak&#8221; tehdidiyle t\u00fcm d\u00fcnyay\u0131 tedirgin bir bekleyi\u015fe sokan ABD Ba\u015fkan\u0131 Donald Trump&#8217;tan yeni a\u00e7\u0131klama geldi. Trump, &#8220;Bug\u00fcn m\u00fczakerelerde ilerleme olursa ve somut bir sonu\u00e7 \u00e7\u0131karsa, bu durum de\u011fi\u015febilir&#8221; ifadelerini kulland\u0131. Abd Ba\u015fkan\u0131 Donald Trump, \u0130ran ile herhangi bir anla\u015fmaya var\u0131lmamas\u0131 durumunda T\u00fcrkiye saati ile 03.00 sonras\u0131nda \u00fclkeye y\u00f6nelik yo\u011fun hava [&hellip;]<\/p>\n","protected":false},"author":1,"featured_media":11155,"comment_status":"open","ping_status":"open","sticky":false,"template":"","format":"standard","meta":{"footnotes":""},"categories":[127],"tags":[924,181,4779],"class_list":["post-11154","post","type-post","status-publish","format-standard","has-post-thumbnail","hentry","category-dunya","tag-donald-trump","tag-iran","tag-james-david-vance"],"_links":{"self":[{"href":"https:\/\/www.trabzonmanset.com\/index.php\/wp-json\/wp\/v2\/posts\/11154","targetHints":{"allow":["GET"]}}],"collection":[{"href":"https:\/\/www.trabzonmanset.com\/index.php\/wp-json\/wp\/v2\/posts"}],"about":[{"href":"https:\/\/www.trabzonmanset.com\/index.php\/wp-json\/wp\/v2\/types\/post"}],"author":[{"embeddable":true,"href":"https:\/\/www.trabzonmanset.com\/index.php\/wp-json\/wp\/v2\/users\/1"}],"replies":[{"embeddable":true,"href":"https:\/\/www.trabzonmanset.com\/index.php\/wp-json\/wp\/v2\/comments?post=11154"}],"version-history":[{"count":1,"href":"https:\/\/www.trabzonmanset.com\/index.php\/wp-json\/wp\/v2\/posts\/11154\/revisions"}],"predecessor-version":[{"id":11156,"href":"https:\/\/www.trabzonmanset.com\/index.php\/wp-json\/wp\/v2\/posts\/11154\/revisions\/11156"}],"wp:featuredmedia":[{"embeddable":true,"href":"https:\/\/www.trabzonmanset.com\/index.php\/wp-json\/wp\/v2\/media\/11155"}],"wp:attachment":[{"href":"https:\/\/www.trabzonmanset.com\/index.php\/wp-json\/wp\/v2\/media?parent=11154"}],"wp:term":[{"taxonomy":"category","embeddable":true,"href":"https:\/\/www.trabzonmanset.com\/index.php\/wp-json\/wp\/v2\/categories?post=11154"},{"taxonomy":"post_tag","embeddable":true,"href":"https:\/\/www.trabzonmanset.com\/index.php\/wp-json\/wp\/v2\/tags?post=11154"}],"curies":[{"name":"wp","href":"https:\/\/api.w.org\/{rel}","templated":true}]}}