{"id":11151,"date":"2026-04-07T21:32:00","date_gmt":"2026-04-07T18:32:00","guid":{"rendered":"https:\/\/www.trabzonmanset.com\/?p=11151"},"modified":"2026-04-07T22:01:59","modified_gmt":"2026-04-07T19:01:59","slug":"mircea-lucescu-hayatini-kaybetti","status":"publish","type":"post","link":"https:\/\/www.trabzonmanset.com\/index.php\/2026\/04\/07\/mircea-lucescu-hayatini-kaybetti\/","title":{"rendered":"Mircea Lucescu, hayat\u0131n\u0131 kaybetti"},"content":{"rendered":"\n<p>Geride b\u0131rakt\u0131\u011f\u0131m\u0131z g\u00fcnlerde kalp krizi ge\u00e7iren Rumen teknik direkt\u00f6r Mircea Lucescu, 80 ya\u015f\u0131nda hayat\u0131n\u0131 kaybetti.<\/p>\n\n\n\n<ul class=\"wp-block-list\">\n<li>Mircea Lucescu, 80 ya\u015f\u0131nda hayat\u0131n\u0131 kaybetti.<\/li>\n\n\n\n<li>Mircea Lucescu, 3 Nisan&#8217;da kalp krizi ge\u00e7irip yo\u011fun bak\u0131ma al\u0131nd\u0131ktan sonra tedaviye yan\u0131t vermedi.<\/li>\n\n\n\n<li>Mircea Lucescu, Galatasaray ile UEFA S\u00fcper Kupa ve Shakhtar Donetsk ile UEFA Kupas\u0131 \u015fampiyonluklar\u0131 kazand\u0131.<\/li>\n<\/ul>\n\n\n\n<p>D\u00fcnya futbolunun efsane isimlerinden, T\u00fcrkiye\u2019de hem Be\u015fikta\u015f hem de Galatasaray ile \u015fampiyonluk ya\u015fayarak silinmez izler b\u0131rakan Rumen teknik direkt\u00f6r <strong>Mircea Lucescu<\/strong>, 80 ya\u015f\u0131nda hayata g\u00f6zlerini yumdu.<\/p>\n\n\n\n<h3 class=\"wp-block-heading\">LUCESCU HAYATINI KAYBETT\u0130<\/h3>\n\n\n\n<p>Antrenmanda rahats\u0131zlanmas\u0131n\u0131n ard\u0131ndan B\u00fckre\u015f \u00dcniversite Hastanesi&#8217;nden taburcu olaca\u011f\u0131 3 Nisan Cuma g\u00fcn\u00fc kalp krizi ge\u00e7irerek yo\u011fun bak\u0131ma al\u0131nan <strong>Mircea Lucescu<\/strong>, yap\u0131lan tedaviye yan\u0131t vermemesi sonucu hayat\u0131n\u0131 kaybetti.\u00a0<\/p>\n\n\n\n<h3 class=\"wp-block-heading\">\u00c7OKLU FEL\u00c7 GE\u00c7\u0130RD\u0130\u011e\u0130 A\u00c7IKLANMI\u015eTI<\/h3>\n\n\n\n<p>B\u00fckre\u015f \u00dcniversitesi Hastanesi&#8217;nden <strong>Mircea Lucescu<\/strong>&#8216;nun son sa\u011fl\u0131k durumuna dair a\u00e7\u0131klama yap\u0131larak deneyimli teknik adam\u0131n \u00e7oklu fel\u00e7 ge\u00e7irdi\u011fi ve bir\u00e7ok damar\u0131n\u0131n t\u0131kan\u0131k oldu\u011fu belirtilmi\u015fti.\u00a0Hastaneden yap\u0131lan a\u00e7\u0131klamada, &#8221; <strong>Mircea Lucescu<\/strong>, bug\u00fcn kapsaml\u0131 bir tomografi taramas\u0131ndan ge\u00e7irildi. Hastay\u0131 tedavi eden doktorlar durumu ayr\u0131nt\u0131l\u0131 olarak incelemi\u015f ve aileye bilgi vermi\u015ftir. Tomografi incelemesinde \u00e7ok say\u0131da iskemik serebral inme belirtisi ve pulmoner tromboemboli odaklar\u0131 saptanm\u0131\u015ft\u0131r; Lucescu, hastanedeki multidisipliner ekibin s\u0131k\u0131 g\u00f6zetimi alt\u0131nda kalacakt\u0131r.&#8221; ifadelerine yer vermi\u015fti.\u00a0<\/p>\n\n\n\n<figure class=\"wp-block-image\"><img decoding=\"async\" src=\"https:\/\/foto.haberler.com\/haber\/2026\/04\/07\/mircea-lucescu-hayatini-kaybet-19726550-3460_1_m.jpg\" alt=\"\"\/><\/figure>\n\n\n\n<h3 class=\"wp-block-heading\">BE\u015e\u0130KTA\u015e VE GALATASARAY&#8217;DAN A\u00c7IKLAMA<\/h3>\n\n\n\n<p>Be\u015fikta\u015f ve Galatasaray Kul\u00fcb\u00fc, hayat\u0131n\u0131 kaybeden eski teknik direkt\u00f6rleri Mircea Lucescu i\u00e7in ba\u015fsa\u011fl\u0131\u011f\u0131 mesaj\u0131 yay\u0131mlad\u0131.<\/p>\n\n\n\n<p><strong>Be\u015fikta\u015f:&nbsp;<\/strong> Eski teknik direkt\u00f6r\u00fcm\u00fcz, 100. y\u0131l\u0131m\u0131zdaki \u015fampiyonlu\u011fumuzun mimar\u0131 Mircea Lucescu\u2019nun hayat\u0131n\u0131 kaybetti\u011fini b\u00fcy\u00fck bir \u00fcz\u00fcnt\u00fcyle \u00f6\u011frenmi\u015f bulunuyoruz.&nbsp;Seni hi\u00e7bir zaman unutmayaca\u011f\u0131z Lucescu, huzur i\u00e7inde uyu.&nbsp;Elveda Luce.<\/p>\n\n\n\n<figure class=\"wp-block-image\"><img decoding=\"async\" src=\"https:\/\/foto.haberler.com\/haber\/2026\/04\/07\/mircea-lucescu-hayatini-kaybet-19726550-8255_1_m.jpg\" alt=\"\"\/><\/figure>\n\n\n\n<p><strong>Galatasaray:<\/strong> Kazand\u0131rd\u0131\u011f\u0131 UEFA S\u00fcper Kupa ile \u00fclkemize bir Avrupa kupas\u0131 daha getiren ve 15. \u015fampiyonlu\u011fumuzda da tak\u0131m\u0131m\u0131zda teknik direkt\u00f6r olarak g\u00f6rev yapan Mircea Lucescu\u2019nun vefat etti\u011fini derin bir \u00fcz\u00fcnt\u00fcyle \u00f6\u011frenmi\u015f bulunuyoruz.&nbsp;Mircea Lucescu\u2019nun ailesine, sevenlerine ve futbol camias\u0131na ba\u015fsa\u011fl\u0131\u011f\u0131 dileriz. Seni unutmayaca\u011f\u0131z Lucescu.<\/p>\n\n\n\n<figure class=\"wp-block-image\"><img decoding=\"async\" src=\"https:\/\/foto.haberler.com\/haber\/2026\/04\/07\/mircea-lucescu-hayatini-kaybet-19726550-9214_2_m.jpg\" alt=\"\"\/><\/figure>\n\n\n\n<h3 class=\"wp-block-heading\">SON MA\u00c7I T\u00dcRK\u0130YE&#8217;YE KAR\u015eI&nbsp;<\/h3>\n\n\n\n<p>Geride b\u0131rakt\u0131\u011f\u0131m\u0131z g\u00fcnlerde Romanya Teknik Direkt\u00f6rl\u00fc\u011f\u00fc g\u00f6revinden al\u0131nan Lucescu, son olarak 2026 FIFA D\u00fcnya Kupas\u0131 Avrupa Elemeleri yar\u0131 final ma\u00e7\u0131nda T\u00fcrkiye&#8217;ye kar\u015f\u0131 m\u00fccadele etmi\u015fti.&nbsp;<\/p>\n\n\n\n<h3 class=\"wp-block-heading\">MIRCEA LUCESCU K\u0130MD\u0130R?<\/h3>\n\n\n\n<p>&#8220;\u0130l Luce&#8221; lakab\u0131yla an\u0131lan Lucescu, sadece saha i\u00e7indeki taktik dehas\u0131yla de\u011fil, beyefendi ki\u015fili\u011fi ve futbol d\u00fcnyas\u0131na kazand\u0131rd\u0131\u011f\u0131 gen\u00e7 yeteneklerle de tan\u0131n\u0131yordu. Kariyeri boyunca Avrupa\u2019n\u0131n pek \u00e7ok \u00f6nemli kul\u00fcb\u00fcnde g\u00f6rev yapan efsane hoca, T\u00fcrk futbol tarihine de ad\u0131n\u0131 alt\u0131n harflerle yazd\u0131rd\u0131.&nbsp;Lucescu, futbolculuk d\u00f6neminde Dinamo B\u00fckre\u015f ile 7 kez Romanya Ligi \u015fampiyonlu\u011fu ya\u015fad\u0131. Teknik direkt\u00f6rl\u00fck kariyerinde Galatasaray ile UEFA S\u00fcper Kupa, Shakhtar Donetsk ile UEFA Kupas\u0131&#8217;n\u0131 kazanm\u0131\u015ft\u0131r. T\u00fcrkiye&#8217;de ayr\u0131 tak\u0131mlarda iki y\u0131l \u00fcst \u00fcste \u015fampiyonluk ya\u015fam\u0131\u015ft\u0131r. Shakhtar Donetsk ile sekiz, Dinamo Kyiv ile bir kere olmak \u00fczere toplamda dokuz kez Ukrayna Ligi \u015fampiyonlu\u011fu ya\u015fad\u0131.<\/p>\n\n\n\n<figure class=\"wp-block-image\"><img decoding=\"async\" src=\"https:\/\/foto.haberler.com\/haber\/2026\/04\/07\/mircea-lucescu-hayatini-kaybet-19726550-8713_2_m.jpg\" alt=\"\"\/><\/figure>\n\n\n\n<h3 class=\"wp-block-heading\">KAR\u0130YER\u0130NDEN \u00d6NE \u00c7IKAN BA\u015eARILAR<\/h3>\n\n\n\n<p>T\u00fcrkiye D\u00f6nemi: Galatasaray ile UEFA S\u00fcper Kupa \u015fampiyonlu\u011fu ya\u015fad\u0131. Hem Galatasaray hem de Be\u015fikta\u015f\u2019\u0131 S\u00fcper Lig \u015fampiyonlu\u011funa ta\u015f\u0131yarak, iki farkl\u0131 ezeli rakiple bu ba\u015far\u0131y\u0131 yakalayan nadir isimlerden biri oldu.<\/p>\n\n\n\n<p>Shakhtar Donetsk: Ukrayna ekibinde ge\u00e7irdi\u011fi y\u0131llarda kul\u00fcb\u00fc Avrupa\u2019n\u0131n devleri aras\u0131na soktu ve UEFA Kupas\u0131&#8217;n\u0131 kald\u0131rd\u0131.<\/p>\n\n\n\n<p>Milli Tak\u0131mlar: Romanya ve T\u00fcrkiye A Milli Futbol Tak\u0131mlar\u0131\u2019nda g\u00f6rev alarak vizyonunu uluslararas\u0131 d\u00fczeye ta\u015f\u0131d\u0131.<\/p>\n\n\n\n<p><\/p>\n","protected":false},"excerpt":{"rendered":"<p>Geride b\u0131rakt\u0131\u011f\u0131m\u0131z g\u00fcnlerde kalp krizi ge\u00e7iren Rumen teknik direkt\u00f6r Mircea Lucescu, 80 ya\u015f\u0131nda hayat\u0131n\u0131 kaybetti. D\u00fcnya futbolunun efsane isimlerinden, T\u00fcrkiye\u2019de hem Be\u015fikta\u015f hem de Galatasaray ile \u015fampiyonluk ya\u015fayarak silinmez izler b\u0131rakan Rumen teknik direkt\u00f6r Mircea Lucescu, 80 ya\u015f\u0131nda hayata g\u00f6zlerini yumdu. LUCESCU HAYATINI KAYBETT\u0130 Antrenmanda rahats\u0131zlanmas\u0131n\u0131n ard\u0131ndan B\u00fckre\u015f \u00dcniversite Hastanesi&#8217;nden taburcu olaca\u011f\u0131 3 Nisan Cuma [&hellip;]<\/p>\n","protected":false},"author":1,"featured_media":11152,"comment_status":"open","ping_status":"open","sticky":false,"template":"","format":"standard","meta":{"footnotes":""},"categories":[1,14],"tags":[4777,2339,4778],"class_list":["post-11151","post","type-post","status-publish","format-standard","has-post-thumbnail","hentry","category-gundem","category-spor","tag-mircea-lucescu","tag-shakhtar-donetsk","tag-uefa-super-kupa"],"_links":{"self":[{"href":"https:\/\/www.trabzonmanset.com\/index.php\/wp-json\/wp\/v2\/posts\/11151","targetHints":{"allow":["GET"]}}],"collection":[{"href":"https:\/\/www.trabzonmanset.com\/index.php\/wp-json\/wp\/v2\/posts"}],"about":[{"href":"https:\/\/www.trabzonmanset.com\/index.php\/wp-json\/wp\/v2\/types\/post"}],"author":[{"embeddable":true,"href":"https:\/\/www.trabzonmanset.com\/index.php\/wp-json\/wp\/v2\/users\/1"}],"replies":[{"embeddable":true,"href":"https:\/\/www.trabzonmanset.com\/index.php\/wp-json\/wp\/v2\/comments?post=11151"}],"version-history":[{"count":1,"href":"https:\/\/www.trabzonmanset.com\/index.php\/wp-json\/wp\/v2\/posts\/11151\/revisions"}],"predecessor-version":[{"id":11153,"href":"https:\/\/www.trabzonmanset.com\/index.php\/wp-json\/wp\/v2\/posts\/11151\/revisions\/11153"}],"wp:featuredmedia":[{"embeddable":true,"href":"https:\/\/www.trabzonmanset.com\/index.php\/wp-json\/wp\/v2\/media\/11152"}],"wp:attachment":[{"href":"https:\/\/www.trabzonmanset.com\/index.php\/wp-json\/wp\/v2\/media?parent=11151"}],"wp:term":[{"taxonomy":"category","embeddable":true,"href":"https:\/\/www.trabzonmanset.com\/index.php\/wp-json\/wp\/v2\/categories?post=11151"},{"taxonomy":"post_tag","embeddable":true,"href":"https:\/\/www.trabzonmanset.com\/index.php\/wp-json\/wp\/v2\/tags?post=11151"}],"curies":[{"name":"wp","href":"https:\/\/api.w.org\/{rel}","templated":true}]}}