{"id":11144,"date":"2026-04-07T14:32:00","date_gmt":"2026-04-07T11:32:00","guid":{"rendered":"https:\/\/www.trabzonmanset.com\/?p=11144"},"modified":"2026-04-07T15:35:19","modified_gmt":"2026-04-07T12:35:19","slug":"mhp-genel-baskani-bahceli-enerjide-bagimsizlik-turkiyenin-kizilelmasidir","status":"publish","type":"post","link":"https:\/\/www.trabzonmanset.com\/index.php\/2026\/04\/07\/mhp-genel-baskani-bahceli-enerjide-bagimsizlik-turkiyenin-kizilelmasidir\/","title":{"rendered":"MHP Genel Ba\u015fkan\u0131 Bah\u00e7eli: &#8220;Enerjide ba\u011f\u0131ms\u0131zl\u0131k, T\u00fcrkiye\u2019nin K\u0131z\u0131lelmas\u0131&#8217;d\u0131r&#8221;"},"content":{"rendered":"\n<p>Milliyet\u00e7i Hareket Partisi (MHP) Genel Ba\u015fkan\u0131 Devlet Bah\u00e7eli, &#8220;Enerjide ba\u011f\u0131ms\u0131zl\u0131k, T\u00fcrkiye\u2019nin K\u0131z\u0131lelmas\u0131&#8217;d\u0131r&#8221; dedi.<\/p>\n\n\n\n<p>MHP Genel Ba\u015fkan\u0131&nbsp;Bah\u00e7eli, TBMM\u2019de partisinin grup toplant\u0131s\u0131nda konu\u015ftu. S\u00f6zlerine partisinin kurucu Genel Ba\u015fkan\u0131 Alparslan T\u00fcrke\u015f\u2019in vefat\u0131n\u0131n 29. y\u0131l d\u00f6n\u00fcm\u00fcn\u00fc anarak ba\u015flayan&nbsp;Bah\u00e7eli, &#8220;T\u00fcrke\u015f Bey, T\u00fcrk milliyet\u00e7ili\u011fini teorik bir \u00e7er\u00e7eveden \u00e7\u0131kar\u0131p, sosyolojik bir ger\u00e7eklik ve tarihsel bir s\u00fcreklilik i\u00e7inde milletin vicdan\u0131nda k\u00f6kle\u015ftiren; onu bir ahlak nizam\u0131, bir aksiyon disiplini ve bir medeniyet iddias\u0131 haline getiren m\u00fcstesna bir devlet ve dava adam\u0131d\u0131r. Merhum T\u00fcrke\u015f Bey, hayat\u0131n\u0131n her safhas\u0131nda milli akl\u0131 esas alm\u0131\u015f, devleti &#8216;ebed m\u00fcddet&#8217; \u015fuuruyla kavram\u0131\u015f, milleti merkeze yerle\u015ftiren bir siyaset anlay\u0131\u015f\u0131n\u0131 tavizsiz \u015fekilde temsil etmi\u015ftir&#8221; diye konu\u015ftu.<br><br><strong>&#8220;Yeni d\u00fcnya d\u00fczeni bug\u00fcn bir nizam de\u011fil, bir kaos olarak kar\u015f\u0131m\u0131za \u00e7\u0131kmaktad\u0131r&#8221;<\/strong><\/p>\n\n\n\n<p>ABD\u2019deki Trump kar\u015f\u0131t\u0131 y\u00fcr\u00fcy\u00fc\u015flere ili\u015fkin de\u011ferlendirmede bulunan&nbsp;Bah\u00e7eli, &#8220;Sava\u015f kar\u015f\u0131t\u0131 y\u00fcksek r\u00fctbeli askeri hiyerar\u015fideki tart\u0131\u015fmalar olmak \u00fczere Bat\u0131 kamuoyunun halk ve b\u00fcrokrasi baz\u0131nda, vicdan\u0131n\u0131n sesini dinlemeye devam etmesi halinde Trump y\u00f6netimi bu ger\u00e7eklikle y\u00fczle\u015fmek zorunda kalacakt\u0131r. Benzer bir \u015fekilde ge\u00e7en hafta da ifade etti\u011fim gibi sa\u011fduyulu d\u00fcnya Yahudilerinin Netenyahu\u2019nun siyonist ideolojik zihniyetine kar\u015f\u0131 itirazlar\u0131n\u0131 y\u00fcksek sesle dile getirmeleri beklenilmektedir. \u0130\u015fte bu nedenlerden dolay\u0131 her konuyu derinlemesine incelemek ve ger\u00e7e\u011fe en yak\u0131n bir \u015fekilde sonu\u00e7lar \u00e7\u0131karmak bir mecburiyet, milletimize kar\u015f\u0131 ilkeli ve tutarl\u0131 bir siyasetin gere\u011fidir. Ge\u00e7en 20 y\u0131l i\u00e7inde ayak seslerini duydu\u011fumuz ve bir\u00e7ok konunun i\u00e7eri\u011fini olu\u015fturan \u2018yeni d\u00fcnya d\u00fczeni\u2019 bug\u00fcn bir \u2018nizam\u2019 de\u011fil bir \u2018kaos\u2019 olarak kar\u015f\u0131m\u0131za \u00e7\u0131kmaktad\u0131r. Bu kaos insanl\u0131\u011f\u0131 etkilemekte, masum insanlar \u00f6lmekte, bir istikrars\u0131zl\u0131k d\u00fcnyay\u0131 derinden sarsmaktad\u0131r&#8221; ifadelerini kulland\u0131.<br><br><strong>&#8220;\u0130ran, \u0130srail ve ABD\u2019nin y\u0131k\u0131c\u0131 g\u00fcc\u00fcyle bir \u00e7\u0131kmaza s\u00fcr\u00fcklenmek istenmektedir&#8221;<\/strong><\/p>\n\n\n\n<p>Bah\u00e7eli, ABD-\u0130srail-\u0130ran sava\u015f\u0131yla ilgili de, &#8220;\u0130ran\u2019a kar\u015f\u0131 yap\u0131lan sald\u0131r\u0131lar her ge\u00e7en g\u00fcn hem can kayb\u0131n\u0131 art\u0131rmakta hem de alt yap\u0131n\u0131n tahribat\u0131n\u0131 giderek b\u00fcy\u00fctmekte. \u0130ran, \u0130srail ve ABD\u2019nin y\u0131k\u0131c\u0131 g\u00fcc\u00fcyle bir \u00e7\u0131kmaza s\u00fcr\u00fcklenmek istenmektedir. T\u00fcm bu \u00e7ok y\u00f6nl\u00fc bask\u0131 ve ku\u015fatma giri\u015fimlerine ra\u011fmen \u0130ran halk\u0131n\u0131n mukavemeti, kararl\u0131l\u0131\u011f\u0131, dayan\u0131kl\u0131l\u0131\u011f\u0131 ve toplumsal refleksiyle d\u00fcnya kamuoyunun dikkatini \u00fczerine \u00e7ekmi\u015ftir. Bu direni\u015f iradesi, uluslararas\u0131 \u00e7evrelerde \u015fa\u015fk\u0131nl\u0131kla kar\u015f\u0131lanm\u0131\u015f, ba\u015fta Trump olmak \u00fczere bir\u00e7ok siyasi akt\u00f6r\u00fcn \u00f6ng\u00f6r\u00fclerini de bo\u015fa \u00e7\u0131karm\u0131\u015ft\u0131r. \u00d6zellikle H\u00fcrm\u00fcz Bo\u011faz\u0131 odakl\u0131 \u00e7at\u0131\u015fma, d\u00fcnyada da bir taraftan enerji krizini beslemekte, di\u011fer taraftan da tedarik zincirlerini etkilemekte, her ge\u00e7en g\u00fcn bu sorunu karanl\u0131k ve belirsiz bir gelece\u011fe do\u011fru s\u00fcr\u00fcklemektedir&#8221; dedi.<br><br><strong>&#8220;Bizim bak\u0131\u015f\u0131m\u0131z; tarih \u015fuuru ile yo\u011frulmu\u015f, milli haf\u0131zayla \u015fekillenmi\u015f ve devletin bekas\u0131n\u0131 esas alan bir bak\u0131\u015ft\u0131r&#8221;<\/strong><\/p>\n\n\n\n<p>Milliyet\u00e7ili\u011fin MHP&#8217;nin temel felsefi dayana\u011f\u0131 ve ilkesel olarak de\u011fi\u015fmeyecek \u00e7izgisi oldu\u011funu s\u00f6yleyen&nbsp;Bah\u00e7eli, &#8220;Bu zorunlulu\u011fun y\u00fckledi\u011fi tarihi misyon sebebiyle Milliyet\u00e7i Hareket Partisi, hadiseleri g\u00fcn\u00fcbirlik geli\u015fmelerin dar kal\u0131plar\u0131 i\u00e7inde de\u011ferlendiren bir anlay\u0131\u015f\u0131n \u00e7ok \u00f6tesindedir. Bizim bak\u0131\u015f\u0131m\u0131z; tarih \u015fuuru ile yo\u011frulmu\u015f, milli haf\u0131zayla \u015fekillenmi\u015f ve devletin bekas\u0131n\u0131 esas alan bir bak\u0131\u015ft\u0131r. Biz geli\u015fmelere s\u0131radan olaylar zinciri olarak bakmay\u0131z. Bize g\u00f6re her hadise, T\u00fcrk milletinin kader \u00e7izgisine temas eden bir mahiyet ta\u015f\u0131r. G\u00f6r\u00fcnenin \u00f6tesine bakar, perde arkas\u0131ndaki niyetleri, hedefleri ve stratejik sonu\u00e7lar\u0131 okumaya \u00e7al\u0131\u015f\u0131r\u0131z. Milliyet\u00e7i Hareket Partisi\u2019nin nazar\u0131nda d\u00fcnya g\u00fc\u00e7 \u00e7eki\u015fmesinin sertle\u015fti\u011fi, dengelerin h\u0131zla de\u011fi\u015fti\u011fi ve yeni bir k\u00fcresel yap\u0131lanman\u0131n sanc\u0131lar\u0131n\u0131n ya\u015fand\u0131\u011f\u0131 bir m\u00fccadele alan\u0131d\u0131r. Bu tabloda T\u00fcrkiye\u2019nin yeri, tesad\u00fcflerle de\u011fil tarihi sorumlulukla, jeopolitik hakikatlerle ve milli iradeyle tayin edilmektedir. Bizim i\u00e7in esas olan milletin birli\u011fi, devletin bekas\u0131 ve vatan\u0131n b\u00f6l\u00fcnmez b\u00fct\u00fcnl\u00fc\u011f\u00fcd\u00fcr. Bu \u00fc\u00e7 temel s\u00fctunu hedef alan her giri\u015fim, hangi k\u0131l\u0131fa b\u00fcr\u00fcn\u00fcrse b\u00fcr\u00fcns\u00fcn kar\u015f\u0131s\u0131nda Milliyet\u00e7i Hareket Partisi\u2019ni bulacakt\u0131r&#8221; ifadelerini kulland\u0131.<br><br><strong>&#8220;Enerjide ba\u011f\u0131ms\u0131zl\u0131k, T\u00fcrkiye\u2019nin K\u0131z\u0131lelmas\u0131&#8217;d\u0131r&#8221;<\/strong><\/p>\n\n\n\n<p>Enerjinin tarladaki bereketten fabrikadaki \u00fcretime, hastanelerdeki hizmetten savunma sistemlerine kadar hayat\u0131n her noktas\u0131nda varl\u0131\u011f\u0131n\u0131 hissettiren, d\u00fczeni kuran ve s\u00fcrd\u00fcren asli bir kaynak oldu\u011funun alt\u0131n\u0131 \u00e7izen&nbsp;Bah\u00e7eli, &#8220;K\u0131sacas\u0131 enerji, hayat\u0131n kendisini m\u00fcmk\u00fcn k\u0131lan ana damar, milletlerin g\u00fcc\u00fcn\u00fc belirleyen stratejik bir omurgad\u0131r. \u0130\u015fte bu hakikatten hareketle bug\u00fcn d\u00fcnyada ya\u015fanan geli\u015fmeler \u00e7ok a\u00e7\u0131k bir ger\u00e7e\u011fi ortaya koymu\u015ftur: K\u00fcresel enerji sistemi ciddi bir risk alt\u0131ndad\u0131r ve bu risk, s\u0131n\u0131r tan\u0131madan t\u00fcm \u00fclkeleri etkileyebilecek bir seviyeye ula\u015fm\u0131\u015ft\u0131r. Art\u0131k mesele sadece enerjiye ula\u015fmak de\u011fildir. As\u0131l mesele, enerjiyi m\u00fcmk\u00fcn k\u0131lan yap\u0131n\u0131n b\u00fct\u00fcn\u00fcyle tehdit alt\u0131nda olmas\u0131d\u0131r. H\u00fcrm\u00fcz Bo\u011faz\u0131\u2019nda son haftalarda ya\u015fanan geli\u015fmeler, dar bir ge\u00e7i\u015f hatt\u0131na \u00f6zg\u00fc sorundan ziyade k\u00fcresel enerji d\u00fczeninin ne denli hassas hale geldi\u011fini ortaya koymu\u015ftur. Bug\u00fcn enerji limanlar\u0131, petrol rafinerileri, boru hatlar\u0131 ve depolama tesisleri do\u011frudan risk alt\u0131ndad\u0131r. Enerji sisteminin kendisi do\u011frudan hedef haline gelmekte ve tehdit alt\u0131na girmektedir. Bu, do\u011frudan k\u00fcresel \u00f6l\u00e7ekte bir enerji g\u00fcvenli\u011fi meselesidir. T\u00fcrkiye, bu yeni d\u00f6nemi do\u011fru okuyan, riskleri do\u011fru analiz eden; enerji alan\u0131nda oyunu yeniden kuran, dengeyi belirleyen ve gelece\u011fi \u015fekillendiren bir iradeyi temsil etmektedir. \u00c7\u00fcnk\u00fc enerji sadece bir kaynak de\u011fildir. Enerji, g\u00fc\u00e7t\u00fcr, istikrard\u0131r ve en \u00f6nemlisi bar\u0131\u015f\u0131n anahtar\u0131d\u0131r. Ve bu anlay\u0131\u015fla a\u00e7\u0131k\u00e7a ifade etmek gerekir: Enerjide ba\u011f\u0131ms\u0131zl\u0131k, T\u00fcrkiye\u2019nin K\u0131z\u0131lelmas\u0131&#8217;d\u0131r&#8221; diye konu\u015ftu.<br><br><strong>&#8220;Bar\u0131\u015f teslimiyet de\u011fildir, bar\u0131\u015f taviz de\u011fildir&#8221;<\/strong><\/p>\n\n\n\n<p>&#8220;Ter\u00f6rs\u00fcz T\u00fcrkiye&#8221; s\u00fcreci do\u011frultusunda TBMM\u2019de yap\u0131lan komisyon \u00e7al\u0131\u015fmas\u0131 sonucunda ortaya \u00e7\u0131kan rapor ve rapordaki yasal d\u00fczenlemeler hakk\u0131nda konu\u015fan&nbsp;Bah\u00e7eli, &#8220;Bug\u00fcn gelinen noktada yasal d\u00fczenlemelerin T\u00fcrkiye B\u00fcy\u00fck Millet Meclisi\u2019ne yasa \u00e7al\u0131\u015fmas\u0131 olarak ta\u015f\u0131nacak olgunlu\u011fa eri\u015fmesi memnuniyet vericidir. D\u00fcnyan\u0131n ve b\u00f6lgemizin ciddi k\u0131r\u0131lmalarla, risklerle ve jeopolitik sars\u0131nt\u0131larla kar\u015f\u0131 kar\u015f\u0131ya bulundu\u011fu bir d\u00f6nemde kendi i\u00e7 b\u00fcnyemizin tahkimi, milli birli\u011fimizin g\u00fc\u00e7lendirilmesi ve toplumsal dayan\u0131\u015fman\u0131n sa\u011flamla\u015ft\u0131r\u0131lmas\u0131, ertelenemez bir zaruret halini alm\u0131\u015ft\u0131r. T\u00fcrkiye B\u00fcy\u00fck Millet Meclisi\u2019nin bu s\u00fcre\u00e7te ald\u0131\u011f\u0131 inisiyatif, millet ad\u0131na son derece dikkatli, son derece titiz ve sorumluluk bilinci y\u00fcksek bir \u015fekilde y\u00fcr\u00fct\u00fclmektedir. Bu tabloyu yak\u0131ndan takip ediyor, yap\u0131lan \u00e7al\u0131\u015fmalar\u0131 yak\u0131ndan izliyor ve gereken her hassasiyetin g\u00f6sterilmesini elzem g\u00f6r\u00fcyoruz. Bu meselede hi\u00e7bir bo\u015fluk, hi\u00e7bir ihmal ve hi\u00e7bir zafiyetin kabul\u00fc m\u00fcmk\u00fcn de\u011fildir. Biz diyoruz ki bar\u0131\u015f teslimiyet de\u011fildir. Bar\u0131\u015f taviz de\u011fildir. Bar\u0131\u015f milletin onurunu koruyarak, devletin g\u00fcc\u00fcn\u00fc muhafaza ederek sa\u011flanan bir dengedir. Bar\u0131\u015f adaletin, karde\u015fli\u011fin ve milli varl\u0131\u011f\u0131n birlikte y\u00fckseldi\u011fi bir \u00fclk\u00fcd\u00fcr&#8221; dedi.<br><br><strong>&#8220;Ay-y\u0131ld\u0131zl\u0131lar\u0131m\u0131z, T\u00fcrk\u2019\u00fcn sesini sahalardan t\u00fcm cihana duyursun&#8221;<\/strong><\/p>\n\n\n\n<p>Konu\u015fmas\u0131n\u0131n sonunda D\u00fcnya Kupas\u0131\u2019na kat\u0131lmaya hak kazanan A Milli Futbol Tak\u0131m\u0131\u2019n\u0131 tebrik eden&nbsp;Bah\u00e7eli, &#8220;Bu kutlu y\u00fcr\u00fcy\u00fc\u015fte sorumluluk \u00fcstlenen T\u00fcrkiye Futbol Federasyonu&#8217;nun muhterem Ba\u015fkan\u0131 \u0130brahim Hac\u0131osmano\u011flu ba\u015fta olmak \u00fczere y\u00f6netimini de samimiyetle kutluyorum. Milli formay\u0131 b\u00fcy\u00fck bir onur ve inan\u00e7la ta\u015f\u0131yan futbolcular\u0131m\u0131z\u0131n sahaya yans\u0131tt\u0131\u011f\u0131 azim, m\u00fccadele ruhu ve fedak\u00e2rl\u0131k, teknik heyetimizin kararl\u0131 ve disiplinli \u00e7al\u0131\u015fmalar\u0131yla birle\u015ferek milletimize umut vermektedir. Hepsinden \u00f6te D\u00fcnya Kupas\u0131\u2019nda yeniden m\u00fccadele etme imk\u00e2n\u0131 bulan bu g\u00fczide kadroya inanc\u0131n\u0131 esirgemeyen, dualar\u0131 ve deste\u011fiyle her daim yan\u0131nda olan b\u00fcy\u00fck T\u00fcrk milletine \u015f\u00fckranlar\u0131m\u0131 sunuyorum. Temennim odur ki ay-y\u0131ld\u0131zl\u0131lar\u0131m\u0131z, tarihine yak\u0131\u015f\u0131r bir ba\u015far\u0131yla milletimizin g\u00f6\u011fs\u00fcn\u00fc kabarts\u0131n, birlik ve beraberli\u011fimizin sahadaki ni\u015fanesi olup T\u00fcrk\u2019\u00fcn sesini sahalardan t\u00fcm cihana duyursun&#8221; \u015feklinde konu\u015ftu.<\/p>\n\n\n\n<p>Kaynak: \u0130HA<\/p>\n","protected":false},"excerpt":{"rendered":"<p>Milliyet\u00e7i Hareket Partisi (MHP) Genel Ba\u015fkan\u0131 Devlet Bah\u00e7eli, &#8220;Enerjide ba\u011f\u0131ms\u0131zl\u0131k, T\u00fcrkiye\u2019nin K\u0131z\u0131lelmas\u0131&#8217;d\u0131r&#8221; dedi. MHP Genel Ba\u015fkan\u0131&nbsp;Bah\u00e7eli, TBMM\u2019de partisinin grup toplant\u0131s\u0131nda konu\u015ftu. S\u00f6zlerine partisinin kurucu Genel Ba\u015fkan\u0131 Alparslan T\u00fcrke\u015f\u2019in vefat\u0131n\u0131n 29. y\u0131l d\u00f6n\u00fcm\u00fcn\u00fc anarak ba\u015flayan&nbsp;Bah\u00e7eli, &#8220;T\u00fcrke\u015f Bey, T\u00fcrk milliyet\u00e7ili\u011fini teorik bir \u00e7er\u00e7eveden \u00e7\u0131kar\u0131p, sosyolojik bir ger\u00e7eklik ve tarihsel bir s\u00fcreklilik i\u00e7inde milletin vicdan\u0131nda k\u00f6kle\u015ftiren; onu bir [&hellip;]<\/p>\n","protected":false},"author":1,"featured_media":11145,"comment_status":"open","ping_status":"open","sticky":false,"template":"","format":"standard","meta":{"footnotes":""},"categories":[11,632],"tags":[937,4775,4776,935,154],"class_list":["post-11144","post","type-post","status-publish","format-standard","has-post-thumbnail","hentry","category-manset","category-siyaset","tag-devlet-bahceli","tag-enerjide-bagimsizlik","tag-kizilelmasi","tag-mhp","tag-turkiye"],"_links":{"self":[{"href":"https:\/\/www.trabzonmanset.com\/index.php\/wp-json\/wp\/v2\/posts\/11144","targetHints":{"allow":["GET"]}}],"collection":[{"href":"https:\/\/www.trabzonmanset.com\/index.php\/wp-json\/wp\/v2\/posts"}],"about":[{"href":"https:\/\/www.trabzonmanset.com\/index.php\/wp-json\/wp\/v2\/types\/post"}],"author":[{"embeddable":true,"href":"https:\/\/www.trabzonmanset.com\/index.php\/wp-json\/wp\/v2\/users\/1"}],"replies":[{"embeddable":true,"href":"https:\/\/www.trabzonmanset.com\/index.php\/wp-json\/wp\/v2\/comments?post=11144"}],"version-history":[{"count":1,"href":"https:\/\/www.trabzonmanset.com\/index.php\/wp-json\/wp\/v2\/posts\/11144\/revisions"}],"predecessor-version":[{"id":11146,"href":"https:\/\/www.trabzonmanset.com\/index.php\/wp-json\/wp\/v2\/posts\/11144\/revisions\/11146"}],"wp:featuredmedia":[{"embeddable":true,"href":"https:\/\/www.trabzonmanset.com\/index.php\/wp-json\/wp\/v2\/media\/11145"}],"wp:attachment":[{"href":"https:\/\/www.trabzonmanset.com\/index.php\/wp-json\/wp\/v2\/media?parent=11144"}],"wp:term":[{"taxonomy":"category","embeddable":true,"href":"https:\/\/www.trabzonmanset.com\/index.php\/wp-json\/wp\/v2\/categories?post=11144"},{"taxonomy":"post_tag","embeddable":true,"href":"https:\/\/www.trabzonmanset.com\/index.php\/wp-json\/wp\/v2\/tags?post=11144"}],"curies":[{"name":"wp","href":"https:\/\/api.w.org\/{rel}","templated":true}]}}