{"id":11101,"date":"2026-04-06T19:02:00","date_gmt":"2026-04-06T16:02:00","guid":{"rendered":"https:\/\/www.trabzonmanset.com\/?p=11101"},"modified":"2026-04-06T21:04:58","modified_gmt":"2026-04-06T18:04:58","slug":"cumhurbaskani-erdogan-enerji-arz-guvenligi-tedariki-ve-depolama-noktasinda-bir-sorunumuz-yok","status":"publish","type":"post","link":"https:\/\/www.trabzonmanset.com\/index.php\/2026\/04\/06\/cumhurbaskani-erdogan-enerji-arz-guvenligi-tedariki-ve-depolama-noktasinda-bir-sorunumuz-yok\/","title":{"rendered":"Cumhurba\u015fkan\u0131 Erdo\u011fan: Enerji arz g\u00fcvenli\u011fi, tedariki ve depolama noktas\u0131nda bir sorunumuz yok"},"content":{"rendered":"\n<p>Cumhurba\u015fkan\u0131 Recep Tayyip Erdo\u011fan, &#8220;Enerji arz g\u00fcvenli\u011fi, tedariki ve depolama noktas\u0131nda bir sorunumuz yok&#8221; dedi.<\/p>\n\n\n\n<p>Erdo\u011fan, Cumhurba\u015fkanl\u0131\u011f\u0131 K\u00fclliyesi&#8217;ndeki Kabine Toplant\u0131s\u0131&#8217;n\u0131n ard\u0131ndan millete seslendi.<\/p>\n\n\n\n<p>D\u0131\u015f politika, ekonomi enerji ve di\u011fer ba\u015fl\u0131klarda kapsaml\u0131 isti\u015fareler yapt\u0131klar\u0131 bir Kabine Toplant\u0131s\u0131&#8217;n\u0131 daha tamamlad\u0131klar\u0131n\u0131 ifade eden Erdo\u011fan, al\u0131nan kararlar\u0131n \u00fclke ve millete hay\u0131rlar getirmesini diledi.<\/p>\n\n\n\n<p>&#8220;Birileri bu vatan i\u00e7in meydanlarda nutuk atarken kimileri de yolsuzluklar\u0131n\u0131 perdelemek i\u00e7in Nutuk \u00f6n\u00fcnde poz verirken, Cumhurba\u015fkan\u0131 ve Kabinesi olarak T\u00fcrkiye Y\u00fczy\u0131l\u0131&#8217;n\u0131 in\u015fa m\u00fccadelemizi azimle s\u00fcrd\u00fcr\u00fcyoruz.&#8221; diyen Erdo\u011fan, \u015f\u00f6yle devam etti:<\/p>\n\n\n\n<figure class=\"wp-block-image\"><img decoding=\"async\" src=\"https:\/\/web-cdnprod.aa.com.tr\/uploads\/Contents\/2026\/04\/06\/3111adbe4b05095b66b605ce3c2fa8c4.jpg\" alt=\"\"\/><\/figure>\n\n\n\n<p>&#8220;T\u00fcrkiye, ana muhalefetin beyhude bir \u00e7abayla k\u00f6p\u00fcrtmeye \u00e7al\u0131\u015ft\u0131\u011f\u0131 yapay g\u00fcndemlere tak\u0131lmadan hedeflerine do\u011fru emin ad\u0131mlarla ilerliyor. A\u00e7\u0131k ve net ifade etmek isterim ki h\u00fck\u00fcmetimiz g\u00fcndemine hakimdir. Bize kimse g\u00fcndem dayatamaz. Hangi bahaneyle olursa olsun kimse T\u00fcrkiye&#8217;nin g\u00fcndemini suni tart\u0131\u015fmalarla sapt\u0131ramaz, enfekte edemez. Ne h\u00fck\u00fcmetimizin ne milletimizin yak\u0131n vadedeki siyasi koordinatlar\u0131nda erken veya ara se\u00e7imin yer almad\u0131\u011f\u0131n\u0131n bilinmesini istiyorum.<\/p>\n\n\n\n<p>B\u00f6lgemizde, krizler, \u00e7at\u0131\u015fmalar, b\u00fcy\u00fck \u00e7alkant\u0131lar ya\u015fan\u0131rken bizim tek bir g\u00fcndemimiz vard\u0131r o da \u00fclkemizi bu ate\u015ften uzak tutmak ve milletimizin sofras\u0131ndaki ekme\u011fini b\u00fcy\u00fctmektir. Bunun d\u0131\u015f\u0131ndaki her tart\u0131\u015fmay\u0131 havanda su d\u00f6vmek olarak g\u00f6r\u00fcyoruz. Biz havanda su d\u00f6vme de\u011fil, i\u015f yapma, hizmet \u00fcretme, milletimize hizmet etme pe\u015findeyiz. Biz yat\u0131r\u0131ma, \u00fcretime, hizmete, kalk\u0131nmaya gitmesi gereken kaynaklar\u0131 hortumlayanlarla hukuk dairesi i\u00e7inde m\u00fccadele etmenin \u00e7abas\u0131nday\u0131z. Biz, \u00fclkemizin itibar\u0131n\u0131 hem ulusal \u00f6l\u00e7ekte hem uluslararas\u0131 \u00f6l\u00e7ekte daha da art\u0131rman\u0131n m\u00fccadelesini veriyoruz. Ba\u015fkalar\u0131 ne yaparsa yaps\u0131n biz i\u015fimize bak\u0131yoruz, \u00f6n\u00fcm\u00fcze bak\u0131yoruz, T\u00fcrkiye&#8217;yi g\u00fc\u00e7l\u00fc ekonomisiyle, b\u00fcy\u00fck ekonomisiyle k\u00fcresel oyuncu haline getirmeye bak\u0131yoruz.&#8221;<\/p>\n\n\n\n<figure class=\"wp-block-image\"><img decoding=\"async\" src=\"https:\/\/web-cdnprod.aa.com.tr\/uploads\/Contents\/2026\/04\/06\/b15a54d8a5a31a1442c1931ace974824.jpg\" alt=\"\"\/><\/figure>\n\n\n\n<h2 class=\"wp-block-heading\">K\u00fcresel yat\u0131r\u0131mc\u0131lar\u0131n T\u00fcrkiye&#8217;ye ilgisi<\/h2>\n\n\n\n<p>Cumhurba\u015fkan\u0131 Erdo\u011fan, son toplant\u0131lar\u0131ndan bu yana teknolojiden ula\u015ft\u0131rmaya, ileti\u015fimden tar\u0131ma geni\u015f bir yelpazede eser ve hizmet maratonlar\u0131n\u0131 s\u00fcrd\u00fcrd\u00fcklerini s\u00f6yledi.<\/p>\n\n\n\n<p>27 Mart Cuma g\u00fcn\u00fc \u0130stanbul&#8217;da \u00f6nemli bir toplant\u0131ya ev sahipli\u011fi yapt\u0131klar\u0131n\u0131, D\u00fcnya Ekonomik Forumu \u00dclke Stratejisi Toplant\u0131s\u0131 vesilesiyle k\u00fcresel i\u015f d\u00fcnyas\u0131n\u0131n \u00fcst d\u00fczey y\u00f6neticilerini T\u00fcrkiye&#8217;de a\u011f\u0131rlad\u0131klar\u0131n\u0131 an\u0131msatan Erdo\u011fan, \u015funlar\u0131 s\u00f6yledi:<\/p>\n\n\n\n<p>&#8220;Toplant\u0131ya 16 \u00fclkeden imalat, teknoloji, enerji, finans varl\u0131k y\u00f6netimi gibi farkl\u0131 sekt\u00f6rlerden toplam de\u011feri 1,2 trilyon dolar\u0131 bulan yat\u0131r\u0131mc\u0131lar i\u015ftirak etti. \u0130lgili bakanlar\u0131m\u0131z toplant\u0131da i\u015f d\u00fcnyas\u0131 temsilcilerine, T\u00fcrkiye&#8217;nin yat\u0131r\u0131m iklimi, k\u00fcresel de\u011fer zincirlerindeki konumu, sundu\u011fu yat\u0131r\u0131m f\u0131rsatlar\u0131 ve ekonomik g\u00f6r\u00fcn\u00fcm\u00fc hakk\u0131nda bilgi verdi. Muhalefetin &#8216;\u0130sraf&#8217; diyerek &#8216;Ne gerek var&#8217; diyerek k\u00f6t\u00fcledi\u011fi yat\u0131r\u0131mlar\u0131m\u0131z bug\u00fcn g\u00f6r\u00fcyoruz ki T\u00fcrkiye&#8217;yi k\u00fcresel rekabette \u00e7ok avantajl\u0131 bir konuma getiriyor. T\u00fcrkiye&#8217;nin uluslararas\u0131 yat\u0131r\u0131mc\u0131lar\u0131n gelecek planlamalar\u0131nda bir istikrar adas\u0131 olarak, bir g\u00fcvenli liman olarak \u00f6ne \u00e7\u0131kt\u0131\u011f\u0131n\u0131 g\u00f6rmekten b\u00fcy\u00fck memnuniyet duyuyoruz.&#8221;<\/p>\n\n\n\n<figure class=\"wp-block-image\"><img decoding=\"async\" src=\"https:\/\/web-cdnprod.aa.com.tr\/uploads\/Contents\/2026\/04\/06\/3b16f9ad427332dd67d0a1b260b7b94d.jpg\" alt=\"\"\/><\/figure>\n\n\n\n<h2 class=\"wp-block-heading\">H\u00fcrm\u00fcz Bo\u011faz\u0131&#8217;n\u0131n ekonomiye etkisi<\/h2>\n\n\n\n<p>Cumhurba\u015fkan\u0131 Erdo\u011fan, \u0130ran&#8217;a y\u00f6nelik sald\u0131r\u0131lar\u0131n ba\u015flamas\u0131yla k\u00fcresel ekonominin yak\u0131n tarihin en a\u011f\u0131r \u015foklar\u0131ndan biriyle y\u00fczle\u015fti\u011fini vurgulad\u0131.<\/p>\n\n\n\n<p>H\u00fcrm\u00fcz Bo\u011faz\u0131&#8217;n\u0131n fiilen kapand\u0131\u011f\u0131na dikkati \u00e7eken Erdo\u011fan, \u015fu de\u011ferlendirmelerde bulundu:<\/p>\n\n\n\n<p>&#8220;H\u00fcrm\u00fcz, s\u0131radan bir ge\u00e7i\u015f olman\u0131n \u00f6tesinde, d\u00fcnyadaki petrol\u00fcn y\u00fczde 20&#8217;sinin ve do\u011fal gaz\u0131n \u00e7ok \u00f6nemli bir k\u0131sm\u0131n\u0131n ta\u015f\u0131nd\u0131\u011f\u0131 kritik bir hatt\u0131r. Mesele, sadece enerji de de\u011fildir. Petrokimya \u00fcr\u00fcnleri, g\u00fcbreler, ila\u00e7 ham maddeleri ve yar\u0131 iletken \u00fcretiminde kullan\u0131lan helyum gibi bir\u00e7ok kritik mamul de bu bo\u011fazdan ge\u00e7iyor. Yani H\u00fcrm\u00fcz&#8217;\u00fcn kapanmas\u0131 yaln\u0131zca bir sekt\u00f6r\u00fc de\u011fil enerjiden tar\u0131ma, sanayiden teknolojiye, her alanda k\u00fcresel ekonomiyi derinden sars\u0131yor. Mesela, Avrupa&#8217;n\u0131n son 30 g\u00fcnde fosil yak\u0131t faturas\u0131 17 milyar dolar kabard\u0131. Do\u011fal gaz fiyat\u0131 y\u00fczde 100, petrol ise y\u00fczde 60 oran\u0131nda art\u0131\u015f kaydetti.<\/p>\n\n\n\n<p>D\u00fcnyaya \u015f\u00f6yle bir g\u00f6z att\u0131\u011f\u0131m\u0131zda, t\u0131pk\u0131 salg\u0131n d\u00f6neminde oldu\u011fu gibi baz\u0131 \u00fclkelerde akaryak\u0131ta kota getirildi\u011fini, baz\u0131 \u00fclkelerde okullar\u0131n belirli g\u00fcnlerde kapat\u0131ld\u0131\u011f\u0131n\u0131, baz\u0131 \u00fclkelerde kamu hizmetlerinin k\u0131s\u0131tlanmas\u0131n\u0131n tart\u0131\u015f\u0131ld\u0131\u011f\u0131n\u0131 g\u00f6r\u00fcyoruz. Hamdolsun, T\u00fcrkiye bu karamsar tablonun d\u0131\u015f\u0131ndad\u0131r. Enerji arz g\u00fcvenli\u011fi, tedariki ve depolama noktas\u0131nda bir sorunumuz yok. T\u00fcrkiye&#8217;nin Basra&#8217;dan veya H\u00fcrm\u00fcz ge\u00e7i\u015fli herhangi bir LNG tedariki bulunmuyor. Yakla\u015f\u0131k y\u00fczde 10&#8217;luk petrol ve petrol \u00fcr\u00fcn\u00fc ithalat\u0131m\u0131z buradan gelmesine kar\u015f\u0131n bunlar bizim kolayca y\u00f6netebilece\u011fimiz oranlard\u0131r. Muhalefetin y\u0131llard\u0131r bizi ele\u015ftirdi\u011fi enerjide kaynak \u00fclke \u00e7e\u015fitlendirme politikam\u0131z\u0131n de\u011feri i\u015fte bug\u00fcnlerde anla\u015f\u0131l\u0131yor.&#8221;<\/p>\n\n\n\n<h2 class=\"wp-block-heading\">G\u0131da arz\u0131<\/h2>\n\n\n\n<p>Cumhurba\u015fkan\u0131 Erdo\u011fan, g\u00fcbre ve ham madde tedariklerini \u00e7ok \u00f6nceden yapt\u0131klar\u0131n\u0131 aktard\u0131.<\/p>\n\n\n\n<p>Sava\u015ftan bu yana, alternatif \u00fclkelerden uygun fiyata \u00fcre g\u00fcbresi temini i\u00e7in g\u00fcmr\u00fck vergisini s\u0131f\u0131ra indirdiklerini an\u0131msatan Erdo\u011fan, \u015funlar\u0131 kaydetti:<\/p>\n\n\n\n<p>&#8220;Keza baz\u0131 g\u00fcbre cinslerinde g\u00fcmr\u00fck vergisini s\u0131f\u0131rlad\u0131k. \u0130hracat kapasitesine sahip oldu\u011fumuz g\u00fcbrelerin ihracat\u0131n\u0131 da durdurarak bu \u00fcr\u00fcnlerin yurt i\u00e7inde daha fazla kullan\u0131labilmesinin \u00f6n\u00fcn\u00fc a\u00e7t\u0131k. Ayr\u0131ca antrepolarda bulunan \u00fcre g\u00fcbresinin T\u00fcrkiye \u00fczerinden yurt d\u0131\u015f\u0131na transitini ve yeniden ihrac\u0131n\u0131 durdurduk. G\u00fcbre gibi tar\u0131msal \u00fcretim girdilerinde s\u0131k\u0131nt\u0131m\u0131z yoktur. Ald\u0131\u011f\u0131m\u0131z tedbirler sayesinde in\u015fallah g\u0131da arz g\u00fcvenli\u011finde de hi\u00e7bir sorun ya\u015famayaca\u011f\u0131z. Fahi\u015f fiyat art\u0131\u015flar\u0131yla milletin ekme\u011fine kan do\u011frayan sava\u015f f\u0131rsat\u00e7\u0131lar\u0131na y\u00f6nelik denetimlerimiz yo\u011fun bir \u015fekilde devam ediyor. Yine sivil havac\u0131l\u0131k, denizcilik ve kara yolu taraf\u0131nda da \u00f6nlemlerimizi ald\u0131k.&#8221;<\/p>\n\n\n\n<figure class=\"wp-block-image\"><img decoding=\"async\" src=\"https:\/\/web-cdnprod.aa.com.tr\/uploads\/Contents\/2026\/04\/06\/f240ae5dc503c2a7e0416b9d9b3312ab.jpg\" alt=\"\"\/><\/figure>\n\n\n\n<p>T\u00fcrkiye&#8217;de hini hacette kullan\u0131lmak amac\u0131yla biriktirilen rezervlerin yeterli ve g\u00fc\u00e7l\u00fc oldu\u011funu, d\u0131\u015f borcun ve toplam d\u0131\u015f finansman ihtiyac\u0131n\u0131n, milli gelire oran\u0131n\u0131n tarihsel ortalamalar\u0131n alt\u0131nda bulundu\u011funu belirten Erdo\u011fan, d\u0131\u015f dengeden b\u00fct\u00e7e disiplinine, Merkez Bankas\u0131 rezervlerinden bankac\u0131l\u0131k sekt\u00f6r\u00fcne kadar temel g\u00f6stergelerde ge\u00e7mi\u015fte kar\u015f\u0131la\u015f\u0131lan d\u0131\u015f \u015foklara k\u0131yasla \u00e7ok daha sa\u011flam bir noktada olundu\u011funu s\u00f6yledi.<\/p>\n\n\n\n<p>Bunlara ilaveten krizin ekonomiye ve piyasaya menfi etkilerini proaktif bir yakla\u015f\u0131mla s\u0131n\u0131rl\u0131 tutmaya gayret ettiklerini vurgulayan Erdo\u011fan, &#8220;Sava\u015f\u0131n ba\u015flamas\u0131ndan sadece 5 g\u00fcn sonra e\u015fel mobil sistemini devreye ald\u0131k. K\u00fcresel petrol fiyatlar\u0131ndaki sert art\u0131\u015f kar\u015f\u0131s\u0131nda vatanda\u015f\u0131m\u0131za bir koruma kalkan\u0131 olu\u015fturduk. Motorinde litre ba\u015f\u0131na 17 lira, benzinde ise 12 liraya yak\u0131n art\u0131\u015f pompaya yans\u0131t\u0131lmad\u0131. \u015eimdiye kadar toplam 50 milyar liray\u0131 bulan ek maliyet e\u015fel mobil sistemi sayesinde devletimiz taraf\u0131ndan s\u00fcbvanse edilmi\u015f oldu. T\u00fcm bunlar\u0131 s\u00f6ylerken elbette her \u015fey g\u00fcll\u00fck g\u00fclistanl\u0131k demiyoruz.&#8221; diye konu\u015ftu.<\/p>\n\n\n\n<p>B\u00f6lgedeki sava\u015f\u0131n k\u00fcresel ticarete yans\u0131malar\u0131ndan, \u00f6zellikle ihracat boyutunda T\u00fcrkiye&#8217;nin de etkilendi\u011fine i\u015faret eden Erdo\u011fan, \u00fcretimi, ihracat\u0131 ve turizmi ayakta tutan i\u015fletmeleri g\u00fc\u00e7l\u00fc desteklerle koruduklar\u0131n\u0131, bu f\u0131rt\u0131nal\u0131 d\u00f6nemi atlatmalar\u0131na yard\u0131mc\u0131 olduklar\u0131n\u0131 dile getirdi.<\/p>\n\n\n\n<p>Hafta sonu yeni bir paketi daha kamuoyuyla payla\u015ft\u0131klar\u0131n\u0131 an\u0131msatan Erdo\u011fan, Hazine ve Maliye Bakanl\u0131\u011f\u0131n\u0131n kefalet deste\u011fiyle turizm ve ihracat odakl\u0131 sekt\u00f6rlere y\u00f6nelik yeni bir kredi imkan\u0131n\u0131 devreye ald\u0131klar\u0131n\u0131 belirtti.<\/p>\n\n\n\n<p>Bu kredinin toplam b\u00fcy\u00fckl\u00fc\u011f\u00fcn\u00fcn 120 milyar lira oldu\u011funu aktaran Erdo\u011fan, \u015funlar\u0131 kaydetti:<\/p>\n\n\n\n<p>&#8220;Turizm i\u015fletmeleri i\u00e7in 60 milyar lira, ihracat\u00e7\u0131lar i\u00e7in 42 milyar lira ve kat\u0131l\u0131m finans alan\u0131nda 18 milyar lira ek limit tan\u0131mlad\u0131k. B\u00f6ylece finansmana eri\u015fimde ya\u015fanabilecek daralmalar\u0131n \u00f6n\u00fcne ge\u00e7meyi ve reel sekt\u00f6r\u00fcn nakit ak\u0131\u015f\u0131n\u0131 korumay\u0131 hedefliyoruz. Turizm sekt\u00f6r\u00fcm\u00fcze ve ihracat\u00e7\u0131lar\u0131m\u0131za hay\u0131rl\u0131 olsun diyorum. Dezenflasyon program\u0131m\u0131zda da herhangi bir taviz s\u00f6z konusu de\u011fildir. Her zaman s\u00f6yledi\u011fimiz gibi istihdam\u0131n, \u00fcretimin ve ihracat\u0131n korunmas\u0131 bu s\u00fcre\u00e7te de \u00f6nceli\u011fimiz olmay\u0131 s\u00fcrd\u00fcrecektir. Vatanda\u015flar\u0131m\u0131z endi\u015feye kap\u0131lmas\u0131n, i\u015f d\u00fcnyam\u0131z m\u00fcsterih olsun.&#8221;<\/p>\n\n\n\n<h2 class=\"wp-block-heading\">&#8220;Bu k\u00fcresel krizin yeni kap\u0131lar a\u00e7aca\u011f\u0131na inan\u0131yoruz&#8221;<\/h2>\n\n\n\n<p>Cumhurba\u015fkan\u0131 Erdo\u011fan, T\u00fcrkiye&#8217;nin stratejik co\u011frafyas\u0131yla, g\u00fc\u00e7l\u00fc ve modern altyap\u0131s\u0131yla, gen\u00e7 ve nitelikli i\u015f g\u00fcc\u00fcyle, \u0130stanbul Finans Merkeziyle ve daha bir\u00e7ok avantaj\u0131yla yeni d\u00f6nemin do\u011fal cazibe merkezlerinden biri olmaya namzet oldu\u011funu ifade etti.<\/p>\n\n\n\n<p>D\u00fcnyan\u0131n \u00f6nde gelen \u015firketleriyle yap\u0131lan toplant\u0131da bunun emarelerini bizzat g\u00f6rd\u00fcklerini dile getiren Erdo\u011fan, yurt d\u0131\u015f\u0131nda da bunun sinyallerini \u015fimdiden almaya ba\u015flad\u0131klar\u0131n\u0131 s\u00f6yledi.<\/p>\n\n\n\n<p>D\u00fc\u015fmanl\u0131\u011f\u0131 bilinen yabanc\u0131 medya organlar\u0131nda bile T\u00fcrkiye&#8217;nin yeni d\u00f6nemin parlayan y\u0131ld\u0131z\u0131 olaca\u011f\u0131na dair haberler yaz\u0131ld\u0131\u011f\u0131na dikkati \u00e7eken Erdo\u011fan, \u015funlar\u0131 kaydetti:<\/p>\n\n\n\n<p>&#8220;Enerji nakil hatlar\u0131nda daha g\u00fcvenli alternatifler konu\u015fulmaya ba\u015fland\u0131. Talimatlar\u0131m\u0131z do\u011frultusunda ekonomi kurmay ekibimiz \u015fu an T\u00fcrkiye&#8217;yi \u00e7ok uluslu \u015firketler i\u00e7in b\u00f6lgesel y\u00f6netim merkezi olarak g\u00fc\u00e7l\u00fc bir \u015fekilde konumland\u0131rmak, transit ticarette k\u00fcresel cazibe merkezine d\u00f6n\u00fc\u015ft\u00fcrmek, \u0130stanbul Finans Merkezini d\u00fcnyan\u0131n \u00f6nde gelen finans merkezlerinden biri haline getirmek i\u00e7in yo\u011fun \u00e7aba sarf ediyorlar. T\u0131pk\u0131 salg\u0131n d\u00f6neminde oldu\u011fu gibi bu k\u00fcresel krizin de \u00fclkemizin \u00f6n\u00fcnde yeni kap\u0131lar a\u00e7aca\u011f\u0131na biz y\u00fcrekten inan\u0131yoruz.&#8221;<\/p>\n\n\n\n<figure class=\"wp-block-image\"><img decoding=\"async\" src=\"https:\/\/web-cdnprod.aa.com.tr\/uploads\/Contents\/2026\/04\/06\/9c3d0f7d79a8ec86d204951d83c43661.jpg\" alt=\"\"\/><\/figure>\n\n\n\n<h2 class=\"wp-block-heading\">&#8220;5G bir\u00e7ok alanda yeni f\u0131rsat pencereleri a\u00e7acak&#8221;<\/h2>\n\n\n\n<p>Cumhurba\u015fkan\u0131 Erdo\u011fan, T\u00fcrkiye&#8217;nin nisan ay\u0131na 5G teknolojisiyle bulu\u015fman\u0131n gururuyla girdi\u011fini dile getirdi.<\/p>\n\n\n\n<p>5G&#8217;nin haz\u0131rl\u0131klar\u0131n\u0131n 10 y\u0131l \u00f6nce 2016&#8217;da ba\u015flat\u0131ld\u0131\u011f\u0131n\u0131, 2018&#8217;de ilk testlerin yap\u0131ld\u0131\u011f\u0131n\u0131 an\u0131msatan Erdo\u011fan, 2019&#8217;dan sonra Meclis&#8217;te, stadyumlarda ve geni\u015f kat\u0131l\u0131ml\u0131 organizasyonlarda pilot uygulama olarak kullan\u0131ma a\u00e7t\u0131klar\u0131n\u0131 s\u00f6yledi.<\/p>\n\n\n\n<p>Erdo\u011fan, 10 y\u0131ll\u0131k d\u00f6nemde yayg\u0131n kapsama hedefiyle k\u0131rsal b\u00f6lgelerden \u015fehir merkezlerine kadar T\u00fcrkiye&#8217;nin d\u00f6rt bir yan\u0131n\u0131 5G altyap\u0131s\u0131yla donatt\u0131klar\u0131n\u0131 belirterek \u015funlar\u0131 kaydetti:<\/p>\n\n\n\n<figure class=\"wp-block-image\"><img decoding=\"async\" src=\"https:\/\/web-cdnprod.aa.com.tr\/uploads\/Contents\/2026\/04\/06\/4b4dcb42158427187dfb49367d9e0fa0.jpg\" alt=\"\"\/><\/figure>\n\n\n\n<p>&#8220;1 Nisan itibar\u0131yla 81 il merkezimizde hizmete ald\u0131\u011f\u0131m\u0131z 5G&#8217;yi in\u015fallah iki sene i\u00e7inde \u00fclkemizin her kar\u0131\u015f\u0131nda hizmete sunaca\u011f\u0131z. \u00dclkemizin \u00f6n\u00fcnde ileti\u015fimin yan\u0131 s\u0131ra ula\u015ft\u0131rmadan sa\u011fl\u0131\u011fa, tar\u0131mdan \u00fcretime, ekonomiden e\u011fitime bir\u00e7ok alanda yeni f\u0131rsat pencereleri a\u00e7acak 5G teknolojisinin tekrar hay\u0131rl\u0131 u\u011furlu olmas\u0131n\u0131 temenni ediyorum.<\/p>\n\n\n\n<p>Ge\u00e7en hafta hizmete a\u00e7ma k\u0131vanc\u0131n\u0131 ya\u015fad\u0131\u011f\u0131m\u0131z bir di\u011fer alan sulama yat\u0131r\u0131mlar\u0131yd\u0131. 54&#8217;\u00fc baraj ve g\u00f6let, 109&#8217;u sulama tesisi, 18&#8217;i i\u00e7me suyu tesisi olmak \u00fczere toplam 563 yeni tesisimizi ekonomimize kazand\u0131rd\u0131k. G\u00fcncel yat\u0131r\u0131m bedeli 137 milyar lira olan bu eserlerle 896 milyon metrek\u00fcp su depolama kapasitesi geli\u015ftirmi\u015f, 1 milyon 190 bin dekar araziyi sulamaya a\u00e7m\u0131\u015f olduk. Senelik 212 milyon metrek\u00fcp i\u00e7me suyu sa\u011flaman\u0131n yan\u0131 s\u0131ra i\u00e7me suyu ar\u0131tma kapasitemizi g\u00fcnl\u00fck 301 bin metrek\u00fcp daha art\u0131rd\u0131k. Tamamlad\u0131\u011f\u0131m\u0131z tesisler g\u00fcncel rakamlarla ekonomimize y\u0131ll\u0131k 22 milyar lira katk\u0131 yapacakt\u0131r. Hizmete sundu\u011fumuz 563 eserin bir kez daha hay\u0131rl\u0131 olmas\u0131n\u0131 diliyorum. Bu eserlerin \u00fclkemize kazand\u0131r\u0131lmas\u0131nda eme\u011fi ge\u00e7en t\u00fcm kurumlar\u0131m\u0131z\u0131 tebrik ediyor, \u00fclkem ve milletim ad\u0131na kendilerine te\u015fekk\u00fcr ediyorum.&#8221;<\/p>\n\n\n\n<figure class=\"wp-block-image\"><img decoding=\"async\" src=\"https:\/\/web-cdnprod.aa.com.tr\/uploads\/Contents\/2026\/04\/06\/211c53406c7d901c77759dc536f1ae3e.jpg\" alt=\"\"\/><\/figure>\n\n\n\n<p>ABD ve \u0130srail&#8217;in \u0130ran&#8217;a m\u00fcdahalesine dikkati \u00e7eken Erdo\u011fan, &#8220;28 \u015eubat&#8217;ta ba\u015flayan sava\u015f, diplomatik \u00e7abalara ra\u011fmen maalesef can almaya devam ediyor. \u0130srail h\u00fck\u00fcmeti sava\u015f\u0131 sonland\u0131rmaya d\u00f6n\u00fck her t\u00fcrl\u00fc giri\u015fimi baltalamay\u0131 s\u00fcrd\u00fcr\u00fcyor. \u0130srail, Mescid-i Aksa&#8217;y\u0131 kapal\u0131 tutarak, Filistinli mahkumlara y\u00f6nelik idam cezas\u0131 getirerek, L\u00fcbnan&#8217;daki i\u015fgalini geni\u015fleterek, kom\u015fusu Suriye&#8217;yi s\u00fcrekli taciz ederek, gerilimden beslenen bir \u00fclke oldu\u011funu kendi eylemleriyle tescil ve teyit ediyor.&#8221; ifadelerini kulland\u0131.<\/p>\n\n\n\n<p>T\u00fcrkiye&#8217;nin tarih boyunca oldu\u011fu gibi bug\u00fcn de \u00e7at\u0131\u015fman\u0131n, \u015fiddetin ve zulm\u00fcn de\u011fil; hakk\u0131n, hukukun, sulhun ve istikrar\u0131n taraf\u0131nda oldu\u011funun alt\u0131n\u0131 \u00e7izen Erdo\u011fan, \u015funlar\u0131 kaydetti:<\/p>\n\n\n\n<p>&#8220;Hemen yan\u0131 ba\u015f\u0131m\u0131zdaki bir \u00fclkede ate\u015f varken, \u00e7at\u0131\u015fma ve y\u0131k\u0131m varken, siviller ve sivil altyap\u0131 hedef al\u0131n\u0131rken, biz buna asla kay\u0131ts\u0131z kalamay\u0131z. 14 as\u0131rd\u0131r ayn\u0131 k\u0131bleye y\u00f6neldi\u011fimiz karde\u015flerimiz s\u0131k\u0131nt\u0131 i\u00e7indeyken, biz kendimizi rahat hissedemeyiz. T\u00fcrkiye olarak \u0130ran&#8217;\u0131 ve K\u00f6rfez&#8217;i etkileyen bu sava\u015f\u0131n ilk g\u00fcn\u00fcnden beri karde\u015flik hukukumuzun gereklerini en g\u00fczel \u015fekilde yerine getirdik. Kim yaparsa yaps\u0131n do\u011fruya do\u011fru, yanl\u0131\u015fa yanl\u0131\u015f demekten \u00e7ekinmedik. Sava\u015f uzad\u0131k\u00e7a yang\u0131n\u0131n ba\u015fka \u00fclkelere de sirayet edebilece\u011fine dikkat \u00e7ektik. \u00c7at\u0131\u015fmalar\u0131n 38. g\u00fcn\u00fc geride kal\u0131rken, b\u00f6lgemiz ad\u0131na ayn\u0131 endi\u015feleri ta\u015f\u0131maya maalesef devam ediyoruz. Artan riskler kar\u015f\u0131s\u0131nda Cumhurba\u015fkan\u0131 olarak \u015fahs\u0131m bir taraftan, bakan arkada\u015flar\u0131m\u0131z di\u011fer taraftan diplomatik temaslar\u0131m\u0131z\u0131 h\u0131zland\u0131rd\u0131k. Silahlar\u0131n susmas\u0131 ve m\u00fczakereye alan a\u00e7\u0131lmas\u0131 i\u00e7in e\u011fer i\u011fne ucu kadar \u015fans varsa, bunu de\u011ferlendirmenin samimi gayreti i\u00e7indeyiz. Temennimiz bu hukuksuz, anlams\u0131z, gayrime\u015fru ve t\u00fcm insanl\u0131k i\u00e7in son derece maliyetli sava\u015f\u0131n bir an evvel sona ermesidir.&#8221;<\/p>\n\n\n\n<p>D\u00fcnyada bar\u0131\u015f\u0131n sesini y\u00fckseltmenin her zamankinden daha \u00f6nemli hale geldi\u011fi kritik g\u00fcnlerden ge\u00e7ildi\u011fini belirten Erdo\u011fan, T\u00fcrkiye&#8217;nin bar\u0131\u015f i\u00e7in sesi y\u00fckseltmeyi s\u00fcrd\u00fcrece\u011fini s\u00f6yledi.<\/p>\n\n\n\n<p>&#8220;G\u00fcn olur, devran d\u00f6ner&#8221; s\u00f6z\u00fcn\u00fc hat\u0131rlatan Erdo\u011fan, &#8220;S\u0131rf siyasi \u00f6m\u00fcrlerini uzatmak u\u011fruna, bug\u00fcn bar\u0131\u015f\u0131 dinamitleyenler, yar\u0131n kendilerinin de bar\u0131\u015fa, adalete, hukuka ihtiya\u00e7 duyacaklar\u0131n\u0131 ak\u0131llar\u0131ndan \u00e7\u0131karmas\u0131n. Tarih bunun say\u0131s\u0131z \u00f6rnekleriyle doludur.&#8221; diye konu\u015ftu.<\/p>\n\n\n\n<h2 class=\"wp-block-heading\">&#8220;Bar\u0131\u015f i\u00e7in \u00e7abalamaya devam edece\u011fiz&#8221;<\/h2>\n\n\n\n<p>En son Hitler&#8217;in bir t\u00fcrl\u00fc dizginleyemedi\u011fi ihtiraslar\u0131n\u0131n kurban\u0131 oldu\u011funu, hem kendine hem halk\u0131na hem de d\u00fcnyaya b\u00fcy\u00fck ac\u0131lar ya\u015fatt\u0131\u011f\u0131n\u0131 an\u0131msatan Cumhurba\u015fkan\u0131 Erdo\u011fan, bug\u00fcn Hitler&#8217;in izinden gidenlerin sadece insanl\u0131\u011fa kar\u015f\u0131 de\u011fil, kendi vatanda\u015flar\u0131na kar\u015f\u0131 da Hitler rol\u00fcn\u00fc oynad\u0131\u011f\u0131na i\u015faret etti.<\/p>\n\n\n\n<p>&#8220;Uluslararas\u0131 toplumun art\u0131k bu gidi\u015fe bir &#8216;dur&#8217; demesinin vakti gelmi\u015ftir. Biz, kendi insan\u0131m\u0131zla ve karde\u015flerimizle b\u00f6lgedeki t\u00fcm halklar i\u00e7in bar\u0131\u015f istemeye, bar\u0131\u015f i\u00e7in \u00e7abalamaya in\u015fallah devam edece\u011fiz.&#8221; ifadelerini kullanan Erdo\u011fan, s\u00f6zlerini \u015f\u00f6yle s\u00fcrd\u00fcrd\u00fc:<\/p>\n\n\n\n<p>&#8220;Gerek d\u00fcnyan\u0131n gidi\u015fat\u0131 gerekse b\u00f6lgemizdeki geli\u015fmeler, \u00fclkemizde i\u00e7 cephemizi tahkim etmek, huzur, g\u00fcvenlik ve karde\u015fli\u011fi g\u00fc\u00e7lendirmek amac\u0131yla ba\u015flatt\u0131\u011f\u0131m\u0131z Ter\u00f6rs\u00fcz T\u00fcrkiye s\u00fcrecinin \u00f6nemini g\u00f6stermi\u015ftir. Ba\u015far\u0131s\u0131 i\u00e7in \u00fczerine titredi\u011fimiz s\u00fcre\u00e7 17 ayl\u0131k zaman diliminde hamdolsun bir\u00e7ok kritik e\u015fi\u011fi a\u015fm\u0131\u015f, diren\u00e7 testlerinden g\u00fc\u00e7lenerek \u00e7\u0131km\u0131\u015ft\u0131r. Milli Dayan\u0131\u015fma, Karde\u015flik ve Demokrasi Komisyonumuz uzla\u015f\u0131 ruhuyla kaleme ald\u0131\u011f\u0131 ve onaylad\u0131\u011f\u0131 nihai raporuyla s\u00fcrece ufuk \u00e7izmi\u015ftir. Siyaset kurumunda s\u00fcrecin sa\u011fduyuyla ve uzla\u015f\u0131 temelinde y\u00fcr\u00fct\u00fclmesi noktas\u0131nda genel bir mutabakat olu\u015fmu\u015ftur. Bu anlay\u0131\u015f birli\u011fini s\u00fcrecin m\u00fcteakip a\u015famalar\u0131n\u0131n sa\u011fl\u0131kl\u0131 bir zeminde iletilmesi bak\u0131m\u0131ndan \u00e7ok k\u0131ymetli buluyoruz. Her ne kadar b\u00f6lgemizdeki \u00e7at\u0131\u015fma atmosferi \u00fclkenin, milletin ve siyasetin g\u00fcndemini kapl\u0131yor olsa da raporun \u00e7izdi\u011fi perspektif \u00e7er\u00e7evesinde s\u00fcre\u00e7le ilgili \u00e7al\u0131\u015fmalar\u0131n ivme kazanmas\u0131nda fayda oldu\u011fu kanaatindeyiz.<\/p>\n\n\n\n<p>\u00d6zellikle b\u00f6lgemizin yeniden dizayn edilmeye \u00e7al\u0131\u015f\u0131ld\u0131\u011f\u0131, T\u00fcrkler, K\u00fcrtler, Araplar ve Farslar\u0131n aras\u0131na yeni duvarlar \u00f6r\u00fclmek istendi\u011fi bu d\u00f6nemde oynanan oyunlar\u0131 ancak Ter\u00f6rs\u00fcz T\u00fcrkiye ve ter\u00f6rs\u00fcz b\u00f6lge vizyonunun temsil etti\u011fi de\u011ferlerle etkisiz hale getirebiliriz. Siyasi parti gruplar\u0131n\u0131n da meseleye bu zaviyeden yakla\u015fmalar\u0131, k\u00fc\u00e7\u00fck hesaplar\u0131n pe\u015fine tak\u0131lmak yerine \u00fclkeye ve millete kar\u015f\u0131 sorumluluk bilinciyle davranmalar\u0131 en samimi temennimizdir. Bu hassas g\u00fcnlerde s\u00f6z s\u00f6yleyen herkesin dikkatli olmas\u0131 gerekti\u011finin, bu \u00fclkede karde\u015fli\u011fi per\u00e7inleyen, birlik ve beraberli\u011fimizi g\u00fc\u00e7lendiren, s\u00fcrecin y\u00fck\u00fcn\u00fc azaltan yap\u0131c\u0131 bir \u00fcslupla hareket etmesi gerekti\u011finin alt\u0131n\u0131 tekrar \u00f6nemle \u00e7izmek istiyorum.&#8221;<\/p>\n\n\n\n<h2 class=\"wp-block-heading\">&#8220;Son bir y\u0131lda 7 milyon 700 bin vatanda\u015fa kanser taramas\u0131&#8221;<\/h2>\n\n\n\n<p>\u0130ktidar ve ittifak olarak omuzlar\u0131ndaki sorumlulu\u011fun idraki i\u00e7inde, b\u00fcy\u00fck devlet vizyonuna yak\u0131\u015f\u0131r bi\u00e7imde s\u00fcreci titizlikle y\u00f6nettiklerinin alt\u0131n\u0131 \u00e7izen Erdo\u011fan, T\u00fcrk&#8217;\u00fcyle, K\u00fcrt&#8217;\u00fcyle, Arap&#8217;\u0131yla, Laz&#8217;\u0131yla, Alevi ve S\u00fcnni&#8217;si ile 86 milyon olarak hep beraber b\u00fcy\u00fck bir aile olundu\u011funu hi\u00e7bir vatanda\u015f\u0131n unutmamas\u0131 gerekti\u011fini s\u00f6yledi.<\/p>\n\n\n\n<p>Cumhurba\u015fkan\u0131 Erdo\u011fan, \u015funlar\u0131 kaydetti:<\/p>\n\n\n\n<p>&#8220;Hepimiz tarihin en zor zamanlar\u0131nda ac\u0131lar\u0131 birlikte g\u00f6\u011f\u00fcslemi\u015f, birlikte beka m\u00fccadelesi vermi\u015f, kanlar\u0131 birbirine kar\u0131\u015fm\u0131\u015f bir milletin evlatlar\u0131y\u0131z. Bilhassa i\u00e7inde bulundu\u011fumuz g\u00fcnlerde birlik ve beraberli\u011fimizi ne kadar sa\u011flam tutarsak, gelece\u011fimize o derece g\u00fcvenle bakabiliriz ama i\u00e7 kalemizin duvarlar\u0131nda bir gedik a\u00e7\u0131lmas\u0131na m\u00fcsaade edersek, ba\u015fka \u00fclkelerin ya\u015fad\u0131\u011f\u0131 s\u0131k\u0131nt\u0131larla Allah korusun biz de kar\u015f\u0131la\u015f\u0131r\u0131z. Rabb&#8217;im, millet\u00e7e dayan\u0131\u015fmam\u0131z\u0131 muhafaza eylesin. \u00dclkemizi ve milletimizi her t\u00fcrl\u00fc fitneden korusun diyorum. Diliyor ve umuyoruz ki, s\u00fcrecin sonunda kazanan t\u00fcm T\u00fcrkiye olsun, barut kokusuna bo\u011fulmu\u015f b\u00f6lgemiz olsun, t\u00fcm karde\u015f halklar\u0131 olsun.&#8221;<\/p>\n\n\n\n<p>Erdo\u011fan, 7 Nisan Ulusal Kanser Haftas\u0131 vesilesiyle erken te\u015fhisin \u00f6nemine dikkati \u00e7ekmek istedi\u011fini belirterek &#8220;Biliyorsunuz d\u00fcnyada pek az \u00f6rne\u011fi olan bir uygulamayla \u00fclkemizde kanser taramalar\u0131n\u0131 tamamen \u00fccretsiz ger\u00e7ekle\u015ftiriyoruz. Bu kapsamda son bir y\u0131lda 7 milyon 700 bin vatanda\u015f\u0131m\u0131za \u00fccretsiz kanser taramas\u0131 yap\u0131ld\u0131. Erken evrede kanser te\u015fhisi konulan vatanda\u015flar\u0131m\u0131z\u0131n tedavilerine vakit kaybetmeksizin ba\u015fland\u0131.&#8221; ifadelerini kulland\u0131.<\/p>\n\n\n\n<p>Erken tan\u0131 sayesinde 28 bin vatanda\u015f\u0131n cerrahi m\u00fcdahaleye ihtiya\u00e7 duyulmadan sa\u011fl\u0131\u011f\u0131na kavu\u015ftu\u011funu aktaran Cumhurba\u015fkan\u0131 Erdo\u011fan, \u00f6zellikle risk grubundaki vatanda\u015flardan kanser taramas\u0131 yapt\u0131rmay\u0131 ihmal etmemelerini istedi.<\/p>\n\n\n\n<p>Kaynak: AA<\/p>\n","protected":false},"excerpt":{"rendered":"<p>Cumhurba\u015fkan\u0131 Recep Tayyip Erdo\u011fan, &#8220;Enerji arz g\u00fcvenli\u011fi, tedariki ve depolama noktas\u0131nda bir sorunumuz yok&#8221; dedi. Erdo\u011fan, Cumhurba\u015fkanl\u0131\u011f\u0131 K\u00fclliyesi&#8217;ndeki Kabine Toplant\u0131s\u0131&#8217;n\u0131n ard\u0131ndan millete seslendi. D\u0131\u015f politika, ekonomi enerji ve di\u011fer ba\u015fl\u0131klarda kapsaml\u0131 isti\u015fareler yapt\u0131klar\u0131 bir Kabine Toplant\u0131s\u0131&#8217;n\u0131 daha tamamlad\u0131klar\u0131n\u0131 ifade eden Erdo\u011fan, al\u0131nan kararlar\u0131n \u00fclke ve millete hay\u0131rlar getirmesini diledi. &#8220;Birileri bu vatan i\u00e7in meydanlarda nutuk [&hellip;]<\/p>\n","protected":false},"author":1,"featured_media":11102,"comment_status":"open","ping_status":"open","sticky":false,"template":"","format":"standard","meta":{"footnotes":""},"categories":[11],"tags":[846,1697,620,559],"class_list":["post-11101","post","type-post","status-publish","format-standard","has-post-thumbnail","hentry","category-manset","tag-cumhurbaskani-erdogan","tag-kabine-toplantisi","tag-recep-tayyip-erdogan","tag-turkiye-yuzyili"],"_links":{"self":[{"href":"https:\/\/www.trabzonmanset.com\/index.php\/wp-json\/wp\/v2\/posts\/11101","targetHints":{"allow":["GET"]}}],"collection":[{"href":"https:\/\/www.trabzonmanset.com\/index.php\/wp-json\/wp\/v2\/posts"}],"about":[{"href":"https:\/\/www.trabzonmanset.com\/index.php\/wp-json\/wp\/v2\/types\/post"}],"author":[{"embeddable":true,"href":"https:\/\/www.trabzonmanset.com\/index.php\/wp-json\/wp\/v2\/users\/1"}],"replies":[{"embeddable":true,"href":"https:\/\/www.trabzonmanset.com\/index.php\/wp-json\/wp\/v2\/comments?post=11101"}],"version-history":[{"count":1,"href":"https:\/\/www.trabzonmanset.com\/index.php\/wp-json\/wp\/v2\/posts\/11101\/revisions"}],"predecessor-version":[{"id":11103,"href":"https:\/\/www.trabzonmanset.com\/index.php\/wp-json\/wp\/v2\/posts\/11101\/revisions\/11103"}],"wp:featuredmedia":[{"embeddable":true,"href":"https:\/\/www.trabzonmanset.com\/index.php\/wp-json\/wp\/v2\/media\/11102"}],"wp:attachment":[{"href":"https:\/\/www.trabzonmanset.com\/index.php\/wp-json\/wp\/v2\/media?parent=11101"}],"wp:term":[{"taxonomy":"category","embeddable":true,"href":"https:\/\/www.trabzonmanset.com\/index.php\/wp-json\/wp\/v2\/categories?post=11101"},{"taxonomy":"post_tag","embeddable":true,"href":"https:\/\/www.trabzonmanset.com\/index.php\/wp-json\/wp\/v2\/tags?post=11101"}],"curies":[{"name":"wp","href":"https:\/\/api.w.org\/{rel}","templated":true}]}}