{"id":11077,"date":"2026-04-05T16:02:00","date_gmt":"2026-04-05T13:02:00","guid":{"rendered":"https:\/\/www.trabzonmanset.com\/?p=11077"},"modified":"2026-04-05T20:58:58","modified_gmt":"2026-04-05T17:58:58","slug":"trabzonspordan-onuralp-cakirogluna-destek-abdulkerim-bardakci-icin-olay-iddia","status":"publish","type":"post","link":"https:\/\/www.trabzonmanset.com\/index.php\/2026\/04\/05\/trabzonspordan-onuralp-cakirogluna-destek-abdulkerim-bardakci-icin-olay-iddia\/","title":{"rendered":"Trabzonspor&#8217;dan Onuralp \u00c7ak\u0131ro\u011flu&#8217;na destek! Abd\u00fclkerim Bardakc\u0131 i\u00e7in olay iddia"},"content":{"rendered":"\n<p>Trabzonspor, 2-1 kazand\u0131klar\u0131 Galatasaray derbisinin ard\u0131ndan Abd\u00fclkerim Bardakc\u0131 ile gerilim ya\u015fayan gen\u00e7 futbolcu Onuralp \u00c7ak\u0131ro\u011flu i\u00e7in a\u00e7\u0131klama yapt\u0131.<\/p>\n\n\n\n<p>S\u00fcper Lig&#8217;in 28. haftas\u0131nda Trabzonspor&#8217;un Galatasaray&#8217;\u0131 2-1 ma\u011flup etti\u011fi kar\u015f\u0131la\u015fman\u0131n ard\u0131ndan Abd\u00fclkerim Bardakc\u0131 ile bordo-mavili tak\u0131m\u0131n gen\u00e7 futbolcusu Onuralp \u00c7ak\u0131ro\u011flu aras\u0131nda gerginlik ya\u015fanm\u0131\u015ft\u0131.<br><br>Galatasarayl\u0131 futbolcular G\u00fcnay G\u00fcven\u00e7 ve Yunus Akg\u00fcn, ya\u015fanan tart\u0131\u015fmada Onuralp&#8217;in Abd\u00fclkerim&#8217;e k\u00fcf\u00fcr etti\u011fini tart\u0131\u015fman\u0131n da bu sebeple ba\u015flad\u0131\u011f\u0131n\u0131 ifade etmeleri sosyal medyada geni\u015f yer kaplam\u0131\u015ft\u0131.<br><br><strong>TRABZONSPOR&#8217;DAN ONURALP&#8217;E DESTEK<\/strong><br><br>Trabzonspor sosyal medya hesab\u0131ndan yapt\u0131\u011f\u0131 a\u00e7\u0131klamada Onuralp \u00c7ak\u0131ro\u011flu&#8217;nun herhangi\u00a0bir provokatif davran\u0131\u015fta bulunmad\u0131\u011f\u0131n\u0131 ifade ederek \u015funlar\u0131 kaydetti:<br><br><strong>&#8220;Kar\u015f\u0131la\u015fma sonras\u0131nda tak\u0131m\u0131m\u0131z\u0131n galibiyet sevincine e\u015flik eden m\u00fczik s\u0131ras\u0131nda futbolcumuz Onuralp \u00c7ak\u0131ro\u011flu, tak\u0131m arkada\u015flar\u0131yla birlikte bu co\u015fkuya ortak olmu\u015ftur. Bu esnada Galatasaray futbolcusu\u00a0Abd\u00fclkerim Bardakc\u0131, oyuncumuza y\u00f6nelik olarak \u201cKa\u00e7 ya\u015f\u0131ndas\u0131n lan sen\u201d ifadeleriyle s\u00f6zl\u00fc sata\u015fmada bulunmu\u015ftur.<\/strong><\/p>\n\n\n\n<p><strong>Futbolcumuz, s\u00f6z konusu provokasyona kar\u015f\u0131l\u0131k vermemi\u015f, yaln\u0131zca rakip oyuncuya soyunma odas\u0131na gitmesi gerekti\u011fini i\u015faret etmi\u015ftir. Buna ra\u011fmen ilgili futbolcu, s\u00f6zl\u00fc sata\u015fmas\u0131n\u0131 s\u00fcrd\u00fcrm\u00fc\u015f ve ard\u0131ndan oyuncumuza y\u00f6nelik fiziki m\u00fcdahale giri\u015fiminde bulunmu\u015ftur.<\/strong><\/p>\n\n\n\n<p><strong>Herhangi bir provokatif davran\u0131\u015fta bulunmad\u0131\u011f\u0131 a\u00e7\u0131k\u00e7a g\u00f6r\u00fclen ve yaln\u0131zca galibiyet sevincini ya\u015fayan futbolcumuza y\u00f6nelik bu yakla\u015f\u0131m\u0131 \u015fiddetle k\u0131n\u0131yoruz.<\/strong><\/p>\n\n\n\n<p><strong>Futbolcumuzu hedef alan bu davran\u0131\u015flar\u0131n yan\u0131 s\u0131ra, olay sonras\u0131nda sosyal medyada oyuncumuz hakk\u0131nda yap\u0131lan \u00e7irkin ve kabul edilemez payla\u015f\u0131mlar\u0131 da en g\u00fc\u00e7l\u00fc \u015fekilde k\u0131n\u0131yor; konunun takip\u00e7isi olaca\u011f\u0131m\u0131z\u0131 ve sorumlular hakk\u0131nda gerekli hukuki s\u00fcre\u00e7lerin ba\u015flat\u0131laca\u011f\u0131n\u0131 \u00f6nemle vurguluyoruz.<\/strong><strong>&#8220;<\/strong><\/p>\n\n\n\n<figure class=\"wp-block-image\"><img decoding=\"async\" src=\"https:\/\/i12.haber7.net\/\/haber\/haber7\/photos\/2026\/14\/Y3ydx_1775391815_42.jpg\" alt=\"\"\/><\/figure>\n\n\n\n<p><\/p>\n","protected":false},"excerpt":{"rendered":"<p>Trabzonspor, 2-1 kazand\u0131klar\u0131 Galatasaray derbisinin ard\u0131ndan Abd\u00fclkerim Bardakc\u0131 ile gerilim ya\u015fayan gen\u00e7 futbolcu Onuralp \u00c7ak\u0131ro\u011flu i\u00e7in a\u00e7\u0131klama yapt\u0131. S\u00fcper Lig&#8217;in 28. haftas\u0131nda Trabzonspor&#8217;un Galatasaray&#8217;\u0131 2-1 ma\u011flup etti\u011fi kar\u015f\u0131la\u015fman\u0131n ard\u0131ndan Abd\u00fclkerim Bardakc\u0131 ile bordo-mavili tak\u0131m\u0131n gen\u00e7 futbolcusu Onuralp \u00c7ak\u0131ro\u011flu aras\u0131nda gerginlik ya\u015fanm\u0131\u015ft\u0131. Galatasarayl\u0131 futbolcular G\u00fcnay G\u00fcven\u00e7 ve Yunus Akg\u00fcn, ya\u015fanan tart\u0131\u015fmada Onuralp&#8217;in Abd\u00fclkerim&#8217;e k\u00fcf\u00fcr etti\u011fini tart\u0131\u015fman\u0131n [&hellip;]<\/p>\n","protected":false},"author":1,"featured_media":11078,"comment_status":"open","ping_status":"open","sticky":false,"template":"","format":"standard","meta":{"footnotes":""},"categories":[14],"tags":[4753,451,4755,4754,448,746,3276],"class_list":["post-11077","post","type-post","status-publish","format-standard","has-post-thumbnail","hentry","category-spor","tag-abdulkerim-bardakci","tag-galatasaray","tag-gunay-guvenc","tag-onuralp-cakiroglu","tag-trabzonspor","tag-trendyol-super-lig","tag-yunus-akgun"],"_links":{"self":[{"href":"https:\/\/www.trabzonmanset.com\/index.php\/wp-json\/wp\/v2\/posts\/11077","targetHints":{"allow":["GET"]}}],"collection":[{"href":"https:\/\/www.trabzonmanset.com\/index.php\/wp-json\/wp\/v2\/posts"}],"about":[{"href":"https:\/\/www.trabzonmanset.com\/index.php\/wp-json\/wp\/v2\/types\/post"}],"author":[{"embeddable":true,"href":"https:\/\/www.trabzonmanset.com\/index.php\/wp-json\/wp\/v2\/users\/1"}],"replies":[{"embeddable":true,"href":"https:\/\/www.trabzonmanset.com\/index.php\/wp-json\/wp\/v2\/comments?post=11077"}],"version-history":[{"count":1,"href":"https:\/\/www.trabzonmanset.com\/index.php\/wp-json\/wp\/v2\/posts\/11077\/revisions"}],"predecessor-version":[{"id":11079,"href":"https:\/\/www.trabzonmanset.com\/index.php\/wp-json\/wp\/v2\/posts\/11077\/revisions\/11079"}],"wp:featuredmedia":[{"embeddable":true,"href":"https:\/\/www.trabzonmanset.com\/index.php\/wp-json\/wp\/v2\/media\/11078"}],"wp:attachment":[{"href":"https:\/\/www.trabzonmanset.com\/index.php\/wp-json\/wp\/v2\/media?parent=11077"}],"wp:term":[{"taxonomy":"category","embeddable":true,"href":"https:\/\/www.trabzonmanset.com\/index.php\/wp-json\/wp\/v2\/categories?post=11077"},{"taxonomy":"post_tag","embeddable":true,"href":"https:\/\/www.trabzonmanset.com\/index.php\/wp-json\/wp\/v2\/tags?post=11077"}],"curies":[{"name":"wp","href":"https:\/\/api.w.org\/{rel}","templated":true}]}}