{"id":11049,"date":"2026-04-03T18:40:00","date_gmt":"2026-04-03T15:40:00","guid":{"rendered":"https:\/\/www.trabzonmanset.com\/?p=11049"},"modified":"2026-04-03T22:42:01","modified_gmt":"2026-04-03T19:42:01","slug":"cumhurbaskani-erdogan-rusya-devlet-baskani-putin-ile-telefonda-gorustu","status":"publish","type":"post","link":"https:\/\/www.trabzonmanset.com\/index.php\/2026\/04\/03\/cumhurbaskani-erdogan-rusya-devlet-baskani-putin-ile-telefonda-gorustu\/","title":{"rendered":"Cumhurba\u015fkan\u0131 Erdo\u011fan, Rusya Devlet Ba\u015fkan\u0131 Putin ile telefonda g\u00f6r\u00fc\u015ft\u00fc"},"content":{"rendered":"\n<p>Cumhurba\u015fkan\u0131 Recep Tayyip Erdo\u011fan, Rusya Devlet Ba\u015fkan\u0131 Vladimir Putin ile bir telefon g\u00f6r\u00fc\u015fmesi ger\u00e7ekle\u015ftirdi.<\/p>\n\n\n\n<p>Cumhurba\u015fkanl\u0131\u011f\u0131 \u0130leti\u015fim Ba\u015fkanl\u0131\u011f\u0131n\u0131n sosyal medya hesab\u0131ndan yap\u0131lan a\u00e7\u0131klamaya g\u00f6re, liderler g\u00f6r\u00fc\u015fmede, T\u00fcrkiye ile Rusya ikili ili\u015fkileri, b\u00f6lgesel ve k\u00fcresel konular\u0131 ele ald\u0131.<\/p>\n\n\n\n<p>Cumhurba\u015fkan\u0131 Erdo\u011fan, g\u00f6r\u00fc\u015fmede, T\u00fcrkiye&#8217;nin \u0130ran&#8217;a y\u00f6nelik sald\u0131r\u0131lar\u0131 onaylamad\u0131\u011f\u0131n\u0131, \u0130ran&#8217;\u0131n b\u00f6lge \u00fclkelerine mukabelesini de tasvip etmedi\u011fini, sava\u015f\u0131n daha fazla kontrolden \u00e7\u0131kmamas\u0131 i\u00e7in t\u00fcm taraflarla bar\u0131\u015f ve istikrar odakl\u0131 temaslar\u0131n s\u00fcrd\u00fc\u011f\u00fcn\u00fc ifade etti.<\/p>\n\n\n\n<p>Erdo\u011fan, (\u0130srail Ba\u015fbakan\u0131 Binyamin) Netanyahu h\u00fck\u00fcmetinin b\u00f6lge genelindeki sald\u0131rgan politikalar\u0131n\u0131n \u00f6n\u00fcn\u00fcn al\u0131nmas\u0131 gerekti\u011fini, \u0130srail&#8217;in Kud\u00fcs&#8217;\u00fcn stat\u00fcs\u00fcn\u00fcn a\u015f\u0131nd\u0131r\u0131lmas\u0131na y\u00f6nelik ad\u0131mlar\u0131na m\u00fcsaade edilemeyece\u011fini belirtti.<\/p>\n\n\n\n<p>Cumhurba\u015fkan\u0131 Erdo\u011fan, Suriye&#8217;deki son durumu yak\u0131ndan takip etti\u011fini, Suriye&#8217;de istikrar\u0131 g\u00fc\u00e7lendirecek her ad\u0131m\u0131n T\u00fcrkiye ve Rusya&#8217;n\u0131n ortak menfaatine oldu\u011funu, buradaki kazan\u0131mlar\u0131n riske at\u0131lmamas\u0131n\u0131n \u00f6nemini vurgulad\u0131.<\/p>\n\n\n\n<p>Erdo\u011fan, Rusya-Ukrayna sava\u015f\u0131n\u0131n bar\u0131\u015fla neticelenmesi i\u00e7in T\u00fcrkiye&#8217;nin aray\u0131\u015flar\u0131n\u0131n sekteye u\u011frat\u0131lmamas\u0131n\u0131n \u00f6nemli oldu\u011funu, T\u00fcrkiye&#8217;nin t\u00fcm taraflara gerilimi t\u0131rmand\u0131racak ad\u0131mlardan uzak durmalar\u0131n\u0131 tavsiye etti\u011fini, Karadeniz&#8217;deki sivil gemilere sald\u0131r\u0131lar\u0131n istikrar ortam\u0131na zarar verdi\u011fini, \u0130ran sava\u015f\u0131n\u0131n Rusya-Ukrayna krizinde yeni \u00e7at\u0131\u015fma alanlar\u0131 olu\u015fturmamas\u0131 gerekti\u011fini kaydetti.<\/p>\n\n\n\n<p>Kaynak: AA<\/p>\n","protected":false},"excerpt":{"rendered":"<p>Cumhurba\u015fkan\u0131 Recep Tayyip Erdo\u011fan, Rusya Devlet Ba\u015fkan\u0131 Vladimir Putin ile bir telefon g\u00f6r\u00fc\u015fmesi ger\u00e7ekle\u015ftirdi. Cumhurba\u015fkanl\u0131\u011f\u0131 \u0130leti\u015fim Ba\u015fkanl\u0131\u011f\u0131n\u0131n sosyal medya hesab\u0131ndan yap\u0131lan a\u00e7\u0131klamaya g\u00f6re, liderler g\u00f6r\u00fc\u015fmede, T\u00fcrkiye ile Rusya ikili ili\u015fkileri, b\u00f6lgesel ve k\u00fcresel konular\u0131 ele ald\u0131. Cumhurba\u015fkan\u0131 Erdo\u011fan, g\u00f6r\u00fc\u015fmede, T\u00fcrkiye&#8217;nin \u0130ran&#8217;a y\u00f6nelik sald\u0131r\u0131lar\u0131 onaylamad\u0131\u011f\u0131n\u0131, \u0130ran&#8217;\u0131n b\u00f6lge \u00fclkelerine mukabelesini de tasvip etmedi\u011fini, sava\u015f\u0131n daha fazla kontrolden [&hellip;]<\/p>\n","protected":false},"author":1,"featured_media":11050,"comment_status":"open","ping_status":"open","sticky":false,"template":"","format":"standard","meta":{"footnotes":""},"categories":[11],"tags":[846,181,797,1924],"class_list":["post-11049","post","type-post","status-publish","format-standard","has-post-thumbnail","hentry","category-manset","tag-cumhurbaskani-erdogan","tag-iran","tag-suriye","tag-vladimir-putin"],"_links":{"self":[{"href":"https:\/\/www.trabzonmanset.com\/index.php\/wp-json\/wp\/v2\/posts\/11049","targetHints":{"allow":["GET"]}}],"collection":[{"href":"https:\/\/www.trabzonmanset.com\/index.php\/wp-json\/wp\/v2\/posts"}],"about":[{"href":"https:\/\/www.trabzonmanset.com\/index.php\/wp-json\/wp\/v2\/types\/post"}],"author":[{"embeddable":true,"href":"https:\/\/www.trabzonmanset.com\/index.php\/wp-json\/wp\/v2\/users\/1"}],"replies":[{"embeddable":true,"href":"https:\/\/www.trabzonmanset.com\/index.php\/wp-json\/wp\/v2\/comments?post=11049"}],"version-history":[{"count":1,"href":"https:\/\/www.trabzonmanset.com\/index.php\/wp-json\/wp\/v2\/posts\/11049\/revisions"}],"predecessor-version":[{"id":11051,"href":"https:\/\/www.trabzonmanset.com\/index.php\/wp-json\/wp\/v2\/posts\/11049\/revisions\/11051"}],"wp:featuredmedia":[{"embeddable":true,"href":"https:\/\/www.trabzonmanset.com\/index.php\/wp-json\/wp\/v2\/media\/11050"}],"wp:attachment":[{"href":"https:\/\/www.trabzonmanset.com\/index.php\/wp-json\/wp\/v2\/media?parent=11049"}],"wp:term":[{"taxonomy":"category","embeddable":true,"href":"https:\/\/www.trabzonmanset.com\/index.php\/wp-json\/wp\/v2\/categories?post=11049"},{"taxonomy":"post_tag","embeddable":true,"href":"https:\/\/www.trabzonmanset.com\/index.php\/wp-json\/wp\/v2\/tags?post=11049"}],"curies":[{"name":"wp","href":"https:\/\/api.w.org\/{rel}","templated":true}]}}