{"id":10990,"date":"2026-04-01T19:20:00","date_gmt":"2026-04-01T16:20:00","guid":{"rendered":"https:\/\/www.trabzonmanset.com\/?p=10990"},"modified":"2026-04-01T20:57:04","modified_gmt":"2026-04-01T17:57:04","slug":"cumhurbaskani-erdogan-turkiyeyi-bu-yanginin-uzaginda-tutmakta-kararliyiz","status":"publish","type":"post","link":"https:\/\/www.trabzonmanset.com\/index.php\/2026\/04\/01\/cumhurbaskani-erdogan-turkiyeyi-bu-yanginin-uzaginda-tutmakta-kararliyiz\/","title":{"rendered":"Cumhurba\u015fkan\u0131 Erdo\u011fan: T\u00fcrkiye&#8217;yi bu yang\u0131n\u0131n uza\u011f\u0131nda tutmakta kararl\u0131y\u0131z"},"content":{"rendered":"\n<p>Cumhurba\u015fkan\u0131 ve AK Parti Genel Ba\u015fkan\u0131 Recep Tayyip Erdo\u011fan, &#8220;Sava\u015f, tehdit d\u00fczeyini art\u0131rarak devam ediyor. \u00d6nceli\u011fimiz \u00fclkemizin bu d\u00f6nemi kazas\u0131z belas\u0131z atlatmas\u0131. T\u00fcrkiye&#8217;yi bu yang\u0131n\u0131n uza\u011f\u0131nda tutmakta kararl\u0131y\u0131z.&#8221; dedi.<\/p>\n\n\n\n<p>Erdo\u011fan, AK Parti TBMM Grup Toplant\u0131s\u0131&#8217;nda yapt\u0131\u011f\u0131 konu\u015fmada, D\u00fcnya Kupas\u0131&#8217;na gitmeye hak kazanan A Milli Futbol Tak\u0131m\u0131&#8217;n\u0131 tebrik etti.<\/p>\n\n\n\n<p>Cumhurba\u015fkan\u0131 Erdo\u011fan, \u015fu ifadeleri kulland\u0131:<\/p>\n\n\n\n<p>&#8220;2026 D\u00fcnya Kupas\u0131 play-off finalinde Kosova&#8217;y\u0131 ma\u011flup ederek D\u00fcnya Kupas\u0131&#8217;na kat\u0131lmaya hak kazanan A Milli Futbol Tak\u0131m\u0131&#8217;m\u0131z\u0131, Bizim \u00c7ocuklar&#8217;\u0131 g\u00f6n\u00fclden tebrik ediyorum. Ay y\u0131ld\u0131zl\u0131 bayra\u011f\u0131m\u0131z\u0131 24 y\u0131l\u0131n ard\u0131ndan futbolun bu en b\u00fcy\u00fck sahnesinde dalgaland\u0131racak olan milli tak\u0131m\u0131m\u0131za \u00f6nce Avustralya, Paraguay ve ABD&#8217;ye kar\u015f\u0131 oynayaca\u011f\u0131m\u0131z grup ma\u00e7lar\u0131nda, daha sonra in\u015fallah finale kadar gidece\u011fimizi \u00fcmit etti\u011fimiz m\u00fccadelelerde \u015fimdiden ba\u015far\u0131lar diliyorum. Bizim \u00c7ocuklar&#8217;\u0131n her zaman oldu\u011fu gibi ay y\u0131ld\u0131zl\u0131 formay\u0131 zaferden zafere ta\u015f\u0131yaca\u011f\u0131na, aziz milletimizin g\u00f6\u011fs\u00fcn\u00fc kabartaca\u011f\u0131na y\u00fcrekten inan\u0131yorum. T\u00fcm sporcular\u0131m\u0131z\u0131n al\u0131nlar\u0131ndan \u00f6p\u00fcyorum.&#8221;<\/p>\n\n\n\n<h3 class=\"wp-block-heading\">&#8220;Bayramlar\u0131n bayram gibi ya\u015fand\u0131\u011f\u0131 g\u00fcnlere Rabb&#8217;im hepimizi eri\u015ftirsin&#8221;<\/h3>\n\n\n\n<p>&#8220;T\u00fcm milletimizin, g\u00f6n\u00fcl ve k\u00fclt\u00fcr co\u011frafyam\u0131zdaki b\u00fct\u00fcn karde\u015flerimin ge\u00e7mi\u015f Ramazan Bayram\u0131&#8217;n\u0131 tebrik ediyorum. Rabb&#8217;imden bizleri co\u011frafyam\u0131zda \u00e7at\u0131\u015fmalar\u0131n ve sava\u015flar\u0131n olmad\u0131\u011f\u0131, huzurla ge\u00e7irece\u011fimiz bayramlara kavu\u015fturmas\u0131n\u0131 niyaz ediyorum&#8221; diyen Erdo\u011fan, \u015fu ifadeleri kulland\u0131:<\/p>\n\n\n\n<p>&#8220;Rahmetli Alvarl\u0131 Efe Hazretlerinden ilhamla s\u00f6yleyecek olursak; can\u0131n canan\u0131n\u0131 buldu\u011fu, h\u00fczn\u00fc kederin defoldu\u011fu, c\u00fcmle g\u00fcnahlar\u0131n affoldu\u011fu, dertlerin derman buldu\u011fu, \u0130slam aleminin huzura kavu\u015ftu\u011fu, g\u00f6zya\u015flar\u0131n\u0131n yerini tebess\u00fcmlere b\u0131rakt\u0131\u011f\u0131, Gazze&#8217;den L\u00fcbnan&#8217;a, Sudan&#8217;dan Yemen&#8217;e, \u0130ran&#8217;dan K\u00f6rfez&#8217;e, b\u00f6lgemizin d\u00f6rt bir yan\u0131nda bar\u0131\u015f r\u00fczgarlar\u0131n\u0131n esti\u011fi, has\u0131l\u0131 bayramlar\u0131n bayram gibi ya\u015fand\u0131\u011f\u0131 o g\u00fczel g\u00fcnlere Rabb&#8217;im hepimizi, t\u00fcm M\u00fcsl\u00fcmanlar\u0131 ve insanl\u0131\u011f\u0131 eri\u015ftirsin.&#8221;<\/p>\n\n\n\n<h3 class=\"wp-block-heading\">&#8220;Karde\u015flik hukukumuzun zedelenmesine asla m\u00fcsaade etmeyece\u011fiz&#8221;<\/h3>\n\n\n\n<p>Erdo\u011fan, Geni\u015fletilmi\u015f \u0130l Ba\u015fkanlar\u0131 Toplant\u0131s\u0131&#8217;nda detaylar\u0131yla anlatt\u0131\u011f\u0131 Ramazan faaliyetleri dolay\u0131s\u0131yla AK Parti te\u015fkilatlar\u0131n\u0131 ayr\u0131 ayr\u0131 tebrik ederek, \u015f\u00f6yle konu\u015ftu:<\/p>\n\n\n\n<p>&#8220;Ramazanda yakalad\u0131\u011f\u0131m\u0131z ivmeyi in\u015fallah art\u0131rarak devam ettirece\u011fiz. 23 y\u0131ld\u0131r oldu\u011fu gibi yine k\u0131rmadan, d\u00f6kmeden, ayr\u0131\u015ft\u0131rmadan, tam tersine g\u00f6n\u00fcller kazanarak, g\u00f6n\u00fcller fethederek yola devam edecek, milletimizin hay\u0131r duas\u0131na mazhar olabilmek i\u00e7in geceyi g\u00fcnd\u00fcze ekleyece\u011fiz. Etnik k\u00f6keni, dili, mezhebi, fikirleri, d\u00fcnya g\u00f6r\u00fc\u015f\u00fc her ne olursa olsun 86 milyonu kendimize karde\u015f ve kaderda\u015f bilecek, karde\u015flik hukukumuzun zedelenmesine asla m\u00fcsaade etmeyece\u011fiz. Ramazan Bayram\u0131&#8217;n\u0131n sizler i\u00e7in t\u00fcm T\u00fcrkiye i\u00e7in \u0130slam co\u011frafyas\u0131 ve insanl\u0131k i\u00e7in tekrar kutlu ve m\u00fcbarek olmas\u0131n\u0131; bar\u0131\u015fa, huzura, karde\u015flik ve dayan\u0131\u015fmaya vesile olmas\u0131n\u0131 Cenab\u0131hak&#8217;tan niyaz ediyorum. Ayn\u0131 \u015fekilde, T\u00fcrkiye ba\u015fta olmak \u00fczere ortak co\u011frafyam\u0131zda bahar\u0131n m\u00fcjdecisi olarak b\u00fcy\u00fck bir co\u015fkuyla kutlanan Nevruz Bayram\u0131&#8217;n\u0131z\u0131 tebrik ediyorum. Nevruz g\u00fcn\u00fcn\u00fcn, be\u015f-on provokat\u00f6r\u00fcn kundaklama giri\u015fimine ra\u011fmen, ge\u00e7ti\u011fimiz y\u0131l oldu\u011fu gibi bu sene de herhangi bir ta\u015fk\u0131nl\u0131k ya\u015fanmadan kutlanmas\u0131ndan duydu\u011fumuz memnuniyeti tekrar ifade ediyorum. Nevruz&#8217;u anlam\u0131na ve ruhuna uygun \u015fekilde idrak eden aziz milletimize sa\u011fduyusundan \u00f6t\u00fcr\u00fc tekrar te\u015fekk\u00fcr ediyor, Nevruz&#8217;un da hay\u0131rlara vesile olmas\u0131n\u0131 diliyorum.&#8221;<\/p>\n\n\n\n<h3 class=\"wp-block-heading\">&#8220;Hatalar\u0131n\u0131 anlay\u0131p do\u011fru yolu bulurlar umuduyla hareket ettik&#8221;<\/h3>\n\n\n\n<p>AK Parti ve Cumhur \u0130ttifak\u0131 olarak bilhassa b\u00f6lgenin i\u00e7inden ge\u00e7ti\u011fi sanc\u0131l\u0131 atmosferde \u00fcsluplar\u0131na \u00e7ok \u00f6zen g\u00f6sterdiklerini vurgulayan Erdo\u011fan, \u015f\u00f6yle devam etti:<\/p>\n\n\n\n<p>&#8220;Kelimelerimizi tartarak konu\u015fuyoruz. K\u0131r\u0131c\u0131 olmamaya \u00f6zellikle gayret ediyoruz. Sa\u011fduyuyu, serinkanl\u0131l\u0131\u011f\u0131, s\u00fckuneti elden b\u0131rakm\u0131yoruz. 86 milyonun h\u00fck\u00fcmeti oldu\u011fumuzu, 86 milyonun her bir ferdinin kutsal emanetini ta\u015f\u0131d\u0131\u011f\u0131m\u0131z\u0131, vatanda\u015flar\u0131m\u0131z\u0131n tamam\u0131n\u0131n g\u00f6z\u00fcn\u00fcn \u00fczerimizde oldu\u011funu bir an olsun akl\u0131m\u0131zdan \u00e7\u0131karm\u0131yoruz. Dikkat ederseniz, Ramazan-\u0131 \u015eerif boyunca ana muhalefetin \u015fahs\u0131m\u0131z\u0131 ve partimizi hedef alan, \u00e7o\u011fu zaman da edep ve siyasi nezaket s\u0131n\u0131rlar\u0131n\u0131 fazlas\u0131yla a\u015fan sald\u0131rgan sistemleri kar\u015f\u0131s\u0131nda itidalimizi koruduk ve kimi zaman duymazdan geldik. Kimi zaman genel ba\u015fkan\u0131n acemili\u011fine verdik. Kimi zaman belki kendilerine \u00e7ekid\u00fczen verirler, ak\u0131llar\u0131n\u0131 ba\u015flar\u0131na al\u0131rlar, hatalar\u0131n\u0131 anlay\u0131p do\u011fru yolu bulurlar umuduyla hareket ettik. Mecbur kalmad\u0131k\u00e7a, i\u015f \u00e7\u0131\u011f\u0131r\u0131ndan \u00e7\u0131kmad\u0131k\u00e7a, milletimizin hak ve hukukuna y\u00f6nelik taciz olmad\u0131k\u00e7a sata\u015fmalar\u0131na cevap vermedik.&#8221;<\/p>\n\n\n\n<h3 class=\"wp-block-heading\">&#8220;Bizi me\u015fgul edecek her t\u00fcrl\u00fc siyasi tart\u0131\u015fmadan uzak durduk&#8221;<\/h3>\n\n\n\n<p>Erdo\u011fan, CHP y\u00f6netiminin son d\u00f6nemdeki baz\u0131 s\u00f6ylemlerini ele\u015ftirdi.<\/p>\n\n\n\n<p>&#8220;Etraf\u0131m\u0131z ate\u015f \u00e7emberine d\u00f6nm\u00fc\u015fken, s\u0131n\u0131rlar\u0131m\u0131z\u0131n hemen \u00f6tesinde f\u00fczeler ve dronlar havada u\u00e7u\u015fuyorken konsantrasyonumuzu bozacak, bizi me\u015fgul edecek her t\u00fcrl\u00fc siyasi tart\u0131\u015fmadan uzak durduk. \u015eunu herkes bilsin ki s\u00fckutumuz, at\u0131lan iftiralar\u0131, yap\u0131lan edepsizlikleri sineye \u00e7ekti\u011fimizden de\u011fil, tam aksine edebimizdendi, vakar\u0131m\u0131zdand\u0131&#8221; diyen Erdo\u011fan, &#8220;Nadan ile sohbet etmek g\u00fc\u00e7t\u00fcr bilene, \u00e7\u00fcnk\u00fc nadan ne gelirse s\u00f6yler diline&#8221; s\u00f6zlerini hat\u0131rlatt\u0131.<\/p>\n\n\n\n<p>Cumhurba\u015fkan\u0131 Erdo\u011fan, &#8220;nadan&#8221; ile muhatap olmak, vakti ve nefesi israf etmek yerine sadece i\u015flerine ve millete hizmet etmeye odakland\u0131klar\u0131n\u0131, 23 y\u0131ld\u0131r oldu\u011fu gibi laf \u00fcst\u00fcne laf koyman\u0131n de\u011fil, ta\u015f \u00fcst\u00fcne ta\u015f koyman\u0131n \u00e7abas\u0131n\u0131 g\u00f6sterdiklerini vurgulad\u0131.<\/p>\n\n\n\n<p>T\u00fcrkiye&#8217;yi k\u00fcresel oyuncu haline getirmenin m\u00fccadelesi i\u00e7erisinde bulunduklar\u0131na, co\u011frafyadaki akan g\u00f6z ya\u015f\u0131 ve kan\u0131 durdurman\u0131n, mazlum ve ma\u011fdurlara zor g\u00fcnlerinde el uzatman\u0131n derdinde olduklar\u0131na i\u015faret eden Erdo\u011fan, Nam\u0131k Kemal&#8217;in &#8220;Usanmaz kendini insan bilenler halka hizmetten, m\u00fcr\u00fcvvetmend olan mazluma el \u00e7ekmez ianetten&#8221; s\u00f6zlerinin duru\u015flar\u0131n\u0131 tarif etti\u011fini s\u00f6yledi.<\/p>\n\n\n\n<p>AK Parti kadrolar\u0131n\u0131n halka hizmetten usanmad\u0131\u011f\u0131n\u0131 dile getiren Erdo\u011fan, &#8220;a\u015fkla ko\u015fan yorulmaz&#8221; \u015fiar\u0131yla ko\u015fmaya ve ko\u015fturmaya devam ettiklerinin alt\u0131n\u0131 \u00e7izerek, &#8220;Muhalefetin k\u00f6p\u00fcrtt\u00fc\u011f\u00fc sanal g\u00fcndemlerin kuyru\u011funa tak\u0131lmadan T\u00fcrkiye Y\u00fczy\u0131l\u0131 vizyonumuz do\u011frultusunda emin ad\u0131mlarla ilerliyoruz.&#8221; diye konu\u015ftu.<\/p>\n\n\n\n<p>\u0130leti\u015fim ve haberle\u015fme alan\u0131nda d\u00fcn yeni bir d\u00f6nemi ba\u015flatt\u0131klar\u0131n\u0131 aktaran Erdo\u011fan, T\u00fcrkiye&#8217;nin 5G teknolojisiyle tan\u0131\u015ft\u0131\u011f\u0131n\u0131 belirtti.<\/p>\n\n\n\n<p>T\u00fcrkiye&#8217;nin rekabet g\u00fcc\u00fcn\u00fc art\u0131racak, haberle\u015fme, teknoloji, enerji ve \u00fcretim verimlili\u011fini y\u00fckseltecek, dijital ba\u011f\u0131ms\u0131zl\u0131\u011f\u0131 per\u00e7inleyecek 5G teknolojisini \u00fclkeye kazand\u0131rman\u0131n bahtiyarl\u0131\u011f\u0131n\u0131 ya\u015fad\u0131klar\u0131n\u0131 anlatan Erdo\u011fan, 4,5G teknolojisinden 10 kat daha h\u0131zl\u0131 veri aktar\u0131m\u0131 sa\u011flayan 5G&#8217;nin, T\u00fcrkiye&#8217;yi dijital d\u00f6n\u00fc\u015f\u00fcm\u00fcn merkezine ta\u015f\u0131yaca\u011f\u0131n\u0131 kaydetti.<\/p>\n\n\n\n<p>Erdo\u011fan, devrim niteli\u011findeki 5G teknolojisini, a\u015famal\u0131 stratejiyle yayg\u0131nla\u015ft\u0131racaklar\u0131n\u0131, ilk etapta kullan\u0131c\u0131 talebinin y\u00fcksek oldu\u011fu yo\u011fun trafik b\u00f6lgelerinden ba\u015flayarak, T\u00fcrkiye&#8217;nin her k\u00f6\u015fesine ula\u015ft\u0131racaklar\u0131n\u0131 aktard\u0131.<\/p>\n\n\n\n<p>5G hizmetlerini 2 y\u0131l i\u00e7erisinde T\u00fcrkiye&#8217;nin her noktas\u0131nda vatanda\u015flar\u0131n hizmetine sunacaklar\u0131n\u0131 bildiren Erdo\u011fan, ileti\u015fimin yan\u0131 s\u0131ra ula\u015ft\u0131rmadan sa\u011fl\u0131\u011fa, tar\u0131mdan \u00fcretime, ekonomiden e\u011fitime geni\u015f bir yelpazede bir d\u00f6nemin kap\u0131lar\u0131n\u0131 a\u00e7acak 5G teknolojisinin hay\u0131rl\u0131 olmas\u0131n\u0131 diledi.<\/p>\n\n\n\n<h3 class=\"wp-block-heading\">&#8220;Millet, e\u011friyi do\u011frudan, samimiyi kolpac\u0131dan ay\u0131rmas\u0131n\u0131 \u00e7ok iyi bilir&#8221;<\/h3>\n\n\n\n<p>AK Parti ve Cumhur \u0130ttifak\u0131&#8217;n\u0131n sorumlulu\u011funun b\u00fcy\u00fck oldu\u011funu s\u00f6yleyen Erdo\u011fan, T\u00fcrkiye&#8217;yi b\u00f6lgedeki yang\u0131ndan koruma vazifelerinin bulundu\u011funu ifade etti.<\/p>\n\n\n\n<p>Erdo\u011fan, hizmetkar\u0131 olmaktan \u015feref duyduklar\u0131 milletin lokmas\u0131n\u0131 b\u00fcy\u00fctmek, refah\u0131n\u0131 art\u0131rmak, huzurunu temin etmek, gelece\u011fine g\u00fcvenle bakmas\u0131n\u0131 sa\u011flamak gibi a\u011f\u0131r mesuliyetlerinin bulundu\u011funu, bunlar\u0131 hi\u00e7bir zaman unutmayacaklar\u0131n\u0131 ve ihmal etmeyeceklerini dile getirdi.<\/p>\n\n\n\n<p>Hedefleriyle aralar\u0131na kimsenin girmesine izin vermeyeceklerine dikkati \u00e7eken Erdo\u011fan, son g\u00fcnlerde muhalefetin iyice z\u0131vanadan \u00e7\u0131kan \u00e7irkin \u00fcslup ve tav\u0131rlarda bulundu\u011funu vurgulad\u0131.<\/p>\n\n\n\n<p>Cumhurba\u015fkan\u0131 Erdo\u011fan, s\u00f6zlerini \u015f\u00f6yle s\u00fcrd\u00fcrd\u00fc:<\/p>\n\n\n\n<p>&#8220;Bir defa hepimiz \u015funun fark\u0131nda olmal\u0131y\u0131z, T\u00fcrk milleti irfan, basiret ve feraset sahibi bir millettir. Bu milletin g\u00f6z\u00fcn\u00fc boyayamazs\u0131n\u0131z, kand\u0131ramazs\u0131n\u0131z. Bu millete siyasi hokkabazl\u0131\u011f\u0131, cambazl\u0131\u011f\u0131, lafazanl\u0131\u011f\u0131 &#8216;siyaset&#8217; diye yutturamazs\u0131n\u0131z. Bu aziz millet, e\u011friyi do\u011frudan, samimiyi kolpac\u0131dan, yalanc\u0131y\u0131 d\u00fcr\u00fcstten, ahlakl\u0131y\u0131 ahlaks\u0131zdan ay\u0131rmas\u0131n\u0131, bunlar\u0131n tefrikini yapmas\u0131n\u0131 \u00e7ok iyi bilir.&#8221;<\/p>\n\n\n\n<p>Milletin, AK Parti ve Cumhur \u0130ttifak\u0131 ile ana muhalefet partisi CHP aras\u0131ndaki seviye, \u00fcslup, kalite, duru\u015f ve vizyon fark\u0131n\u0131 \u00e7ok net g\u00f6rd\u00fc\u011f\u00fcn\u00fc dile getiren Erdo\u011fan, bunun de\u011ferlendirmesini en g\u00fczel \u015fekilde yapt\u0131\u011f\u0131na i\u015faret etti.<\/p>\n\n\n\n<h3 class=\"wp-block-heading\">&#8220;Darbeye ve darbecilere destek vermek CHP&#8217;nin milli sporudur&#8221;<\/h3>\n\n\n\n<p>Erdo\u011fan, &#8220;CHP&#8217;nin ramazanda bile ara vermedi\u011fi, son g\u00fcnlerde iyice \u00e7irkinle\u015ftirerek s\u00fcrd\u00fcrd\u00fc\u011f\u00fc sald\u0131rgan s\u00f6ylemlerini milletin takip etti\u011fini, notu verdi\u011fini, bundan da zerre \u015f\u00fcphe duymad\u0131\u011f\u0131n\u0131&#8221; aktard\u0131.<\/p>\n\n\n\n<p>Cumhurba\u015fkan\u0131 Erdo\u011fan, \u015f\u00f6yle devam etti:<\/p>\n\n\n\n<p>&#8220;Ellerine ge\u00e7irdikleri her f\u0131rsat\u0131, \u015fahs\u0131m\u0131za ve partimize y\u00f6nelik bir hakaret senfonisine d\u00f6n\u00fc\u015ft\u00fcrerek unutmas\u0131nlar ki bizi ve partimizi de\u011fil, sadece kendilerini k\u00fc\u00e7\u00fck d\u00fc\u015f\u00fcr\u00fcrler. Biz bu oyuna hi\u00e7bir zaman alet olmad\u0131k, olmayaca\u011f\u0131z. Bilhassa i\u00e7inden ge\u00e7ti\u011fimiz hassas d\u00f6nemde, \u00f6fkenin, nefretin, \u00e7at\u0131\u015fma ve kavga dilinin siyaseti zehirlemesine g\u00f6z yummayaca\u011f\u0131z. Fakat gerekti\u011finde hadsize haddini bildirmenin, 40 yetime kaftan giydirmekten daha \u00fcst\u00fcn oldu\u011funu da \u00e7ok iyi bilece\u011fiz. Bu \u00fclkenin Cumhurba\u015fkan\u0131na, iktidar partisine \u00e7ok seviyesiz \u015fekilde dil uzatmak, \u00e7ok \u00e7irkin ifadelerle hakaret etmek ana muhalefetin ba\u015f\u0131ndaki zat dahil kimsenin hakk\u0131 da de\u011fildir, haddi de de\u011fildir. \u00c7\u00fcnk\u00fc bu \u00fclkede darbecili\u011fin ve cuntac\u0131l\u0131\u011f\u0131n kitab\u0131n\u0131 CHP yazm\u0131\u015ft\u0131r. T\u00fcrk siyasi tarihini a\u00e7\u0131p bak\u0131n, orada darbecilerle kol kola y\u00fcr\u00fcyen CHP&#8217;yi g\u00f6r\u00fcrs\u00fcn\u00fcz, orada puslu havalarda darbecilere mihmandarl\u0131k yapan CHP ile kar\u015f\u0131la\u015f\u0131rs\u0131n\u0131z, orada &#8216;\u00fcniversite \u00f6\u011frencilerinin k\u0131yma makinelerinden ge\u00e7irildi\u011fi&#8217; yalan\u0131yla darbeye ortam haz\u0131rlayan CHP&#8217;yi bulursunuz, \u00fclkemizde darbe gelene\u011fini ba\u015flatan, 27 May\u0131s&#8217;\u0131n ba\u015f akt\u00f6r\u00fc CHP&#8217;yi g\u00f6r\u00fcrs\u00fcn\u00fcz. 12 Mart Muht\u0131ras\u0131n\u0131n arkas\u0131nda CHP&#8217;nin sil\u00fceti vard\u0131r. 12 Eyl\u00fcl darbecilerinin ilham kayna\u011f\u0131 ayn\u0131 \u015fekilde CHP ideolojisidir. 28 \u015eubat&#8217;\u0131n m\u00fcsebbibi en az devrin vesayet\u00e7ileri kadar CHP zihniyetidir.&#8221;<\/p>\n\n\n\n<p>Erdo\u011fan, &#8220;3 Kas\u0131m 2002&#8217;den bu yana T\u00fcrkiye demokrasisini hedef alan provokasyonlar\u0131n tamam\u0131nda CHP&#8217;nin parmak izinin bulundu\u011funu, 27 Nisan bildirisi \u00f6ncesinde de toplumu ve siyaseti gerenin CHP oldu\u011funu&#8221; s\u00f6yledi.<\/p>\n\n\n\n<p>Gezi olaylar\u0131nda sokak darbesine yeltenenlerin s\u0131rt\u0131n\u0131 CHP&#8217;nin s\u0131vazlad\u0131\u011f\u0131n\u0131 ifade eden Erdo\u011fan, 17-25 Aral\u0131k darbe te\u015febb\u00fcs\u00fcnde de darbecilere CHP&#8217;nin \u00e7anak tuttu\u011funu kaydetti.<\/p>\n\n\n\n<p>15 Temmuz ihanetine &#8220;Kontroll\u00fc darbe&#8221; iftiras\u0131 atarak darbecileri aklamaya \u00e7al\u0131\u015fan\u0131n da CHP oldu\u011funun alt\u0131n\u0131 \u00e7izen Erdo\u011fan, &#8220;Kimse kusura bakmas\u0131n ama T\u00fcrkiye&#8217;nin siyasi terimler s\u00f6zl\u00fc\u011f\u00fcnde darbeci ve cuntac\u0131 s\u0131fat\u0131n\u0131n kar\u015f\u0131s\u0131nda CHP yazar. Darbecilik, CHP&#8217;nin karakteridir, ruhudur, kimli\u011fidir. Darbeye ve darbecilere destek vermek CHP&#8217;nin milli sporudur.&#8221; ifadesini kulland\u0131.<\/p>\n\n\n\n<h3 class=\"wp-block-heading\">&#8220;Biz bu s\u00fcrecin taraf\u0131 de\u011filiz&#8221;<\/h3>\n\n\n\n<p>Erdo\u011fan, CHP&#8217;nin &#8220;darbe sever&#8221; karakterini g\u00f6zler \u00f6n\u00fcne seren, ibretlik bir anekdotu payla\u015fmak istedi\u011fini ifade ederek, \u00f6zellikle CHP&#8217;nin sokaklar\u0131 ate\u015fe vermek i\u00e7in \u00f6ne s\u00fcrd\u00fc\u011f\u00fc gen\u00e7lerin bunu iyi dinlemesini istedi.<\/p>\n\n\n\n<p>Merhum Jandarma Y\u00fczba\u015f\u0131 Ahmet Er&#8217;in, Davutpa\u015fa K\u0131\u015flas\u0131&#8217;nda ziyaretine gitti\u011fi arkada\u015f\u0131 ve Tank Tabur Komutan\u0131 Binba\u015f\u0131 Orhan Erkanl\u0131&#8217;n\u0131n odas\u0131nda ya\u015fad\u0131klar\u0131na ili\u015fkin Erdo\u011fan, \u015funlar\u0131 s\u00f6yledi:<\/p>\n\n\n\n<p>&#8220;Bir g\u00fcn merhum Jandarma Y\u00fczba\u015f\u0131 Ahmet Er&#8217;in yolu Davutpa\u015fa K\u0131\u015flas\u0131&#8217;na d\u00fc\u015fer. Darbenin ayak sesleri i\u015fitilmektedir. Niyeti, arkada\u015f\u0131 Binba\u015f\u0131 Orhan Erkanl\u0131&#8217;y\u0131 ziyaret etmektir. Daha sonra CHP s\u0131ralar\u0131nda milletvekilli\u011fi yapacak olan Erkanl\u0131, Davutpa\u015fa&#8217;da Tank Tabur Komutan\u0131d\u0131r. Ahmet Er iki sivil ile g\u00f6r\u00fc\u015fme halinde olan Erkanl\u0131&#8217;n\u0131n odas\u0131na girer, odaya girince i\u00e7eride bulunan iki yabanc\u0131 bir anl\u0131k \u015fa\u015fk\u0131nl\u0131k ya\u015far. Binba\u015f\u0131 Erkanl\u0131 hemen duruma m\u00fcdahale eder, onlara d\u00f6ner ve &#8216;Y\u00fczba\u015f\u0131m yabanc\u0131 de\u011fil, devam edin&#8217; der. Bunun \u00fczerine sivil \u015fah\u0131s konu\u015fmaya, daha do\u011frusu Erkanl\u0131&#8217;ya brifing vermeye devam eder: &#8216;Efendim, Sara\u00e7hane&#8217;de iki grubu birbirleri ile \u00e7at\u0131\u015ft\u0131rd\u0131k. Kavga b\u00fct\u00fcn \u015fiddetiyle devam ediyor. Ba\u015fka bir emriniz var m\u0131?&#8217; diye de ekler. &#8216;Te\u015fekk\u00fcr ederim. B\u00f6yle devam edin&#8217; diyen Erkanl\u0131 bir s\u00fcre sonra onlar\u0131 yolcu eder.<\/p>\n\n\n\n<p>Ahmet Er \u015fa\u015fk\u0131nl\u0131kla, &#8216;Binba\u015f\u0131m bu adamlar kimdir?&#8217; diye sormaktan kendini alamaz. Erkanl\u0131&#8217;n\u0131n cevab\u0131 olduk\u00e7a manidard\u0131r, &#8216;Bunlar Halk Partisi milletvekilleridir&#8217;. Bu duruma Ahmet Er, &#8216;Memleketin gen\u00e7 evlatlar\u0131n\u0131 birbirlerine k\u0131rd\u0131r\u0131yorlar. Bu ne haince i\u015ftir&#8217; s\u00f6zleriyle tepki g\u00f6sterir. Erkanl\u0131 ise &#8216;Olaya \u00f6yle bakma, onlar ihtilale zemin haz\u0131rl\u0131yor&#8217; kar\u015f\u0131l\u0131\u011f\u0131n\u0131 verir. \u0130\u015fte CHP budur, CHP zihniyeti budur, CHP&#8217;nin demokrasiye, CHP&#8217;nin milli iradeye, gen\u00e7lerimize bak\u0131\u015f\u0131 budur. Bunlar\u0131n nazar\u0131nda gen\u00e7ler kimi zaman darbelere ortam haz\u0131rlamak, kimi zaman yolsuzluklar\u0131 atlamak i\u00e7in kullan\u0131l\u0131p at\u0131lacak bir sarf malzemesidir. CHP bu \u00fclkede darbecili\u011fin v\u00fccut bulmu\u015f, somutla\u015fm\u0131\u015f, tecess\u00fcm etmi\u015f halidir. Nas\u0131l tenekeyi sar\u0131ya boyamakla alt\u0131na d\u00f6n\u00fc\u015fmezse CHP&#8217;nin genlerine i\u015flemi\u015f darbeci zihniyeti de de\u011fi\u015fmez. E\u011fer de\u011fi\u015firse geriye CHP diye bir yap\u0131 kalmaz.&#8221;<\/p>\n\n\n\n<p>Cumhurba\u015fkan\u0131 Erdo\u011fan&#8217;\u0131n, &#8220;\u015eimdi isterseniz CHP&#8217;nin darbeci ge\u00e7mi\u015fini \u015f\u00f6yle bir hat\u0131rlayal\u0131m&#8221; s\u00f6zlerinin ard\u0131ndan Grup Toplant\u0131s\u0131 Salonu&#8217;nda video izletildi.<\/p>\n\n\n\n<p>Videonun ard\u0131ndan konu\u015fmas\u0131na devam eden Erdo\u011fan, kar\u015f\u0131lar\u0131nda kalibrelerine, kalitelerine, s\u0131kletlerine uygun bir siyasi rakip olmad\u0131\u011f\u0131n\u0131 belirtti.<\/p>\n\n\n\n<p>CHP Genel Ba\u015fkan\u0131 \u00d6zg\u00fcr \u00d6zel&#8217;i ele\u015ftiren Erdo\u011fan, \u015funlar\u0131 kaydetti:<\/p>\n\n\n\n<p>&#8220;Maalesef ana muhalefet partisinin genel ba\u015fkanl\u0131k koltu\u011funda a\u011fz\u0131 bozuk, ruh hali bozuk, \u00f6n\u00fcne gelene hakaretler savuran, dahas\u0131 hakaretlerinden y\u00fcz\u00fc dahi k\u0131zarmayan bir karakter bulunmaktad\u0131r. CHP&#8217;li vatanda\u015flar\u0131m\u0131z\u0131n da giderek pervas\u0131zla\u015fan bu s\u00f6ylemlerden, bu ak\u0131l ve ahlak tutulmas\u0131ndan rahats\u0131zl\u0131k duydu\u011funu \u00e7ok iyi biliyorum. Ben bu seviyesizli\u011fi hi\u00e7 kimseye de\u011fil, aziz milletime \u015fikayet ediyorum, aziz milletime havale ediyorum. Burada CHP&#8217;nin ba\u015f\u0131ndaki zata sadece \u015fu hat\u0131rlatmay\u0131 yapmak istiyorum, kabahat samurdan k\u00fcrk olsa kimse \u00fcst\u00fcne almazm\u0131\u015f. Bunu anl\u0131yoruz. Siz de bug\u00fcne kadar yoldan ge\u00e7en vatanda\u015ftan havada u\u00e7an ku\u015fa kadar ilgili ilgisiz herkese su\u00e7 att\u0131n\u0131z, kabahat buldunuz, g\u00fcnah ke\u00e7isi ilan ettiniz ama bir g\u00fcn olsun &#8216;H\u0131rs\u0131z\u0131n hi\u00e7 mi su\u00e7u yok?&#8217; sorusunu sormad\u0131n\u0131z. Bir g\u00fcn olsun &#8216;kabahati yok&#8217; demediniz. \u00d6zellikle biz dik durduk. Yolsuzlu\u011fu ihbar edenlerle, &#8216;r\u00fc\u015fvet verdim&#8217; diyenlerle u\u011fra\u015ft\u0131\u011f\u0131n\u0131z kadar r\u00fc\u015fveti alanlarla, yolsuzluk yapanlarla, esnaf\u0131 haraca ba\u011flayanlarla, belediyeleri arpal\u0131\u011fa \u00e7eviren karakter fukaralar\u0131yla u\u011fra\u015fmad\u0131n\u0131z. Kusura bakmay\u0131n fakat bu \u00fclke CHP&#8217;nin han-\u0131 ya\u011fmas\u0131 de\u011fildir. Belediye kaynaklar\u0131, CHP&#8217;li ba\u015fkanlar\u0131n han-\u0131 zi-safas\u0131 de\u011fildir. Dolay\u0131s\u0131yla hi\u00e7 kimse size &#8216;Yiyin efendiler, yiyin. Doyuncaya, t\u0131ks\u0131r\u0131ncaya, \u00e7atlay\u0131ncaya kadar yiyin&#8217; demez. Diyemez, demeyecektir.&#8221;<\/p>\n\n\n\n<p>T\u00fcrkiye Cumhuriyeti&#8217;nde kimsenin su\u00e7 i\u015fleme, yolsuzluk yapma, milletin emanetine ihanet etme ayr\u0131cal\u0131\u011f\u0131 olmad\u0131\u011f\u0131n\u0131 vurgulayan Erdo\u011fan, \u00fcst\u00fcnlerin hukukunun egemen oldu\u011fu g\u00fcnlerin eski T\u00fcrkiye&#8217;de kald\u0131\u011f\u0131n\u0131, \u00e7alan\u0131n, \u00e7\u0131rpan\u0131n, soyan\u0131n yan\u0131na kar kald\u0131\u011f\u0131 g\u00fcnlerin art\u0131k geride b\u0131rak\u0131ld\u0131\u011f\u0131n\u0131 dile getirdi.<\/p>\n\n\n\n<p>Erdo\u011fan, &#8220;Daha \u00f6nce defalarca s\u00f6yledim, bug\u00fcn tekrar ifade ediyorum. Biz bu s\u00fcrecin taraf\u0131 de\u011filiz. Sadece milletimiz ad\u0131na hakk\u0131n yerini bulmas\u0131n\u0131n takip\u00e7isiyiz. Bunun da hukukun temel ilkeleri \u00e7er\u00e7evesinde yap\u0131lmas\u0131n\u0131 arzu ediyor, adil ve tarafs\u0131z bir yarg\u0131lamayla ger\u00e7eklerin ortaya \u00e7\u0131kar\u0131lmas\u0131n\u0131, su\u00e7u s\u00fcbut bulanlardan hukuk \u00f6n\u00fcnde hesap sorulmas\u0131n\u0131 adaletin tecellisiyle birlikte T\u00fcrkiye&#8217;nin safralar\u0131ndan kurtulmas\u0131n\u0131 istiyoruz.&#8221; s\u00f6zlerini sarf etti.<\/p>\n\n\n\n<h3 class=\"wp-block-heading\">&#8220;T\u00fcrkiye&#8217;nin ilkeli duru\u015fu, tavr\u0131 d\u00fcnyaya ve b\u00f6lgeye verdi\u011fi mesajlar, insanl\u0131\u011f\u0131n ve vicdan\u0131n sesi olmu\u015ftur&#8221;<\/h3>\n\n\n\n<p>ABD\/\u0130srail-\u0130ran sava\u015f\u0131n\u0131 an\u0131msatan Erdo\u011fan, &#8220;B\u00f6lgemizde 28 \u015eubat&#8217;ta ba\u015flayan ve birinci ay\u0131n\u0131 dolduran sava\u015f, tehdit ve tehlike d\u00fczeyini art\u0131rarak devam ediyor. \u00d6nceli\u011fimiz \u00fclkemizin bu f\u0131rt\u0131nal\u0131 d\u00f6nemi kazas\u0131z belas\u0131z atlatmas\u0131d\u0131r. T\u00fcrkiye&#8217;yi bu yang\u0131n\u0131n uza\u011f\u0131nda tutmakta kararl\u0131y\u0131z. H\u00fck\u00fcmet olarak muhalefetin bizi \u00e7ekmek istedi\u011fi tuzaklara d\u00fc\u015fmeden, temkinli, itidalli, dengeli ve rasyonel bir zeminde bu s\u00fcreci y\u00f6netiyoruz.&#8221; diye konu\u015ftu.<\/p>\n\n\n\n<p>D\u0131\u015fi\u015fleri Bakan\u0131 Hakan Fidan&#8217;\u0131n \u0130slamabad&#8217;da d\u00fczenlenen Suudi Arabistan, M\u0131s\u0131r, Pakistan D\u0131\u015fi\u015fleri Bakanlar\u0131n\u0131n bir araya geldi\u011fi d\u00f6rtl\u00fc toplant\u0131ya kat\u0131ld\u0131\u011f\u0131n\u0131, toplant\u0131da endi\u015feleri ve sava\u015f\u0131 durdurmak i\u00e7in at\u0131labilecek ad\u0131mlar\u0131 dile getirdiklerini aktaran Erdo\u011fan, Milli Savunma Bakan\u0131 Ya\u015far G\u00fcler ve M\u0130T Ba\u015fkan\u0131 \u0130brahim Kal\u0131n ve di\u011fer ilgililerin de kendi g\u00f6rev alanlar\u0131 i\u00e7inde yo\u011fun gayret sarf ettiklerini anlatt\u0131.<\/p>\n\n\n\n<p>T\u00fcrkiye&#8217;nin tavr\u0131n\u0131n net oldu\u011funu, b\u00f6lgede bar\u0131\u015f\u0131n hakim olmas\u0131 i\u00e7in ne yap\u0131lmas\u0131 gerekiyorsa teredd\u00fcts\u00fcz yapmay\u0131 g\u00f6rev bildiklerini ifade eden Erdo\u011fan, &#8220;Akan kan\u0131n durmas\u0131, g\u00f6z ya\u015f\u0131n\u0131n dinmesi, silahlar\u0131n susmas\u0131, sorunlar\u0131n diplomasiyle \u00e7\u00f6z\u00fclebilmesi i\u00e7in \u015fayet i\u011fne ucu kadar dahi umut varsa bunu de\u011ferlendirmek boynumuzun borcudur. Sava\u015f\u0131n ba\u015f\u0131ndan beri T\u00fcrkiye&#8217;nin ilkeli duru\u015fu, tavr\u0131, d\u00fcnyaya ve b\u00f6lgeye verdi\u011fi mesajlar, insanl\u0131\u011f\u0131n ve vicdan\u0131n sesi olmu\u015ftur.&#8221; de\u011ferlendirmesinde bulundu.<\/p>\n\n\n\n<p>Cumhurba\u015fkan\u0131 Erdo\u011fan, karde\u015f ve dost \u00fclkelerin ya\u015fad\u0131\u011f\u0131 ac\u0131lar\u0131n bir an \u00f6nce son bulmas\u0131n\u0131 samimiyetle arzu ettiklerini belirterek, &#8220;Ancak b\u00f6lgemizi bekleyen tehlikelerin ba\u015f\u0131nda sava\u015f\u0131n uzamas\u0131n\u0131n yan\u0131 s\u0131ra b\u00f6lgesel bir i\u00e7 \u00e7at\u0131\u015fmaya d\u00f6n\u00fc\u015fmesi riski vard\u0131r. Enerji, ula\u015ft\u0131rma, sivil altyap\u0131ya y\u00f6nelik misillemeler maalesef bu ihtimali art\u0131rmaktad\u0131r. B\u00f6lgemizi yang\u0131n yerine \u00e7evirmekle kalmay\u0131p t\u00fcm insanl\u0131\u011f\u0131n omuzlar\u0131na \u00e7ok a\u011f\u0131r ekonomik bir y\u00fck bindiren bu hukuksuz sava\u015f\u0131n birinci derecede sorumlusu \u00e7at\u0131\u015fma, kaos ve kriz ba\u011f\u0131ml\u0131s\u0131 \u0130srail H\u00fck\u00fcmetidir. Sava\u015f\u0131n yeni cepheler a\u00e7\u0131lmak suretiyle devam etmesine sebebiyet verecek her geli\u015fme \u0130srail&#8217;in kanl\u0131 stratejisine hizmet edecek, b\u00f6lgemize ise kaybettirecektir. Sava\u015fta d\u00f6k\u00fclen her damla kan\u0131n, Netanyahu&#8217;nun siyasi \u00f6mr\u00fcn\u00fc uzatacak bir can suyu olaca\u011f\u0131 unutulmamal\u0131d\u0131r.&#8221; g\u00f6r\u00fc\u015f\u00fcn\u00fc payla\u015ft\u0131.<\/p>\n\n\n\n<p>\u0130ran&#8217;la sava\u015f\u0131n, k\u00fcresel bar\u0131\u015f vizyonuna hizmet etmedi\u011fini, tam tersine bu vizyonu sabote etti\u011finin, zora soktu\u011funun gayet a\u00e7\u0131k oldu\u011funu ifade eden Erdo\u011fan, s\u00f6zlerini \u015f\u00f6yle s\u00fcrd\u00fcrd\u00fc:<\/p>\n\n\n\n<p>&#8220;\u0130nsanl\u0131\u011f\u0131n s\u0131k\u0131\u015ft\u0131r\u0131ld\u0131\u011f\u0131 bu kapandan kurtulmas\u0131 i\u00e7in eldeki en b\u00fcy\u00fck imkan diplomasidir, diyalogdur, uzla\u015fmad\u0131r, maksimalist taleplerde \u0131srar etmek yerine asgari m\u00fc\u015ftereklerde bulu\u015fmaya \u00e7al\u0131\u015fmakt\u0131r. Ak\u0131l, vicdan, uluslararas\u0131 hukuk, adalet ve hakkaniyet bunu gerektirir. Temennimiz akl\u0131selimin egemen oldu\u011fu, b\u00f6ylece daha fazla kan d\u00f6k\u00fclmeden bar\u0131\u015fa giden yolun a\u00e7\u0131lmas\u0131d\u0131r. Biz bunun i\u00e7in elimizle birlikte gerekirse g\u00f6vdemizi de ta\u015f\u0131n alt\u0131na koymaya devam edece\u011fiz. Hazreti Peygamber&#8217;in m\u00fcbarek parmaklar\u0131n\u0131 birbirine kenetleyerek ifade buyurdu\u011fu \u015fu tavsiyelerini bu s\u00fcre\u00e7te kendimize rehber edece\u011fiz, &#8216;m\u00fcminin m\u00fcmine ba\u011fl\u0131l\u0131\u011f\u0131 ta\u015flar\u0131 kenetlenmi\u015f bir bina gibidir&#8217;. \u0130\u015fte bu karde\u015flik, bu kaderda\u015fl\u0131k, bu ruhu y\u00fcceltecek bir hassasiyetle mesuliyetimizi art\u0131raca\u011f\u0131z. Rabb&#8217;im yar ve yard\u0131mc\u0131m\u0131z olsun. Rabb&#8217;im T\u00fcrkiye&#8217;yi muzaffer k\u0131ls\u0131n diyorum.&#8221;<\/p>\n\n\n\n<h3 class=\"wp-block-heading\">Notlar<\/h3>\n\n\n\n<p>Cumhurba\u015fkan\u0131 Erdo\u011fan, 2026 D\u00fcnya Kupas\u0131 play-off finalinde Kosova&#8217;y\u0131 ma\u011flup ederek D\u00fcnya Kupas\u0131&#8217;na kat\u0131lmaya hak kazanan A Milli Futbol Tak\u0131m\u0131&#8217;n\u0131 tebrik ederek, milli tak\u0131m atk\u0131s\u0131yla k\u00fcrs\u00fcye \u00e7\u0131kt\u0131.<\/p>\n\n\n\n<p>Milli tak\u0131m\u0131n galibiyeti nedeniyle vekillerin s\u0131ras\u0131na da T\u00fcrk bayraklar\u0131 ve atk\u0131lar konuldu.<\/p>\n\n\n\n<p>Kaynak: AA<\/p>\n","protected":false},"excerpt":{"rendered":"<p>Cumhurba\u015fkan\u0131 ve AK Parti Genel Ba\u015fkan\u0131 Recep Tayyip Erdo\u011fan, &#8220;Sava\u015f, tehdit d\u00fczeyini art\u0131rarak devam ediyor. \u00d6nceli\u011fimiz \u00fclkemizin bu d\u00f6nemi kazas\u0131z belas\u0131z atlatmas\u0131. T\u00fcrkiye&#8217;yi bu yang\u0131n\u0131n uza\u011f\u0131nda tutmakta kararl\u0131y\u0131z.&#8221; dedi. Erdo\u011fan, AK Parti TBMM Grup Toplant\u0131s\u0131&#8217;nda yapt\u0131\u011f\u0131 konu\u015fmada, D\u00fcnya Kupas\u0131&#8217;na gitmeye hak kazanan A Milli Futbol Tak\u0131m\u0131&#8217;n\u0131 tebrik etti. Cumhurba\u015fkan\u0131 Erdo\u011fan, \u015fu ifadeleri kulland\u0131: &#8220;2026 D\u00fcnya [&hellip;]<\/p>\n","protected":false},"author":1,"featured_media":10991,"comment_status":"open","ping_status":"open","sticky":false,"template":"","format":"standard","meta":{"footnotes":""},"categories":[11],"tags":[2658,1587,562,846,620],"class_list":["post-10990","post","type-post","status-publish","format-standard","has-post-thumbnail","hentry","category-manset","tag-2026-dunya-kupasi","tag-a-milli-futbol-takimi","tag-ak-parti","tag-cumhurbaskani-erdogan","tag-recep-tayyip-erdogan"],"_links":{"self":[{"href":"https:\/\/www.trabzonmanset.com\/index.php\/wp-json\/wp\/v2\/posts\/10990","targetHints":{"allow":["GET"]}}],"collection":[{"href":"https:\/\/www.trabzonmanset.com\/index.php\/wp-json\/wp\/v2\/posts"}],"about":[{"href":"https:\/\/www.trabzonmanset.com\/index.php\/wp-json\/wp\/v2\/types\/post"}],"author":[{"embeddable":true,"href":"https:\/\/www.trabzonmanset.com\/index.php\/wp-json\/wp\/v2\/users\/1"}],"replies":[{"embeddable":true,"href":"https:\/\/www.trabzonmanset.com\/index.php\/wp-json\/wp\/v2\/comments?post=10990"}],"version-history":[{"count":1,"href":"https:\/\/www.trabzonmanset.com\/index.php\/wp-json\/wp\/v2\/posts\/10990\/revisions"}],"predecessor-version":[{"id":10992,"href":"https:\/\/www.trabzonmanset.com\/index.php\/wp-json\/wp\/v2\/posts\/10990\/revisions\/10992"}],"wp:featuredmedia":[{"embeddable":true,"href":"https:\/\/www.trabzonmanset.com\/index.php\/wp-json\/wp\/v2\/media\/10991"}],"wp:attachment":[{"href":"https:\/\/www.trabzonmanset.com\/index.php\/wp-json\/wp\/v2\/media?parent=10990"}],"wp:term":[{"taxonomy":"category","embeddable":true,"href":"https:\/\/www.trabzonmanset.com\/index.php\/wp-json\/wp\/v2\/categories?post=10990"},{"taxonomy":"post_tag","embeddable":true,"href":"https:\/\/www.trabzonmanset.com\/index.php\/wp-json\/wp\/v2\/tags?post=10990"}],"curies":[{"name":"wp","href":"https:\/\/api.w.org\/{rel}","templated":true}]}}