{"id":10977,"date":"2026-03-31T23:47:06","date_gmt":"2026-03-31T20:47:06","guid":{"rendered":"https:\/\/www.trabzonmanset.com\/?p=10977"},"modified":"2026-03-31T23:47:06","modified_gmt":"2026-03-31T20:47:06","slug":"24-yillik-hasret-sona-erdi-bizim-cocuklar-dunya-kupasinda","status":"publish","type":"post","link":"https:\/\/www.trabzonmanset.com\/index.php\/2026\/03\/31\/24-yillik-hasret-sona-erdi-bizim-cocuklar-dunya-kupasinda\/","title":{"rendered":"24 y\u0131ll\u0131k hasret sona erdi! Bizim \u00c7ocuklar D\u00fcnya Kupas\u0131&#8217;nda"},"content":{"rendered":"\n<p>A Milli Tak\u0131m 2026 FIFA D\u00fcnya Kupas\u0131 Avrupa Elemeleri play-off turu finalinde deplasmanda Kosova&#8217;y\u0131 1-0 ma\u011flup etti ve 2026 D\u00fcnya Kupas\u0131&#8217;na kat\u0131lmaya hak kazand\u0131.<\/p>\n\n\n\n<figure class=\"wp-block-image size-full\"><img loading=\"lazy\" decoding=\"async\" width=\"750\" height=\"500\" src=\"https:\/\/www.trabzonmanset.com\/wp-content\/uploads\/2026\/03\/2026_Mart_ardthtr1.jpg\" alt=\"\" class=\"wp-image-10979\" srcset=\"https:\/\/www.trabzonmanset.com\/wp-content\/uploads\/2026\/03\/2026_Mart_ardthtr1.jpg 750w, https:\/\/www.trabzonmanset.com\/wp-content\/uploads\/2026\/03\/2026_Mart_ardthtr1-300x200.jpg 300w\" sizes=\"auto, (max-width: 750px) 100vw, 750px\" \/><figcaption class=\"wp-element-caption\">2026 FIFA D\u00fcnya Kupas\u0131 Avrupa Elemeleri play-off turu finalinde Kosova ile T\u00fcrkiye, Fadil Vokrri Stad\u0131\u2019nda kar\u015f\u0131la\u015ft\u0131. Bir pozisyonda A Milli Futbol Tak\u0131m\u0131 oyuncusu Arda G\u00fcler (8) ile Kosova Milli Tak\u0131m\u0131 oyuncusu Elvis Rexhbecaj (6) m\u00fccadele etti. ( Hakan Akg\u00fcn &#8211; Anadolu Ajans\u0131 )<\/figcaption><\/figure>\n\n\n\n<p>A Milli Tak\u0131m 2026 FIFA\u00a0D\u00fcnya\u00a0Kupas\u0131\u00a0Avrupa\u00a0Elemeleri play-off turu finalinde deplasmanda\u00a0Kosova\u00a0ile kar\u015f\u0131la\u015ft\u0131. A Milli Tak\u0131m, m\u00fccadeleden 1-0 galip ayr\u0131ld\u0131 ve D\u00fcnya Kupas\u0131&#8217;na kat\u0131lmaya hak kazand\u0131.<\/p>\n\n\n\n<p>T\u00fcrkiye&#8217;nin gol\u00fcn\u00fc 53&#8217;te Kerem Akt\u00fcrko\u011flu kaydetti.<\/p>\n\n\n\n<p>Bu sonucun ard\u0131ndan T\u00fcrkiye, 2002 D\u00fcnya Kupas\u0131&#8217;n\u0131n ard\u0131ndan ilk kez D\u00fcnya Kupas\u0131 bileti ald\u0131 ve 24 y\u0131ll\u0131k hasrete son verdi.<\/p>\n\n\n\n<p>Milliler, turnuvada ABD, Avustralya ve Paraguay ile kar\u015f\u0131 kar\u015f\u0131ya gelecek.<\/p>\n\n\n\n<p>2026 D\u00fcnya Kupas\u0131, ABD, Kanada ve Meksika&#8217;n\u0131n ortak ev sahipli\u011finde d\u00fczenlenecek.<\/p>\n","protected":false},"excerpt":{"rendered":"<p>A Milli Tak\u0131m 2026 FIFA D\u00fcnya Kupas\u0131 Avrupa Elemeleri play-off turu finalinde deplasmanda Kosova&#8217;y\u0131 1-0 ma\u011flup etti ve 2026 D\u00fcnya Kupas\u0131&#8217;na kat\u0131lmaya hak kazand\u0131. A Milli Tak\u0131m 2026 FIFA\u00a0D\u00fcnya\u00a0Kupas\u0131\u00a0Avrupa\u00a0Elemeleri play-off turu finalinde deplasmanda\u00a0Kosova\u00a0ile kar\u015f\u0131la\u015ft\u0131. A Milli Tak\u0131m, m\u00fccadeleden 1-0 galip ayr\u0131ld\u0131 ve D\u00fcnya Kupas\u0131&#8217;na kat\u0131lmaya hak kazand\u0131. T\u00fcrkiye&#8217;nin gol\u00fcn\u00fc 53&#8217;te Kerem Akt\u00fcrko\u011flu kaydetti. Bu sonucun [&hellip;]<\/p>\n","protected":false},"author":1,"featured_media":10982,"comment_status":"open","ping_status":"open","sticky":false,"template":"","format":"standard","meta":{"footnotes":""},"categories":[11,14],"tags":[1586,1694,2413,154],"class_list":["post-10977","post","type-post","status-publish","format-standard","has-post-thumbnail","hentry","category-manset","category-spor","tag-2026-fifa-dunya-kupasi","tag-a-milli-takim","tag-kosova","tag-turkiye"],"_links":{"self":[{"href":"https:\/\/www.trabzonmanset.com\/index.php\/wp-json\/wp\/v2\/posts\/10977","targetHints":{"allow":["GET"]}}],"collection":[{"href":"https:\/\/www.trabzonmanset.com\/index.php\/wp-json\/wp\/v2\/posts"}],"about":[{"href":"https:\/\/www.trabzonmanset.com\/index.php\/wp-json\/wp\/v2\/types\/post"}],"author":[{"embeddable":true,"href":"https:\/\/www.trabzonmanset.com\/index.php\/wp-json\/wp\/v2\/users\/1"}],"replies":[{"embeddable":true,"href":"https:\/\/www.trabzonmanset.com\/index.php\/wp-json\/wp\/v2\/comments?post=10977"}],"version-history":[{"count":1,"href":"https:\/\/www.trabzonmanset.com\/index.php\/wp-json\/wp\/v2\/posts\/10977\/revisions"}],"predecessor-version":[{"id":10983,"href":"https:\/\/www.trabzonmanset.com\/index.php\/wp-json\/wp\/v2\/posts\/10977\/revisions\/10983"}],"wp:featuredmedia":[{"embeddable":true,"href":"https:\/\/www.trabzonmanset.com\/index.php\/wp-json\/wp\/v2\/media\/10982"}],"wp:attachment":[{"href":"https:\/\/www.trabzonmanset.com\/index.php\/wp-json\/wp\/v2\/media?parent=10977"}],"wp:term":[{"taxonomy":"category","embeddable":true,"href":"https:\/\/www.trabzonmanset.com\/index.php\/wp-json\/wp\/v2\/categories?post=10977"},{"taxonomy":"post_tag","embeddable":true,"href":"https:\/\/www.trabzonmanset.com\/index.php\/wp-json\/wp\/v2\/tags?post=10977"}],"curies":[{"name":"wp","href":"https:\/\/api.w.org\/{rel}","templated":true}]}}