{"id":10952,"date":"2026-03-30T17:17:00","date_gmt":"2026-03-30T14:17:00","guid":{"rendered":"https:\/\/www.trabzonmanset.com\/?p=10952"},"modified":"2026-03-30T20:19:20","modified_gmt":"2026-03-30T17:19:20","slug":"yillar-sonra-paylasilan-kare-cumhurbaskani-erdogan-isparta-finallerinde","status":"publish","type":"post","link":"https:\/\/www.trabzonmanset.com\/index.php\/2026\/03\/30\/yillar-sonra-paylasilan-kare-cumhurbaskani-erdogan-isparta-finallerinde\/","title":{"rendered":"Y\u0131llar sonra payla\u015f\u0131lan kare! Cumhurba\u015fkan\u0131 Erdo\u011fan Isparta finallerinde"},"content":{"rendered":"\n<p>Cumhurba\u015fkan\u0131 Recep Tayyip Erdo\u011fan&#8217;\u0131n, \u0130stanbul \u0130ktisadi Ticari \u0130limler Akademisi futbol tak\u0131m\u0131nda oynarken \u00e7ekilmi\u015f bir foto\u011fraf\u0131 payla\u015f\u0131ld\u0131.<\/p>\n\n\n\n<p>Ara\u015ft\u0131rmac\u0131 Erkan Yaz\u0131c\u0131,&nbsp;takip\u00e7isinden gelen Cumhurba\u015fkan\u0131 Erdo\u011fan&#8217;\u0131n&nbsp;\u0130stanbul \u0130ktisadi Ticari \u0130limler Akademisi futbol tak\u0131m\u0131nda oynad\u0131\u011f\u0131 bir foto\u011fraf\u0131 payla\u015ft\u0131.<\/p>\n\n\n\n<p>Foto\u011fraf\u0131n Isparta finallerinde \u00e7ekildi\u011fi ifade edildi.<\/p>\n\n\n\n<p><strong>\u0130\u015fte Cumhurba\u015fkan\u0131 Erdo\u011fan&#8217;\u0131n payla\u015f\u0131lan foto\u011fraf\u0131:<\/strong><\/p>\n\n\n\n<figure class=\"wp-block-image\"><img decoding=\"async\" src=\"https:\/\/i12.haber7.net\/\/haber\/haber7\/photos\/2026\/14\/D6PdX_1774877260_39.jpg\" alt=\"\"\/><\/figure>\n\n\n\n<p><\/p>\n","protected":false},"excerpt":{"rendered":"<p>Cumhurba\u015fkan\u0131 Recep Tayyip Erdo\u011fan&#8217;\u0131n, \u0130stanbul \u0130ktisadi Ticari \u0130limler Akademisi futbol tak\u0131m\u0131nda oynarken \u00e7ekilmi\u015f bir foto\u011fraf\u0131 payla\u015f\u0131ld\u0131. Ara\u015ft\u0131rmac\u0131 Erkan Yaz\u0131c\u0131,&nbsp;takip\u00e7isinden gelen Cumhurba\u015fkan\u0131 Erdo\u011fan&#8217;\u0131n&nbsp;\u0130stanbul \u0130ktisadi Ticari \u0130limler Akademisi futbol tak\u0131m\u0131nda oynad\u0131\u011f\u0131 bir foto\u011fraf\u0131 payla\u015ft\u0131. Foto\u011fraf\u0131n Isparta finallerinde \u00e7ekildi\u011fi ifade edildi. \u0130\u015fte Cumhurba\u015fkan\u0131 Erdo\u011fan&#8217;\u0131n payla\u015f\u0131lan foto\u011fraf\u0131:<\/p>\n","protected":false},"author":1,"featured_media":10953,"comment_status":"open","ping_status":"open","sticky":false,"template":"","format":"standard","meta":{"footnotes":""},"categories":[14],"tags":[1077,4704,620,485],"class_list":["post-10952","post","type-post","status-publish","format-standard","has-post-thumbnail","hentry","category-spor","tag-futbol","tag-isparta-finalleri","tag-recep-tayyip-erdogan","tag-spor"],"_links":{"self":[{"href":"https:\/\/www.trabzonmanset.com\/index.php\/wp-json\/wp\/v2\/posts\/10952","targetHints":{"allow":["GET"]}}],"collection":[{"href":"https:\/\/www.trabzonmanset.com\/index.php\/wp-json\/wp\/v2\/posts"}],"about":[{"href":"https:\/\/www.trabzonmanset.com\/index.php\/wp-json\/wp\/v2\/types\/post"}],"author":[{"embeddable":true,"href":"https:\/\/www.trabzonmanset.com\/index.php\/wp-json\/wp\/v2\/users\/1"}],"replies":[{"embeddable":true,"href":"https:\/\/www.trabzonmanset.com\/index.php\/wp-json\/wp\/v2\/comments?post=10952"}],"version-history":[{"count":1,"href":"https:\/\/www.trabzonmanset.com\/index.php\/wp-json\/wp\/v2\/posts\/10952\/revisions"}],"predecessor-version":[{"id":10954,"href":"https:\/\/www.trabzonmanset.com\/index.php\/wp-json\/wp\/v2\/posts\/10952\/revisions\/10954"}],"wp:featuredmedia":[{"embeddable":true,"href":"https:\/\/www.trabzonmanset.com\/index.php\/wp-json\/wp\/v2\/media\/10953"}],"wp:attachment":[{"href":"https:\/\/www.trabzonmanset.com\/index.php\/wp-json\/wp\/v2\/media?parent=10952"}],"wp:term":[{"taxonomy":"category","embeddable":true,"href":"https:\/\/www.trabzonmanset.com\/index.php\/wp-json\/wp\/v2\/categories?post=10952"},{"taxonomy":"post_tag","embeddable":true,"href":"https:\/\/www.trabzonmanset.com\/index.php\/wp-json\/wp\/v2\/tags?post=10952"}],"curies":[{"name":"wp","href":"https:\/\/api.w.org\/{rel}","templated":true}]}}