{"id":10923,"date":"2026-03-29T21:20:00","date_gmt":"2026-03-29T18:20:00","guid":{"rendered":"https:\/\/www.trabzonmanset.com\/?p=10923"},"modified":"2026-03-29T21:58:54","modified_gmt":"2026-03-29T18:58:54","slug":"manisada-feci-kaza-1i-agir-3-yarali","status":"publish","type":"post","link":"https:\/\/www.trabzonmanset.com\/index.php\/2026\/03\/29\/manisada-feci-kaza-1i-agir-3-yarali\/","title":{"rendered":"Manisa\u2019da feci kaza: 1\u2019i a\u011f\u0131r 3 yaral\u0131"},"content":{"rendered":"\n<p>Manisa\u2019n\u0131n Ala\u015fehir il\u00e7esinde otomobil ile canl\u0131 hayvan ta\u015f\u0131yan t\u0131r\u0131n \u00e7arp\u0131\u015fmas\u0131 sonucu meydana gelen trafik kazas\u0131nda 1\u2019i a\u011f\u0131r 3 ki\u015fi yaraland\u0131.<\/p>\n\n\n\n<p>Kaza, saat 19.30 s\u0131ralar\u0131nda Ala\u015fehir-Kiraz karayolu Girelli Mahallesi mevkiinde meydana geldi. Edinilen bilgilere g\u00f6re, Ala\u015fehir\u2019den Kiraz y\u00f6n\u00fcne seyir halinde olan M.\u015e. (19) idaresindeki 20 ABK 266 plakal\u0131 otomobil, kar\u015f\u0131 y\u00f6nden gelen A.K. (30) y\u00f6netimindeki 64 ET 202 plakal\u0131 canl\u0131 hayvan y\u00fckl\u00fc t\u0131rla \u00e7arp\u0131\u015ft\u0131. Kazada otomobilde bulunan s\u00fcr\u00fcc\u00fc M.\u015e. (19) a\u011f\u0131r yaralan\u0131rken, ara\u00e7ta yolcu olarak bulunan S.K. (19) ile t\u0131r s\u00fcr\u00fcc\u00fcs\u00fc A.K. (30) da yaraland\u0131. \u0130hbar \u00fczerine olay yerine sa\u011fl\u0131k ve jandarma ekipleri sevk edildi. Yaral\u0131lar, olay yerinde yap\u0131lan ilk m\u00fcdahalenin ard\u0131ndan Ala\u015fehir Devlet Hastanesi ile Sar\u0131g\u00f6l Devlet Hastanesi\u2019ne kald\u0131r\u0131larak tedavi alt\u0131na al\u0131nd\u0131.<\/p>\n\n\n\n<p>Jandarma ekipleri kazayla ilgili inceleme ba\u015flatt\u0131.<\/p>\n\n\n\n<p>Kaynak: \u0130HA<\/p>\n","protected":false},"excerpt":{"rendered":"<p>Manisa\u2019n\u0131n Ala\u015fehir il\u00e7esinde otomobil ile canl\u0131 hayvan ta\u015f\u0131yan t\u0131r\u0131n \u00e7arp\u0131\u015fmas\u0131 sonucu meydana gelen trafik kazas\u0131nda 1\u2019i a\u011f\u0131r 3 ki\u015fi yaraland\u0131. Kaza, saat 19.30 s\u0131ralar\u0131nda Ala\u015fehir-Kiraz karayolu Girelli Mahallesi mevkiinde meydana geldi. Edinilen bilgilere g\u00f6re, Ala\u015fehir\u2019den Kiraz y\u00f6n\u00fcne seyir halinde olan M.\u015e. (19) idaresindeki 20 ABK 266 plakal\u0131 otomobil, kar\u015f\u0131 y\u00f6nden gelen A.K. (30) y\u00f6netimindeki 64 [&hellip;]<\/p>\n","protected":false},"author":1,"featured_media":10924,"comment_status":"open","ping_status":"open","sticky":false,"template":"","format":"standard","meta":{"footnotes":""},"categories":[1371,1],"tags":[4685,1795,4684],"class_list":["post-10923","post","type-post","status-publish","format-standard","has-post-thumbnail","hentry","category-asayis","category-gundem","tag-alasehir-kaza","tag-manisa","tag-manisa-kaza"],"_links":{"self":[{"href":"https:\/\/www.trabzonmanset.com\/index.php\/wp-json\/wp\/v2\/posts\/10923","targetHints":{"allow":["GET"]}}],"collection":[{"href":"https:\/\/www.trabzonmanset.com\/index.php\/wp-json\/wp\/v2\/posts"}],"about":[{"href":"https:\/\/www.trabzonmanset.com\/index.php\/wp-json\/wp\/v2\/types\/post"}],"author":[{"embeddable":true,"href":"https:\/\/www.trabzonmanset.com\/index.php\/wp-json\/wp\/v2\/users\/1"}],"replies":[{"embeddable":true,"href":"https:\/\/www.trabzonmanset.com\/index.php\/wp-json\/wp\/v2\/comments?post=10923"}],"version-history":[{"count":1,"href":"https:\/\/www.trabzonmanset.com\/index.php\/wp-json\/wp\/v2\/posts\/10923\/revisions"}],"predecessor-version":[{"id":10925,"href":"https:\/\/www.trabzonmanset.com\/index.php\/wp-json\/wp\/v2\/posts\/10923\/revisions\/10925"}],"wp:featuredmedia":[{"embeddable":true,"href":"https:\/\/www.trabzonmanset.com\/index.php\/wp-json\/wp\/v2\/media\/10924"}],"wp:attachment":[{"href":"https:\/\/www.trabzonmanset.com\/index.php\/wp-json\/wp\/v2\/media?parent=10923"}],"wp:term":[{"taxonomy":"category","embeddable":true,"href":"https:\/\/www.trabzonmanset.com\/index.php\/wp-json\/wp\/v2\/categories?post=10923"},{"taxonomy":"post_tag","embeddable":true,"href":"https:\/\/www.trabzonmanset.com\/index.php\/wp-json\/wp\/v2\/tags?post=10923"}],"curies":[{"name":"wp","href":"https:\/\/api.w.org\/{rel}","templated":true}]}}