{"id":10912,"date":"2026-03-27T20:46:00","date_gmt":"2026-03-27T17:46:00","guid":{"rendered":"https:\/\/www.trabzonmanset.com\/?p=10912"},"modified":"2026-03-27T22:13:56","modified_gmt":"2026-03-27T19:13:56","slug":"savasin-faturasini-tum-insanlik-da-oduyor-cumhurbaskani-erdogandan-iran-savasi-uyarisi","status":"publish","type":"post","link":"https:\/\/www.trabzonmanset.com\/index.php\/2026\/03\/27\/savasin-faturasini-tum-insanlik-da-oduyor-cumhurbaskani-erdogandan-iran-savasi-uyarisi\/","title":{"rendered":"&#8220;Sava\u015f\u0131n faturas\u0131n\u0131 t\u00fcm insanl\u0131k da \u00f6d\u00fcyor&#8221; Cumhurba\u015fkan\u0131 Erdo\u011fan&#8217;dan \u0130ran sava\u015f\u0131 uyar\u0131s\u0131&#8221;"},"content":{"rendered":"\n<p>Cumhurba\u015fkan\u0131 Recep Tayyip Erdo\u011fan, &#8220;Enerji piyasalar\u0131nda \u00fcretim, bili\u015fim, ula\u015f\u0131m ve ticaret a\u011flar\u0131n\u0131n i\u015fleyi\u015fine kadar geni\u015f bir alanda sava\u015f\u0131n olumsuz etkilerini t\u00fcm d\u00fcnya hissediyor. Bir ayd\u0131r b\u00f6lgemizi sarsan bu anlams\u0131z, hukuksuz ve gereksiz sava\u015f\u0131n faturas\u0131n\u0131 \u00e7at\u0131\u015fmalar\u0131n taraf\u0131 kadar t\u00fcm insanl\u0131k da \u00f6d\u00fcyor. \u015eu bir ger\u00e7ek ki, \u00e7at\u0131\u015fmalar sona ermezse, \u00f6denecek fatura da kabaracakt\u0131r. Co\u011frafi mesafenin bu s\u00fcre\u00e7te bir anlam\u0131 olmayacak&#8221; dedi.<\/p>\n\n\n\n<p>D\u00fcnya Ekonomik Forumu (WEF) T\u00fcrkiye \u00dclke Stratejisi Toplant\u0131s\u0131, \u0130stanbul\u2019da ger\u00e7ekle\u015fti. Cumhurba\u015fkanl\u0131\u011f\u0131 Dolmabah\u00e7e Ofisi\u2019nde d\u00fczenlenen toplant\u0131ya Cumhurba\u015fkan\u0131 Recep Tayyip Erdo\u011fan, Cumhurba\u015fkan\u0131 Yard\u0131mc\u0131s\u0131 Cevdet Y\u0131lmaz, D\u0131\u015fi\u015fleri Bakan\u0131 Hakan Fidan, Hazine ve Maliye Bakan\u0131 Mehmet \u015eim\u015fek, Enerji ve Tabii Kaynaklar Bakan\u0131 Alparslan Bayraktar, Cumhurba\u015fkanl\u0131\u011f\u0131 \u0130leti\u015fim Ba\u015fkan\u0131 Burhanettin Duran, T\u00fcrkiye\u2019de yat\u0131r\u0131m\u0131 bulunan \u00e7ok uluslu \u015firketlerin k\u00fcresel CEO\u2019lar\u0131, uluslararas\u0131 finans kurulu\u015flar\u0131n\u0131n \u00fcst d\u00fczey temsilcileri ve dev fon y\u00f6neticileri kat\u0131ld\u0131. Cumhurba\u015fkan\u0131 Erdo\u011fan\u2019\u0131n ev sahipli\u011finde d\u00fczenlenen toplant\u0131, d\u00fcnyan\u0131n \u00f6nde gelen \u015firketlerinin \u00fcst d\u00fczey y\u00f6neticilerini T\u00fcrkiye\u2019nin ekonomi y\u00f6netimi ve ekonomi b\u00fcrokrasisiyle bir araya getirdi.<\/p>\n\n\n\n<p><strong>&#8220;\u015eu bir ger\u00e7ek ki, \u00e7at\u0131\u015fmalar sona ermezse, \u00f6denecek fatura da kabaracakt\u0131r&#8221;<\/strong><\/p>\n\n\n\n<p>Toplant\u0131da kat\u0131l\u0131mc\u0131lara hitap eden Cumhurba\u015fkan\u0131 Erdo\u011fan, &#8220;Bug\u00fcn burada hem sizlerin T\u00fcrkiye ekonomisine y\u00f6nelik de\u011ferlendirmelerinizi dinlemek, hem de \u015firketlerinizin gelecek vizyonunda \u00fclkemizi nas\u0131l konumland\u0131raca\u011f\u0131n\u0131z\u0131 anlamak \u00fczere, bir araya gelmi\u015f bulunuyoruz. Malumunuz son y\u0131llarda k\u00fcresel ekonomi, salg\u0131n sonras\u0131 toparlanma s\u00fcreci, ye\u015fil ve dijital d\u00f6n\u00fc\u015f\u00fcm, artan ticaret gerilimleriyle jeopolitik geli\u015fmelerle \u015fekillenen bir g\u00fcndemin i\u00e7inde s\u00fcr\u00fckleniyor. Enerji piyasalar\u0131nda \u00fcretim, bili\u015fim, ula\u015f\u0131m ve ticaret a\u011flar\u0131n\u0131n i\u015fleyi\u015fine kadar, geni\u015f bir alanda sava\u015f\u0131n olumsuz etkilerini t\u00fcm d\u00fcnya hissediyor. Daha \u00f6nce farkl\u0131 vesilelerle ifade etti\u011fim gibi, bir ayd\u0131r b\u00f6lgemizi sarsan bu anlams\u0131z, hukuksuz ve gereksiz sava\u015f\u0131n faturas\u0131n\u0131 \u00e7at\u0131\u015fmalar\u0131n taraf\u0131 kadar t\u00fcm insanl\u0131k da \u00f6d\u00fcyor. Diplomasi ve diyalog yoluyla ortak bir paydada bulu\u015fma imkan\u0131 varken, bu yollar\u0131n sabote edilmesinin y\u00fck\u00fcn\u00fc insanl\u0131k ailesi olarak hepimiz birlikte \u00e7ekiyoruz. \u015eu bir ger\u00e7ek ki, \u00e7at\u0131\u015fmalar sona ermezse, \u00f6denecek fatura da kabaracakt\u0131r. Co\u011frafi mesafenin bu s\u00fcre\u00e7te bir anlam\u0131 olmayacak. Hatta farkl\u0131 k\u0131talarda yer alan \u00fclkeler, anla\u015f\u0131ld\u0131\u011f\u0131 kadar\u0131yla enerji boyutuyla daha \u00e7ok etkilenecektir. K\u00fcresel risk analizleri, uluslararas\u0131 sistemde daha rekabet\u00e7i ve daha k\u0131r\u0131lgan bir d\u00f6neme girildi\u011fini ortaya koymaktad\u0131r. Bu yeni d\u00f6nemde global ekonomik d\u00fczen bir\u00e7ok cepheden tehdide maruz kalmaktad\u0131r. Enerji g\u00fcvenli\u011fi ve tedarik zincirlerinin a\u015f\u0131nmas\u0131 uluslararas\u0131 ticaret rejiminin erozyona u\u011framas\u0131 ve korumac\u0131 politikalar k\u0131r\u0131lganl\u0131klar\u0131 artt\u0131rmakta, t\u00fcm bu geli\u015fmeler istikrarl\u0131 ekonomilerin say\u0131s\u0131n\u0131 azaltmaktad\u0131r&#8221; ifadelerini kulland\u0131.<\/p>\n\n\n\n<figure class=\"wp-block-image\"><img decoding=\"async\" src=\"https:\/\/cdn.iha.com.tr\/Contents\/26-03\/27\/aw670838_05-1774637439.jpg\" alt=\"Cumhurba\u015fkan\u0131 Erdo\u011fan: \"\/><\/figure>\n\n\n\n<p>&#8220;K\u00fcresel Bir Merkezde B\u00fcy\u00fcme, Rekabet G\u00fcc\u00fcn\u00fc ve Dayan\u0131kl\u0131l\u0131\u011f\u0131 G\u00fc\u00e7lendirmek&#8221; temas\u0131yla ger\u00e7ekle\u015ftirilen toplant\u0131da, k\u00fcresel ekonomide T\u00fcrkiye\u2019nin konumu ve i\u015f birli\u011fi imkanlar\u0131 ele al\u0131nd\u0131. Toplant\u0131 kapsam\u0131nda Cumhurba\u015fkan\u0131 Erdo\u011fan\u2019\u0131n ba\u015fkanl\u0131k etti\u011fi ve 16 \u00fclkeden imalat, teknoloji, enerji, finans, altyap\u0131, varl\u0131k y\u00f6netimi, sa\u011fl\u0131k, g\u0131da ve havac\u0131l\u0131k gibi farkl\u0131 sekt\u00f6rlerden toplam de\u011feri 1,2 trilyon dolar\u0131 bulan 23 uluslararas\u0131 yat\u0131r\u0131mc\u0131n\u0131n kat\u0131ld\u0131\u011f\u0131 stratejik diyalog oturumu, T\u00fcrkiye\u2019nin k\u00fcresel ekonomik sistemdeki rol\u00fc, yat\u0131r\u0131m potansiyeli ve uzun vadeli b\u00fcy\u00fcme perspektifi \u00fczerine kapsaml\u0131 de\u011ferlendirmelere sahne oldu.<\/p>\n\n\n\n<p>Stratejik diyalog oturumuna Cumhurba\u015fkan\u0131 Yard\u0131mc\u0131s\u0131 Cevdet Y\u0131lmaz, D\u0131\u015fi\u015fleri Bakan\u0131 Hakan Fidan, Hazine ve Maliye Bakan\u0131 Mehmet \u015eim\u015fek, Enerji ve Tabii Kaynaklar Bakan\u0131 Alparslan Bayraktar, Cumhurba\u015fkanl\u0131\u011f\u0131 \u0130leti\u015fim Ba\u015fkan\u0131 Burhanettin Duran, Cumhurba\u015fkanl\u0131\u011f\u0131 Yat\u0131r\u0131m ve Finans Ofisi Ba\u015fkan\u0131 A. Burak Da\u011fl\u0131o\u011flu, T\u00fcrkiye Cumhuriyet Merkez Bankas\u0131 Ba\u015fkan\u0131 Fatih Karahan, AK Parti Ekonomiden Sorumlu Genel Ba\u015fkan Yard\u0131mc\u0131s\u0131 Nihat Zeybekci\u2019nin yan\u0131 s\u0131ra BlackRock Ba\u015fkan ve Y\u00f6netim Kurulu Ba\u015fkan\u0131 ve D\u00fcnya Ekonomik Forumu E\u015f Ba\u015fkan\u0131 Laurence Fink ile D\u00fcnya Ekonomik Forumu Ba\u015fkan ve \u0130cra Kurulu Ba\u015fkan\u0131 Alois Zwinggi, kat\u0131ld\u0131.<\/p>\n\n\n\n<p>Toplant\u0131 \u00e7er\u00e7evesinde ger\u00e7ekle\u015ftirilen oturumlarda Hazine ve Maliye Bakan\u0131 Mehmet \u015eim\u015fek, ekonomik istikrar ve makroekonomik politika alan\u0131nda kapsaml\u0131 bir sunum ger\u00e7ekle\u015ftirerek, T\u00fcrkiye\u2019nin reform g\u00fcndemi, mali disiplin yakla\u015f\u0131m\u0131 ve yat\u0131r\u0131m ortam\u0131n\u0131n g\u00fc\u00e7lendirilmesine y\u00f6nelik politikalar\u0131 de\u011ferlendirdi.<\/p>\n\n\n\n<p>Enerji ve Tabii Kaynaklar Bakan\u0131 Alparslan Bayraktar ise enerji g\u00fcvenli\u011fi ve kaynak y\u00f6netimi ba\u015fl\u0131kl\u0131 oturumda, T\u00fcrkiye\u2019nin enerji arz g\u00fcvenli\u011fi, \u00e7e\u015fitlendirme stratejileri ve enerji merkezi olma hedeflerini ele ald\u0131.<\/p>\n\n\n\n<p>D\u0131\u015fi\u015fleri Bakan\u0131 Hakan Fidan, T\u00fcrkiye\u2019nin b\u00f6lgesel istikrar ve g\u00fcvenlikteki rol\u00fc, jeoekonomik d\u00f6n\u00fc\u015f\u00fcm s\u00fcrecinde \u00fcstlendi\u011fi konum ve uluslararas\u0131 i\u015f birliklerinin g\u00fc\u00e7lendirilmesine y\u00f6nelik perspektifleri i\u00e7eren oturumu y\u00f6netti.<\/p>\n\n\n\n<p>K\u00fcresel ekonomide artan belirsizlikler, jeopolitik geli\u015fmeler ve de\u011fer zincirlerinin yeniden \u015fekillendi\u011fi bir d\u00f6nemde ger\u00e7ekle\u015ftirilen toplant\u0131, kamu ve \u00f6zel sekt\u00f6r aras\u0131nda diyalog ve i\u015f birli\u011fini g\u00fc\u00e7lendirmeyi, yat\u0131r\u0131m odakl\u0131 b\u00fcy\u00fcmeyi desteklemeyi ve T\u00fcrkiye\u2019nin k\u00fcresel ekonomide bir &#8220;ba\u011flant\u0131 noktas\u0131&#8221; olarak konumunu daha da peki\u015ftirmeyi hedefliyor. Toplant\u0131da ayr\u0131ca T\u00fcrkiye\u2019nin rekabet g\u00fcc\u00fcn\u00fcn art\u0131r\u0131lmas\u0131, ekonomik dayan\u0131kl\u0131l\u0131\u011f\u0131n g\u00fc\u00e7lendirilmesi, s\u00fcrd\u00fcr\u00fclebilir b\u00fcy\u00fcmenin desteklenmesi ve uluslararas\u0131 do\u011frudan yat\u0131r\u0131mlar\u0131n h\u0131zland\u0131r\u0131lmas\u0131na y\u00f6nelik somut i\u015f birli\u011fi alanlar\u0131 ele al\u0131nd\u0131.<\/p>\n\n\n\n<figure class=\"wp-block-image\"><img decoding=\"async\" src=\"https:\/\/cdn.iha.com.tr\/Contents\/26-03\/27\/aw670838_11.jpg\" alt=\"Cumhurba\u015fkan\u0131 Erdo\u011fan: \"\/><\/figure>\n\n\n\n<p>D\u00fcnya Ekonomik Forumu T\u00fcrkiye \u00dclke Stratejisi Toplant\u0131s\u0131, T\u00fcrkiye\u2019nin k\u00fcresel ekonomideki stratejik rol\u00fcn\u00fc peki\u015ftiren, \u00e7ok tarafl\u0131 i\u015f birli\u011fini te\u015fvik eden ve gelece\u011fe y\u00f6nelik ortak vizyonun g\u00fc\u00e7lendirilmesine katk\u0131 sa\u011flayan \u00f6nemli bir platform olarak \u00f6ne \u00e7\u0131k\u0131yor.<\/p>\n\n\n\n<p>Kaynak: \u0130HA<\/p>\n","protected":false},"excerpt":{"rendered":"<p>Cumhurba\u015fkan\u0131 Recep Tayyip Erdo\u011fan, &#8220;Enerji piyasalar\u0131nda \u00fcretim, bili\u015fim, ula\u015f\u0131m ve ticaret a\u011flar\u0131n\u0131n i\u015fleyi\u015fine kadar geni\u015f bir alanda sava\u015f\u0131n olumsuz etkilerini t\u00fcm d\u00fcnya hissediyor. Bir ayd\u0131r b\u00f6lgemizi sarsan bu anlams\u0131z, hukuksuz ve gereksiz sava\u015f\u0131n faturas\u0131n\u0131 \u00e7at\u0131\u015fmalar\u0131n taraf\u0131 kadar t\u00fcm insanl\u0131k da \u00f6d\u00fcyor. \u015eu bir ger\u00e7ek ki, \u00e7at\u0131\u015fmalar sona ermezse, \u00f6denecek fatura da kabaracakt\u0131r. Co\u011frafi mesafenin bu [&hellip;]<\/p>\n","protected":false},"author":1,"featured_media":10913,"comment_status":"open","ping_status":"open","sticky":false,"template":"","format":"standard","meta":{"footnotes":""},"categories":[11],"tags":[634,846,2590,3144,597,3143],"class_list":["post-10912","post","type-post","status-publish","format-standard","has-post-thumbnail","hentry","category-manset","tag-cevdet-yilmaz","tag-cumhurbaskani-erdogan","tag-disisleri-bakani-hakan-fidan","tag-dunya-ekonomik-forumu","tag-mehmet-simsek","tag-wef"],"_links":{"self":[{"href":"https:\/\/www.trabzonmanset.com\/index.php\/wp-json\/wp\/v2\/posts\/10912","targetHints":{"allow":["GET"]}}],"collection":[{"href":"https:\/\/www.trabzonmanset.com\/index.php\/wp-json\/wp\/v2\/posts"}],"about":[{"href":"https:\/\/www.trabzonmanset.com\/index.php\/wp-json\/wp\/v2\/types\/post"}],"author":[{"embeddable":true,"href":"https:\/\/www.trabzonmanset.com\/index.php\/wp-json\/wp\/v2\/users\/1"}],"replies":[{"embeddable":true,"href":"https:\/\/www.trabzonmanset.com\/index.php\/wp-json\/wp\/v2\/comments?post=10912"}],"version-history":[{"count":1,"href":"https:\/\/www.trabzonmanset.com\/index.php\/wp-json\/wp\/v2\/posts\/10912\/revisions"}],"predecessor-version":[{"id":10914,"href":"https:\/\/www.trabzonmanset.com\/index.php\/wp-json\/wp\/v2\/posts\/10912\/revisions\/10914"}],"wp:featuredmedia":[{"embeddable":true,"href":"https:\/\/www.trabzonmanset.com\/index.php\/wp-json\/wp\/v2\/media\/10913"}],"wp:attachment":[{"href":"https:\/\/www.trabzonmanset.com\/index.php\/wp-json\/wp\/v2\/media?parent=10912"}],"wp:term":[{"taxonomy":"category","embeddable":true,"href":"https:\/\/www.trabzonmanset.com\/index.php\/wp-json\/wp\/v2\/categories?post=10912"},{"taxonomy":"post_tag","embeddable":true,"href":"https:\/\/www.trabzonmanset.com\/index.php\/wp-json\/wp\/v2\/tags?post=10912"}],"curies":[{"name":"wp","href":"https:\/\/api.w.org\/{rel}","templated":true}]}}