{"id":10906,"date":"2026-03-27T11:55:00","date_gmt":"2026-03-27T08:55:00","guid":{"rendered":"https:\/\/www.trabzonmanset.com\/?p=10906"},"modified":"2026-03-27T14:59:21","modified_gmt":"2026-03-27T11:59:21","slug":"cumhurbaskani-erdogan-turkiye-olarak-baris-odakli-durusumuzu-surdurmeye-devam-edecegiz","status":"publish","type":"post","link":"https:\/\/www.trabzonmanset.com\/index.php\/2026\/03\/27\/cumhurbaskani-erdogan-turkiye-olarak-baris-odakli-durusumuzu-surdurmeye-devam-edecegiz\/","title":{"rendered":"Cumhurba\u015fkan\u0131 Erdo\u011fan: &#8220;T\u00fcrkiye olarak bar\u0131\u015f odakl\u0131 duru\u015fumuzu s\u00fcrd\u00fcrmeye devam edece\u011fiz&#8221;"},"content":{"rendered":"\n<p>Cumhurba\u015fkan\u0131 Recep Tayyip Erdo\u011fan, &#8220;T\u00fcrkiye olarak insani de\u011ferleri ve adaleti merkeze alan ilkeli, kararl\u0131 ve bar\u0131\u015f odakl\u0131 duru\u015fumuzu s\u00fcrd\u00fcrmeye; yaln\u0131zca b\u00f6lgemizde de\u011fil, t\u00fcm d\u00fcnyada huzur ve g\u00fcvenin yeniden in\u015fa edilmesi i\u00e7in t\u00fcm imkanlar\u0131m\u0131z\u0131 seferber etmeye kararl\u0131l\u0131kla devam edece\u011fiz&#8221; dedi.<\/p>\n\n\n\n<p>Cumhurba\u015fkan\u0131 Recep Tayyip Erdo\u011fan, \u0130leti\u015fim Ba\u015fkanl\u0131\u011f\u0131nca \u0130stanbul\u2019da d\u00fczenlenen &#8220;STRATCOM Zirvesi 2026&#8221; program\u0131na video mesaj g\u00f6nderdi. Konu\u015fmas\u0131na kat\u0131l\u0131mc\u0131lar\u0131 \u0130stanbul\u2019da a\u011f\u0131rlamaktan memnuniyet duydu\u011funu ifade ederek ba\u015flayan Cumhurba\u015fkan\u0131 Erdo\u011fan, &#8220;Uluslararas\u0131 sistemde kopu\u015f, krizler, anlat\u0131lar ve d\u00fczen aray\u0131\u015f\u0131 temas\u0131yla tertip edilen bu \u00f6nemli zirvenin hepimiz i\u00e7in hay\u0131rlara vesile olmas\u0131n\u0131 diliyorum. Liderlik diplomasisinden dijital d\u00f6n\u00fc\u015f\u00fcme, \u00e7at\u0131\u015fma \u00e7\u00f6z\u00fcm\u00fcnden k\u00fcresel iklim y\u00f6neti\u015fimine, g\u00f6\u00e7 ve sosyal politikalardan kriz y\u00f6netimine, iki g\u00fcn boyunca \u00e7ok geni\u015f bir yelpazede tertiplenecek panel ve oturumlar\u0131n t\u00fcm insanl\u0131k i\u00e7in faydal\u0131 sonu\u00e7lar getirmesini temenni ediyorum. Fikirleri, tespitleri, teklif ve de\u011ferlendirmeleriyle zirveye yapacaklar\u0131 k\u0131ymetli katk\u0131lardan \u00f6t\u00fcr\u00fc kat\u0131l\u0131mc\u0131lara \u015fimdiden \u015f\u00fckranlar\u0131m\u0131 sunuyorum&#8221; dedi.<\/p>\n\n\n\n<p><strong>&#8220;T\u00fcrkiye olarak bar\u0131\u015f odakl\u0131 duru\u015fumuzu s\u00fcrd\u00fcrmeye devam edece\u011fiz&#8221;<\/strong><\/p>\n\n\n\n<p>2. D\u00fcnya Sava\u015f\u0131 sonras\u0131 galipler eliyle tesis edilen uluslararas\u0131 sistemin neredeyse her alanda b\u00fcy\u00fck bir me\u015fruiyet krizi ya\u015fad\u0131\u011f\u0131n\u0131 ifade eden Cumhurba\u015fkan\u0131 Erdo\u011fan, &#8220;Sistemin temelini te\u015fkil eden kurum, kural ve de\u011ferler manzumesi g\u00fcnden g\u00fcne i\u015flevini yitiriyor. G\u00fc\u00e7 rekabetinin enerji, teknoloji ve ticaret gibi farkl\u0131 alanlara yay\u0131ld\u0131\u011f\u0131, sorunlar\u0131n diyalog yerine silahla \u00e7\u00f6z\u00fclmeye \u00e7al\u0131\u015f\u0131ld\u0131\u011f\u0131, soyk\u0131r\u0131mlar\u0131n, sava\u015flar\u0131n ve krizlerin giderek daha da t\u0131rmand\u0131\u011f\u0131 zorlu bir d\u00f6nemden ge\u00e7iyoruz. Gazze\u2019de oldu\u011fu gibi hepimizin y\u00fcre\u011fini s\u0131zlatan trajedilerin sona ermesi b\u00f6lgemiz ba\u015fta olmak \u00fczere t\u00fcm d\u00fcnyada bar\u0131\u015f, huzur ve istikrar\u0131n yeniden temin edilmesi ge\u00e7mi\u015fte hi\u00e7 olmad\u0131\u011f\u0131 kadar \u00f6nemlidir. Hakikat asl\u0131nda g\u00fcn gibi ortadayken ger\u00e7ekleri tahrif etmek \u00fczere kurgulanan yeni ve sahte anlat\u0131lar\u0131n \u00f6n\u00fcne ge\u00e7ebilmek i\u00e7in ileti\u015fim ve i\u015f birli\u011fi mekanizmalar\u0131n\u0131 bug\u00fcn daha da g\u00fc\u00e7lendirmek zorunday\u0131z. Bu noktada devlet ve h\u00fck\u00fcmetlerin yan\u0131 s\u0131ra akademisyenlerden sivil toplum ve d\u00fc\u015f\u00fcnce kurulu\u015flar\u0131na, uluslararas\u0131 akt\u00f6rlerin daha fazla inisiyatif almas\u0131 ve daha aktif olmas\u0131 ka\u00e7\u0131n\u0131lmazd\u0131r. T\u00fcrkiye olarak insani de\u011ferleri ve adaleti merkeze alan ilkeli, kararl\u0131 ve bar\u0131\u015f odakl\u0131 duru\u015fumuzu s\u00fcrd\u00fcrmeye yaln\u0131zca b\u00f6lgemizde de\u011fil, t\u00fcm d\u00fcnyada huzur ve g\u00fcvenin yeniden in\u015fa edilmesi i\u00e7in t\u00fcm imkanlar\u0131m\u0131z\u0131 seferber etmeye kararl\u0131l\u0131kla devam edece\u011fiz. Rabbim yar ve yard\u0131mc\u0131m\u0131z olsun diyorum&#8221; diye konu\u015ftu.<\/p>\n\n\n\n<p>Kaynak: \u0130HA<\/p>\n","protected":false},"excerpt":{"rendered":"<p>Cumhurba\u015fkan\u0131 Recep Tayyip Erdo\u011fan, &#8220;T\u00fcrkiye olarak insani de\u011ferleri ve adaleti merkeze alan ilkeli, kararl\u0131 ve bar\u0131\u015f odakl\u0131 duru\u015fumuzu s\u00fcrd\u00fcrmeye; yaln\u0131zca b\u00f6lgemizde de\u011fil, t\u00fcm d\u00fcnyada huzur ve g\u00fcvenin yeniden in\u015fa edilmesi i\u00e7in t\u00fcm imkanlar\u0131m\u0131z\u0131 seferber etmeye kararl\u0131l\u0131kla devam edece\u011fiz&#8221; dedi. Cumhurba\u015fkan\u0131 Recep Tayyip Erdo\u011fan, \u0130leti\u015fim Ba\u015fkanl\u0131\u011f\u0131nca \u0130stanbul\u2019da d\u00fczenlenen &#8220;STRATCOM Zirvesi 2026&#8221; program\u0131na video mesaj g\u00f6nderdi. Konu\u015fmas\u0131na [&hellip;]<\/p>\n","protected":false},"author":1,"featured_media":10907,"comment_status":"open","ping_status":"open","sticky":false,"template":"","format":"standard","meta":{"footnotes":""},"categories":[11],"tags":[846,550,620,4677,4678],"class_list":["post-10906","post","type-post","status-publish","format-standard","has-post-thumbnail","hentry","category-manset","tag-cumhurbaskani-erdogan","tag-gundem","tag-recep-tayyip-erdogan","tag-stratcom","tag-stratcom-zirvesi-2026"],"_links":{"self":[{"href":"https:\/\/www.trabzonmanset.com\/index.php\/wp-json\/wp\/v2\/posts\/10906","targetHints":{"allow":["GET"]}}],"collection":[{"href":"https:\/\/www.trabzonmanset.com\/index.php\/wp-json\/wp\/v2\/posts"}],"about":[{"href":"https:\/\/www.trabzonmanset.com\/index.php\/wp-json\/wp\/v2\/types\/post"}],"author":[{"embeddable":true,"href":"https:\/\/www.trabzonmanset.com\/index.php\/wp-json\/wp\/v2\/users\/1"}],"replies":[{"embeddable":true,"href":"https:\/\/www.trabzonmanset.com\/index.php\/wp-json\/wp\/v2\/comments?post=10906"}],"version-history":[{"count":1,"href":"https:\/\/www.trabzonmanset.com\/index.php\/wp-json\/wp\/v2\/posts\/10906\/revisions"}],"predecessor-version":[{"id":10908,"href":"https:\/\/www.trabzonmanset.com\/index.php\/wp-json\/wp\/v2\/posts\/10906\/revisions\/10908"}],"wp:featuredmedia":[{"embeddable":true,"href":"https:\/\/www.trabzonmanset.com\/index.php\/wp-json\/wp\/v2\/media\/10907"}],"wp:attachment":[{"href":"https:\/\/www.trabzonmanset.com\/index.php\/wp-json\/wp\/v2\/media?parent=10906"}],"wp:term":[{"taxonomy":"category","embeddable":true,"href":"https:\/\/www.trabzonmanset.com\/index.php\/wp-json\/wp\/v2\/categories?post=10906"},{"taxonomy":"post_tag","embeddable":true,"href":"https:\/\/www.trabzonmanset.com\/index.php\/wp-json\/wp\/v2\/tags?post=10906"}],"curies":[{"name":"wp","href":"https:\/\/api.w.org\/{rel}","templated":true}]}}