{"id":10900,"date":"2026-03-27T12:31:00","date_gmt":"2026-03-27T09:31:00","guid":{"rendered":"https:\/\/www.trabzonmanset.com\/?p=10900"},"modified":"2026-03-27T14:35:45","modified_gmt":"2026-03-27T11:35:45","slug":"egm-trafik-daire-baskani-mutludan-standart-ve-app-plaka-arasindaki-farklarla-ilgili-aciklama","status":"publish","type":"post","link":"https:\/\/www.trabzonmanset.com\/index.php\/2026\/03\/27\/egm-trafik-daire-baskani-mutludan-standart-ve-app-plaka-arasindaki-farklarla-ilgili-aciklama\/","title":{"rendered":"EGM Trafik Daire Ba\u015fkan\u0131 Mutlu\u2019dan standart ve \u2018APP\u2019 plaka aras\u0131ndaki farklarla ilgili a\u00e7\u0131klama"},"content":{"rendered":"\n<p>Emniyet Genel M\u00fcd\u00fcrl\u00fc\u011f\u00fc (EGM) Trafik Ba\u015fkan\u0131 \u00dcmit Mutlu, APP ve standart plaka aras\u0131ndaki farklarla ilgili yapt\u0131\u011f\u0131 a\u00e7\u0131klamada, &#8220;Plakada karekod olmamas\u0131 onun sahte oldu\u011fu anlam\u0131na gelmez. M\u00fchr\u00fcn ve g\u00fcvenlik i\u015faretlerinin olmas\u0131, plakan\u0131n standartlara uygun ve ge\u00e7erli olmas\u0131 i\u00e7in yeterlidir&#8221; dedi.<\/p>\n\n\n\n<p>Emniyet Genel M\u00fcd\u00fcrl\u00fc\u011f\u00fc Trafik Ba\u015fkan\u0131 \u00dcmit Mutlu, Konya Yolu\u2019ndaki trafik kontrol noktas\u0131nda, kanuna ayk\u0131r\u0131 olan \u2019Amerikan Pres Plaka\u2019 (APP) ile standart plaka aras\u0131ndaki farklarla ilgili a\u00e7\u0131klamalarda bulundu. Teknik detaylarla ilgili konu\u015fan Ba\u015fkan Mutlu, \u015funlar\u0131 dedi:<\/p>\n\n\n\n<figure class=\"wp-block-image\"><img decoding=\"async\" src=\"https:\/\/cdn.iha.com.tr\/Contents\/26-03\/27\/aw670509_01.jpg\" alt=\"EGM Trafik Daire Ba\u015fkan\u0131 Mutlu\u2019dan standart ve \u2018APP\u2019 plaka aras\u0131ndaki farklarla ilgili a\u00e7\u0131klama\"\/><\/figure>\n\n\n\n<p>&#8220;Plakan\u0131n \u00fczerinde T\u015eOF\u2019un m\u00fchr\u00fc bulunmas\u0131 gerekiyor. Sol tarafta, \u00fclkemizin uluslararas\u0131 g\u00fcvenlik i\u015fareti olan TR rumuzu bulunmal\u0131d\u0131r. Her plakan\u0131n \u00fczerinde hologram ve g\u00fcvenlik \u015feridi bulunmas\u0131 gerekli. Plakalar\u0131n \u00fczerinde tekrar eden kare kutucuklar i\u00e7inde ay ve y\u0131ld\u0131z ile TR g\u00fcvenlik i\u015faretleri yer almaktad\u0131r. 1 Ocak 2024 tarihinden itibaren bas\u0131lan plakalara ek olarak karekod ve 12 haneli seri numaras\u0131 eklenmi\u015ftir. Ancak plakada karekod olmamas\u0131 onun sahte oldu\u011fu anlam\u0131na gelmez. M\u00fchr\u00fcn ve g\u00fcvenlik i\u015faretlerinin olmas\u0131, plakan\u0131n standartlara uygun ve ge\u00e7erli olmas\u0131 i\u00e7in yeterlidir.&#8221;<\/p>\n\n\n\n<p><strong>&#8220;Denetimlerinde kal\u0131n harfli plakalar i\u00e7in herhangi bir cezai yapt\u0131r\u0131m uygulanmayacakt\u0131r&#8221;<\/strong><\/p>\n\n\n\n<p>Her kal\u0131n yaz\u0131l\u0131 plakan\u0131n standart d\u0131\u015f\u0131 olmad\u0131\u011f\u0131na de\u011finen Ba\u015fkan Mutlu, &#8220;Plaka \u00fczerinde yetkili kurulu\u015fun m\u00fchr\u00fc var, di\u011fer g\u00fcvenlik i\u015faretleri var ancak harf ve rakamlar normal standarttan biraz daha kal\u0131n. Bu plakalar da ge\u00e7erlidir. Ara\u00e7 sahiplerinin bu plakalar\u0131 yenileme zorunlulu\u011fu yoktur. Vatanda\u015flar\u0131m\u0131z bu plakalarla ara\u00e7lar\u0131n\u0131 kullanabilir. Trafik denetimlerinde bu kal\u0131n harfli plakalar i\u00e7in herhangi bir cezai yapt\u0131r\u0131m uygulanmayacakt\u0131r&#8221; ifadelerine yer verdi.<\/p>\n\n\n\n<figure class=\"wp-block-image\"><img decoding=\"async\" src=\"https:\/\/cdn.iha.com.tr\/Contents\/26-03\/27\/aw670509_04.jpg\" alt=\"EGM Trafik Daire Ba\u015fkan\u0131 Mutlu\u2019dan standart ve \u2018APP\u2019 plaka aras\u0131ndaki farklarla ilgili a\u00e7\u0131klama\"\/><\/figure>\n\n\n\n<p><strong>&#8220;1 Nisan\u2019a kadar bilgilendirme yapaca\u011f\u0131z ancak bu tarihten itibaren m\u00fch\u00fcrs\u00fcz plakalar i\u00e7in denetimler ba\u015flayacak&#8221;<\/strong><\/p>\n\n\n\n<p>Denetimlerin Mart ay\u0131 sonuna kadar bilgilendirme ama\u00e7l\u0131 yap\u0131laca\u011f\u0131n\u0131 dile getiren Mutlu, &#8220;\u00dczerinde m\u00fch\u00fcr olmayan plaka kullanan vatanda\u015flar\u0131m\u0131z\u0131n bunlar\u0131 1 Nisan\u2019a kadar m\u00fch\u00fcrl\u00fc ve resmi plakalarla de\u011fi\u015ftirmelerini tavsiye ediyoruz. 1 Nisan\u2019a kadar bilgilendirme yapaca\u011f\u0131z ancak bu tarihten itibaren m\u00fch\u00fcrs\u00fcz plakalar i\u00e7in denetimler ba\u015flayacak; bunlar\u0131n adli ve idari yapt\u0131r\u0131mlar\u0131 olacakt\u0131r. Vatanda\u015flar\u0131m\u0131z m\u00fch\u00fcrs\u00fcz plaka kullanmaktan vazge\u00e7sinler&#8221; diye konu\u015ftu. Mutlu, konu\u015fmas\u0131n\u0131n ard\u0131ndan standart ve m\u00fch\u00fcrs\u00fcz sahte plakalar aras\u0131ndaki farklar\u0131 g\u00f6sterdi ve vatanda\u015flar\u0131n kendi plakalar\u0131nda hangi \u00f6zelliklere dikkat etmesi gerekti\u011fini anlatt\u0131.<\/p>\n\n\n\n<figure class=\"wp-block-image\"><img decoding=\"async\" src=\"https:\/\/cdn.iha.com.tr\/Contents\/26-03\/27\/aw670509_05.jpg\" alt=\"EGM Trafik Daire Ba\u015fkan\u0131 Mutlu\u2019dan standart ve \u2018APP\u2019 plaka aras\u0131ndaki farklarla ilgili a\u00e7\u0131klama\"\/><\/figure>\n\n\n\n<p>Kaynak: \u0130HA<\/p>\n\n\n\n<p><\/p>\n\n\n\n<p><\/p>\n","protected":false},"excerpt":{"rendered":"<p>Emniyet Genel M\u00fcd\u00fcrl\u00fc\u011f\u00fc (EGM) Trafik Ba\u015fkan\u0131 \u00dcmit Mutlu, APP ve standart plaka aras\u0131ndaki farklarla ilgili yapt\u0131\u011f\u0131 a\u00e7\u0131klamada, &#8220;Plakada karekod olmamas\u0131 onun sahte oldu\u011fu anlam\u0131na gelmez. M\u00fchr\u00fcn ve g\u00fcvenlik i\u015faretlerinin olmas\u0131, plakan\u0131n standartlara uygun ve ge\u00e7erli olmas\u0131 i\u00e7in yeterlidir&#8221; dedi. Emniyet Genel M\u00fcd\u00fcrl\u00fc\u011f\u00fc Trafik Ba\u015fkan\u0131 \u00dcmit Mutlu, Konya Yolu\u2019ndaki trafik kontrol noktas\u0131nda, kanuna ayk\u0131r\u0131 olan \u2019Amerikan [&hellip;]<\/p>\n","protected":false},"author":1,"featured_media":10901,"comment_status":"open","ping_status":"open","sticky":false,"template":"","format":"standard","meta":{"footnotes":""},"categories":[1371,1],"tags":[4458,4462,4145,4674,4673],"class_list":["post-10900","post","type-post","status-publish","format-standard","has-post-thumbnail","hentry","category-asayis","category-gundem","tag-app-plaka","tag-egm","tag-emniyet-genel-mudurlugu","tag-muhur","tag-umit-mutlu"],"_links":{"self":[{"href":"https:\/\/www.trabzonmanset.com\/index.php\/wp-json\/wp\/v2\/posts\/10900","targetHints":{"allow":["GET"]}}],"collection":[{"href":"https:\/\/www.trabzonmanset.com\/index.php\/wp-json\/wp\/v2\/posts"}],"about":[{"href":"https:\/\/www.trabzonmanset.com\/index.php\/wp-json\/wp\/v2\/types\/post"}],"author":[{"embeddable":true,"href":"https:\/\/www.trabzonmanset.com\/index.php\/wp-json\/wp\/v2\/users\/1"}],"replies":[{"embeddable":true,"href":"https:\/\/www.trabzonmanset.com\/index.php\/wp-json\/wp\/v2\/comments?post=10900"}],"version-history":[{"count":1,"href":"https:\/\/www.trabzonmanset.com\/index.php\/wp-json\/wp\/v2\/posts\/10900\/revisions"}],"predecessor-version":[{"id":10902,"href":"https:\/\/www.trabzonmanset.com\/index.php\/wp-json\/wp\/v2\/posts\/10900\/revisions\/10902"}],"wp:featuredmedia":[{"embeddable":true,"href":"https:\/\/www.trabzonmanset.com\/index.php\/wp-json\/wp\/v2\/media\/10901"}],"wp:attachment":[{"href":"https:\/\/www.trabzonmanset.com\/index.php\/wp-json\/wp\/v2\/media?parent=10900"}],"wp:term":[{"taxonomy":"category","embeddable":true,"href":"https:\/\/www.trabzonmanset.com\/index.php\/wp-json\/wp\/v2\/categories?post=10900"},{"taxonomy":"post_tag","embeddable":true,"href":"https:\/\/www.trabzonmanset.com\/index.php\/wp-json\/wp\/v2\/tags?post=10900"}],"curies":[{"name":"wp","href":"https:\/\/api.w.org\/{rel}","templated":true}]}}