{"id":10888,"date":"2026-03-26T19:29:00","date_gmt":"2026-03-26T16:29:00","guid":{"rendered":"https:\/\/www.trabzonmanset.com\/?p=10888"},"modified":"2026-03-26T22:30:50","modified_gmt":"2026-03-26T19:30:50","slug":"eski-ak-parti-milletvekili-bayram-ali-bayramoglu-tutuklandi","status":"publish","type":"post","link":"https:\/\/www.trabzonmanset.com\/index.php\/2026\/03\/26\/eski-ak-parti-milletvekili-bayram-ali-bayramoglu-tutuklandi\/","title":{"rendered":"Eski AK Parti Milletvekili Bayram Ali Bayramo\u011flu tutukland\u0131"},"content":{"rendered":"\n<p>\u0130stanbul Cumhuriyet Ba\u015fsavc\u0131l\u0131\u011f\u0131\u2019nca y\u00fcr\u00fct\u00fclen soru\u015fturma kapsam\u0131nda adliyeye sevk edilen eski M\u00dcS\u0130AD Ba\u015fkan\u0131 Bayram Ali Bayramo\u011flu, \u00e7\u0131kar\u0131ld\u0131\u011f\u0131 n\u00f6bet\u00e7i hakimlik\u00e7e &#8216;izinsiz sermaye piyasas\u0131 faaliyeti&#8217; su\u00e7undan tutukland\u0131.<\/p>\n\n\n\n<p>Eski AK Parti Milletvekili Bayram Ali Bayramo\u011flu, izinsiz sermaye piyasas\u0131 faaliyeti su\u00e7undan tutukland\u0131.<\/p>\n\n\n\n<h3 class=\"wp-block-heading\">SORU\u015eTURMA, SPK&#8217;NIN SU\u00c7 DUYURUSUYLA BA\u015eLADI<\/h3>\n\n\n\n<p>Baz\u0131 finansal hizmet ve ticaret \u015firketlerinin usuls\u00fcz \u015fekilde banka hesaplar\u0131yla izinsiz ve kald\u0131ra\u00e7l\u0131 al\u0131m sat\u0131m yapt\u0131\u011f\u0131 iddias\u0131na ili\u015fkin Sermaye Piyasas\u0131 Kurulu&#8217;nun (SPK) su\u00e7 duyurusunda bulunmas\u0131 \u00fczerine \u0130stanbul Cumhuriyet Ba\u015fsavc\u0131l\u0131\u011f\u0131&#8217;nca y\u00fcr\u00fct\u00fclen soru\u015fturma s\u00fcr\u00fcyor.<\/p>\n\n\n\n<h3 class=\"wp-block-heading\">BAYRAM AL\u0130 BAYRAMO\u011eLU TUTUKLANDI<\/h3>\n\n\n\n<p>Soru\u015fturma kapsam\u0131nda eski Rize milletvekili ve M\u00dcS\u0130AD eski Ba\u015fkan\u0131 Bayram Ali Bayramo\u011flu d\u00fcn Ankara&#8217;da g\u00f6zalt\u0131na al\u0131nd\u0131, daha sonra \u0130stanbul&#8217;a getirildi. Bir d\u00f6nem M\u00dcS\u0130AD Kurucu \u00dcyesi ve Kurucu Genel Ba\u015fkan Yard\u0131mc\u0131s\u0131 da olan Bayramo\u011flu, \u00c7a\u011flayan&#8217;daki \u0130stanbul Adalet Saray\u0131&#8217;na sevk edildi.<\/p>\n\n\n\n<p><img loading=\"lazy\" decoding=\"async\" width=\"300\" height=\"200\" src=\"https:\/\/foto.haberler.com\/haber\/2026\/03\/26\/eski-ak-parti-milletvekili-bay-19691233-8021_1_m.jpg\" alt=\"Bayram Ali Bayramo\u011flu\"><\/p>\n\n\n\n<p>Bayram Ali Bayramo\u011flu<\/p>\n\n\n\n<p>Burada Savc\u0131l\u0131\u011fa ifade veren Bayramo\u011flu, daha sonra &#8216;izinsiz sermaye piyasas\u0131 faaliyeti&#8217; su\u00e7undan tutuklama talebiyle n\u00f6bet\u00e7i hakimli\u011fe \u00e7\u0131kar\u0131ld\u0131. Mahkeme, Bayramo\u011flu hakk\u0131nda tutuklama karar\u0131 verdi.<\/p>\n\n\n\n<h3 class=\"wp-block-heading\">BAYRAM AL\u0130 BAYRAMO\u011eLU K\u0130MD\u0130R?<\/h3>\n\n\n\n<p>Bayram Ali Bayramo\u011flu, 7 Eyl\u00fcl 1958&#8217;de Rize&#8217;de do\u011fdu. Baba ad\u0131 Mehmet, anne ad\u0131 Fatma&#8217;d\u0131r.&nbsp;Sanayici; \u0130stanbul \u00dcniversitesi Tekirda\u011f Meslek Y\u00fcksek Okulu Pazarlama-\u0130ktisat B\u00f6l\u00fcm\u00fc&#8217;n\u00fc bitirdi.<\/p>\n\n\n\n<p>Yurti\u00e7i ve yurtd\u0131\u015f\u0131 in\u015faat, madencilik, d\u0131\u015f ticaret, \u00e7ay ve mum imalat\u0131 ile enerji alanlar\u0131nda faaliyet g\u00f6steren \u015firketlerin y\u00f6neticili\u011fini yapt\u0131. M\u00dcS\u0130AD Kurucu \u00dcyesi ve Kurucu Genel Ba\u015fkan Yard\u0131mc\u0131s\u0131 oldu. 1997-2004 y\u0131llar\u0131 aras\u0131nda da M\u00dcS\u0130AD Genel Ba\u015fkan\u0131 olan Bayramo\u011flu halen M\u00dcS\u0130AD Y\u00fcksek \u0130sti\u015fare Kurulu \u00dcyesidir. \u0130stanbul Ticaret Odas\u0131&#8217;nda Meclis \u00dcyesi olarak g\u00f6rev yapt\u0131. DE\u0130K b\u00fcnyesinde T\u00fcrk-Suudi Arabistan \u0130\u015f Konseyi Ba\u015fkanl\u0131\u011f\u0131; T\u00fcrk i\u015f alemi ile di\u011fer Arap \u00fclkeleri aras\u0131nda i\u015f geli\u015ftirme koordinat\u00f6rl\u00fc\u011f\u00fc; Uluslararas\u0131 \u0130\u015f Forumu&#8217;nun (IBF) Genel Koordinat\u00f6rl\u00fc\u011f\u00fc ile D\u00fcnya Ticaret Merkezi&#8217;nin T\u00fcrkiye ile ili\u015fkilerinde dan\u0131\u015fmanl\u0131k g\u00f6revi halen devam etmektedir. Ayr\u0131ca, Rizespor ve Kas\u0131mpa\u015faspor Kul\u00fcplerinde y\u00f6neticilik yapt\u0131. Halen BJK&#8217;nin Genel Kurul \u00dcyesidir.<\/p>\n\n\n\n<p>23. D\u00f6nem&#8217;de AK Parti Rize Milletvekilli\u011fi yapt\u0131. (\u0130K\u00d6PAB) T\u00fcrk Grubu \u00dcyesi oldu.&nbsp;\u0130ngilizce bilen Bayramo\u011flu, evli ve 1 \u00e7ocuk babas\u0131d\u0131r.<\/p>\n","protected":false},"excerpt":{"rendered":"<p>\u0130stanbul Cumhuriyet Ba\u015fsavc\u0131l\u0131\u011f\u0131\u2019nca y\u00fcr\u00fct\u00fclen soru\u015fturma kapsam\u0131nda adliyeye sevk edilen eski M\u00dcS\u0130AD Ba\u015fkan\u0131 Bayram Ali Bayramo\u011flu, \u00e7\u0131kar\u0131ld\u0131\u011f\u0131 n\u00f6bet\u00e7i hakimlik\u00e7e &#8216;izinsiz sermaye piyasas\u0131 faaliyeti&#8217; su\u00e7undan tutukland\u0131. Eski AK Parti Milletvekili Bayram Ali Bayramo\u011flu, izinsiz sermaye piyasas\u0131 faaliyeti su\u00e7undan tutukland\u0131. SORU\u015eTURMA, SPK&#8217;NIN SU\u00c7 DUYURUSUYLA BA\u015eLADI Baz\u0131 finansal hizmet ve ticaret \u015firketlerinin usuls\u00fcz \u015fekilde banka hesaplar\u0131yla izinsiz ve kald\u0131ra\u00e7l\u0131 [&hellip;]<\/p>\n","protected":false},"author":1,"featured_media":10889,"comment_status":"open","ping_status":"open","sticky":false,"template":"","format":"standard","meta":{"footnotes":""},"categories":[1],"tags":[4665,3536],"class_list":["post-10888","post","type-post","status-publish","format-standard","has-post-thumbnail","hentry","category-gundem","tag-bayram-ali-bayramoglu","tag-musiad"],"_links":{"self":[{"href":"https:\/\/www.trabzonmanset.com\/index.php\/wp-json\/wp\/v2\/posts\/10888","targetHints":{"allow":["GET"]}}],"collection":[{"href":"https:\/\/www.trabzonmanset.com\/index.php\/wp-json\/wp\/v2\/posts"}],"about":[{"href":"https:\/\/www.trabzonmanset.com\/index.php\/wp-json\/wp\/v2\/types\/post"}],"author":[{"embeddable":true,"href":"https:\/\/www.trabzonmanset.com\/index.php\/wp-json\/wp\/v2\/users\/1"}],"replies":[{"embeddable":true,"href":"https:\/\/www.trabzonmanset.com\/index.php\/wp-json\/wp\/v2\/comments?post=10888"}],"version-history":[{"count":1,"href":"https:\/\/www.trabzonmanset.com\/index.php\/wp-json\/wp\/v2\/posts\/10888\/revisions"}],"predecessor-version":[{"id":10890,"href":"https:\/\/www.trabzonmanset.com\/index.php\/wp-json\/wp\/v2\/posts\/10888\/revisions\/10890"}],"wp:featuredmedia":[{"embeddable":true,"href":"https:\/\/www.trabzonmanset.com\/index.php\/wp-json\/wp\/v2\/media\/10889"}],"wp:attachment":[{"href":"https:\/\/www.trabzonmanset.com\/index.php\/wp-json\/wp\/v2\/media?parent=10888"}],"wp:term":[{"taxonomy":"category","embeddable":true,"href":"https:\/\/www.trabzonmanset.com\/index.php\/wp-json\/wp\/v2\/categories?post=10888"},{"taxonomy":"post_tag","embeddable":true,"href":"https:\/\/www.trabzonmanset.com\/index.php\/wp-json\/wp\/v2\/tags?post=10888"}],"curies":[{"name":"wp","href":"https:\/\/api.w.org\/{rel}","templated":true}]}}